{"id":1899,"date":"2021-01-18T18:14:18","date_gmt":"2021-01-18T21:14:18","guid":{"rendered":"https:\/\/radiorevelacionfm.cl\/?p=1899"},"modified":"2021-01-18T18:14:18","modified_gmt":"2021-01-18T21:14:18","slug":"comenzo-el-historico-proceso-de-vacunacion-covid-19-en-la-region-de-aysen","status":"publish","type":"post","link":"https:\/\/radiorevelacionfm.cl\/?p=1899","title":{"rendered":"Comenz\u00f3 el hist\u00f3rico proceso de vacunaci\u00f3n COVID-19 en la regi\u00f3n de Ays\u00e9n"},"content":{"rendered":"<div class=\"flex_column av_one_full  flex_column_div av-zero-column-padding first  avia-builder-el-0  el_before_av_one_full  avia-builder-el-first  \" style='border-radius:0px; '><div  class='avia-image-container  av-styling-    avia-builder-el-1  avia-builder-el-no-sibling  avia-align-center '  itemprop=\"image\" itemscope=\"itemscope\" itemtype=\"https:\/\/schema.org\/ImageObject\"  ><div class='avia-image-container-inner'><div class='avia-image-overlay-wrap'><img decoding=\"async\" class='wp-image-0 avia-img-lazy-loading-not-0 avia_image' src=\"https:\/\/radiorevelacionfm.cl\/wp-content\/uploads\/2021\/01\/prensa4.jpeg\" alt='' title=''   itemprop=\"thumbnailUrl\"  \/><\/div><\/div><\/div><\/div><div class=\"flex_column av_one_full  flex_column_div av-zero-column-padding first  avia-builder-el-2  el_after_av_one_full  el_before_av_one_full  column-top-margin\" style='border-radius:0px; '><section class=\"av_textblock_section \"  itemscope=\"itemscope\" itemtype=\"https:\/\/schema.org\/BlogPosting\" itemprop=\"blogPost\" ><div class='avia_textblock  '   itemprop=\"text\" ><p style=\"text-align: center;\"><span style=\"font-size: 18pt;\"><strong>Comenz\u00f3 el hist\u00f3rico proceso de vacunaci\u00f3n COVID-19 en la regi\u00f3n de Ays\u00e9n<\/strong><\/span><\/p>\n<div id=\"gtx-trans\" style=\"position: absolute; left: -50px; top: 4.31534px;\">\n<div class=\"gtx-trans-icon\"><\/div>\n<\/div>\n<\/div><\/section><\/div><div class=\"flex_column av_one_full  flex_column_div av-zero-column-padding first  avia-builder-el-4  el_after_av_one_full  el_before_av_hr  column-top-margin\" style='border-radius:0px; '><section class=\"av_textblock_section \"  itemscope=\"itemscope\" itemtype=\"https:\/\/schema.org\/BlogPosting\" itemprop=\"blogPost\" ><div class='avia_textblock  '   itemprop=\"text\" ><p style=\"text-align: justify;\"><em>La asistente social Isabel Mu\u00f1oz, el TENS Jos\u00e9 Millalonco y las enfermeras Ver\u00f3nica Gajardo y T\u00e1mara Manr\u00edquez, fueron los primeros en ser vacunados contra el COVID-19 en la regi\u00f3n de Ays\u00e9n. Al igual que ellos, personal de la atenci\u00f3n primaria y SENAME ser\u00e1n inoculados.<\/em><\/p>\n<p style=\"text-align: justify;\">Tras la llegada del primer embarque de vacunas del laboratorio Pfizer a la regi\u00f3n de Ays\u00e9n, de inmediato comenz\u00f3 el proceso de vacunaci\u00f3n. Son 2.050 dosis, que en esta primera etapa estar\u00e1n destinadas al personal de la Red de Salud y funcionarios del SENAME.<\/p>\n<p style=\"text-align: justify;\">As\u00ed entonces, este lunes, en el Aeropuerto de Balmaceda, arribaron las primeras vacunas y posteriormente, en el Hospital Regional de Coyhaique, parti\u00f3 el proceso de vacunaci\u00f3n, el cual fue encabezado por el Intendente de Ays\u00e9n (s), V\u00edctor Oyarz\u00fan; la seremi de Salud, Alejandra Valdevenito, el director del Servicio de Salud Ays\u00e9n, Gabriel Burgos y el director del Hospital Regional Coyhaique, Jaime L\u00f3pez.<\/p>\n<p style=\"text-align: justify;\">Consultado el Intendente (s) V\u00edctor Oyarz\u00fan sobre el proceso de vacunaci\u00f3n, la autoridad explic\u00f3 su \u201calegr\u00eda porque el d\u00eda de hoy se marca un antes y un despu\u00e9s respecto al combate a esta pandemia\u201d agregando que \u201ca nuestra regi\u00f3n llegaron alrededor de 2.050 dosis y servir\u00e1n para inocular a todo el personal de salud \u2013que est\u00e1n en la primera l\u00ednea de combate de esta pandemia \u2013 y nosotros como Gobierno hemos estado liderando lo que es la coordinaci\u00f3n entre los distintos servicios p\u00fablicos que est\u00e1n participando en esta gran estrategia que hemos realizado a nivel regional que durante 48 horas realizaremos en toda la regi\u00f3n inoculando al personal de salud; ha sido una gran labor, una gran tarea, en la cual sentimos que todos los funcionarios involucrados han estado a la altura de que se espera respecto a esta gran tarea\u201d.<\/p>\n<p style=\"text-align: justify;\">En tanto, Alejandra Valdebenito, seremi de Salud, enfatiz\u00f3 que \u201choy se est\u00e1 viviendo un hito que marca gran parte de la historia de la salud p\u00fablica de la regi\u00f3n, y que comienza el 24 de diciembre en Chile con el primer desembarco de las vacunas Pfizer. Estas vacunas que est\u00e1n llegando y que ustedes han podido presenciar la inoculaci\u00f3n en cuatro funcionarios del Hospital Regional Coyhaique, son parte de este tercer desembarco. Hoy d\u00eda principalmente vamos a trabajar en la comuna de Coyhaique y en la comuna de Ays\u00e9n, con una log\u00edstica que ya se inici\u00f3 hacia la localidad de Ma\u00f1ihuales, hacia la localidad de Puerto Aguirre, hacia Puerto Ays\u00e9n, y durante el d\u00eda de hoy se trabajar\u00e1 con los CESFAM y CECOFS de Coyhaique, adem\u00e1s de usuarios de Sename. As\u00ed que esperamos que este nuevo respiro sea el s\u00edmbolo de un nuevo ma\u00f1ana de un ma\u00f1ana quiz\u00e1s sin COVID, donde podamos volver a tener nuestras vidas, esas vidas que anhelamos, que extra\u00f1amos y que esperamos volver a tener\u201d.<\/p>\n<p style=\"text-align: justify;\">Por su parte, el director del Servicio de Salud Ays\u00e9n, Gabriel Burgos valor\u00f3 la llegada de las primeras dosis a la regi\u00f3n, \u201clas 2.050 dosis de la vacuna en la regi\u00f3n se distribuir\u00e1n en 25 puntos locales de la Red de Salud, considerando los Hospitales de Coyhaique y Puerto Ays\u00e9n, adem\u00e1s de Postas de Salud Rural, Hospitales Comunitarios, CESFAM y CECOSF. Reiterar que la vacuna es de gran ayuda en el combate contra la pandemia, pero no es una soluci\u00f3n inmediata, ya que primero debemos cumplir con el porcentaje de inmunizados, es por esto que debemos continuar tomando todas las precauciones necesarias\u201d.<\/p>\n<p style=\"text-align: justify;\">En tanto, destacar que la distribuci\u00f3n de las vacunas es un operativo conjunto entre el sector salud, PDI, Carabineros y Fuerza A\u00e9rea de Chile, con el objetivo de que en un m\u00e1ximo de 48 horas todas las dosis est\u00e9n entregadas.<\/p>\n<p style=\"text-align: justify;\">Cabe se\u00f1alar, que este proceso de vacunaci\u00f3n se desarrolla en pleno aumento de los casos Covid-19 en nuestra regi\u00f3n y del retroceso de la zona urbana de Puerto Ays\u00e9n, Puerto Chacabuco e Islas Huichas en el Plan Paso a Paso.<\/p>\n<p style=\"text-align: justify;\"><strong>Primera vacunada<\/strong><\/p>\n<p style=\"text-align: justify;\">Isabel Mu\u00f1oz, quien es Asistente Social de la Unidad de Salud Ocupacional del Hospital Regional Coyhaique y tiene 58 a\u00f1os, fue la primera persona vacunada en la regi\u00f3n. Ella -hace algunos meses- fue confirmada con COVID-19 positivo, comenzando a desarrollar s\u00edntomas que fueron agrav\u00e1ndose, por lo que tuvo que ser atendida en la Unidad de Cuidados Intensivos (UCI) del Hospital Regional de Coyhaique, situaci\u00f3n que la tuvo conectada a ventilaci\u00f3n mec\u00e1nica por cinco d\u00edas.<\/p>\n<p style=\"text-align: justify;\">\u201cEstoy realmente feliz de poder vacunarme y sentirme protegida y adquirir las defensas necesarias para vencer a este virus, ya que tuve COVID-19 y espero nunca m\u00e1s sentirme de esa manera. Felicito y admiro adem\u00e1s el sacrificio de los funcionarios que est\u00e1n en primera l\u00ednea comprometidos con cada uno de sus pacientes\u201d, puntualiz\u00f3 Isabel Mu\u00f1oz.<\/p>\n<p style=\"text-align: justify;\">En la actualidad, Isabel Mu\u00f1oz se encuentra desempe\u00f1ando sus funciones normalmente, sin ning\u00fan tipo de secuela de la enfermedad.<\/p>\n<\/div><\/section><\/div><div  style='height:50px' class='hr hr-invisible   avia-builder-el-6  el_after_av_one_full  el_before_av_social_share '><span class='hr-inner ' ><span class='hr-inner-style'><\/span><\/span><\/div><\/p>\n<div  class='av-social-sharing-box  avia-builder-el-7  el_after_av_hr  el_before_av_hr  '><div class='av-share-box'><h5 class='av-share-link-description av-no-toc '>Compartir esta noticia<\/h5><ul class='av-share-box-list noLightbox'><li class='av-share-link av-social-link-facebook' ><a target=\"_blank\" aria-label=\"Compartir en Facebook\" href='https:\/\/www.facebook.com\/sharer.php?u=https:\/\/radiorevelacionfm.cl\/?p=1899&#038;t=Comenz%C3%B3%20el%20hist%C3%B3rico%20proceso%20de%20vacunaci%C3%B3n%20COVID-19%20en%20la%20regi%C3%B3n%20de%20Ays%C3%A9n' aria-hidden='false' data-av_icon='\ue8f3' data-av_iconfont='entypo-fontello' title='' data-avia-related-tooltip='Compartir en Facebook' rel=\"noopener\"><span class='avia_hidden_link_text'>Compartir en Facebook<\/span><\/a><\/li><li class='av-share-link av-social-link-twitter' ><a target=\"_blank\" aria-label=\"Compartir en Twitter\" href='https:\/\/twitter.com\/share?text=Comenz%C3%B3%20el%20hist%C3%B3rico%20proceso%20de%20vacunaci%C3%B3n%20COVID-19%20en%20la%20regi%C3%B3n%20de%20Ays%C3%A9n&#038;url=https:\/\/radiorevelacionfm.cl\/?p=1899' aria-hidden='false' data-av_icon='\ue8f1' data-av_iconfont='entypo-fontello' title='' data-avia-related-tooltip='Compartir en Twitter' rel=\"noopener\"><span class='avia_hidden_link_text'>Compartir en Twitter<\/span><\/a><\/li><li class='av-share-link av-social-link-whatsapp' ><a target=\"_blank\" aria-label=\"Compartir en Whatsapp\" href='https:\/\/api.whatsapp.com\/send?text=https:\/\/radiorevelacionfm.cl\/?p=1899' aria-hidden='false' data-av_icon='\uf232' data-av_iconfont='entypo-fontello' title='' data-avia-related-tooltip='Compartir en Whatsapp' rel=\"noopener\"><span class='avia_hidden_link_text'>Compartir en Whatsapp<\/span><\/a><\/li><li class='av-share-link av-social-link-linkedin' ><a target=\"_blank\" aria-label=\"Compartir en LinkedIn\" href='https:\/\/linkedin.com\/shareArticle?mini=true&#038;title=Comenz%C3%B3%20el%20hist%C3%B3rico%20proceso%20de%20vacunaci%C3%B3n%20COVID-19%20en%20la%20regi%C3%B3n%20de%20Ays%C3%A9n&#038;url=https:\/\/radiorevelacionfm.cl\/?p=1899' aria-hidden='false' data-av_icon='\ue8fc' data-av_iconfont='entypo-fontello' title='' data-avia-related-tooltip='Compartir en LinkedIn' rel=\"noopener\"><span class='avia_hidden_link_text'>Compartir en LinkedIn<\/span><\/a><\/li><li class='av-share-link av-social-link-mail' ><a  aria-label=\"Compartir por correo\" href='mailto:?subject=Comenz%C3%B3%20el%20hist%C3%B3rico%20proceso%20de%20vacunaci%C3%B3n%20COVID-19%20en%20la%20regi%C3%B3n%20de%20Ays%C3%A9n&#038;body=https:\/\/radiorevelacionfm.cl\/?p=1899' aria-hidden='false' data-av_icon='\ue805' data-av_iconfont='entypo-fontello' title='' data-avia-related-tooltip='Compartir por correo'><span class='avia_hidden_link_text'>Compartir por correo<\/span><\/a><\/li><\/ul><\/div><\/div>\n<div  style='height:50px' class='hr hr-invisible   avia-builder-el-8  el_after_av_social_share  el_before_av_comments_list '><span class='hr-inner ' ><span class='hr-inner-style'><\/span><\/span><\/div>\n<div  class='av-buildercomment  av-blog-meta-html-info-disabled av-blog-meta-tag-disabled  '><\/div>\n","protected":false},"excerpt":{"rendered":"","protected":false},"author":1,"featured_media":0,"comment_status":"open","ping_status":"open","sticky":false,"template":"","format":"standard","meta":{"footnotes":""},"categories":[46],"tags":[],"class_list":["post-1899","post","type-post","status-publish","format-standard","hentry","category-salud"],"jetpack_featured_media_url":"","_links":{"self":[{"href":"https:\/\/radiorevelacionfm.cl\/index.php?rest_route=\/wp\/v2\/posts\/1899","targetHints":{"allow":["GET"]}}],"collection":[{"href":"https:\/\/radiorevelacionfm.cl\/index.php?rest_route=\/wp\/v2\/posts"}],"about":[{"href":"https:\/\/radiorevelacionfm.cl\/index.php?rest_route=\/wp\/v2\/types\/post"}],"author":[{"embeddable":true,"href":"https:\/\/radiorevelacionfm.cl\/index.php?rest_route=\/wp\/v2\/users\/1"}],"replies":[{"embeddable":true,"href":"https:\/\/radiorevelacionfm.cl\/index.php?rest_route=%2Fwp%2Fv2%2Fcomments&post=1899"}],"version-history":[{"count":1,"href":"https:\/\/radiorevelacionfm.cl\/index.php?rest_route=\/wp\/v2\/posts\/1899\/revisions"}],"predecessor-version":[{"id":1902,"href":"https:\/\/radiorevelacionfm.cl\/index.php?rest_route=\/wp\/v2\/posts\/1899\/revisions\/1902"}],"wp:attachment":[{"href":"https:\/\/radiorevelacionfm.cl\/index.php?rest_route=%2Fwp%2Fv2%2Fmedia&parent=1899"}],"wp:term":[{"taxonomy":"category","embeddable":true,"href":"https:\/\/radiorevelacionfm.cl\/index.php?rest_route=%2Fwp%2Fv2%2Fcategories&post=1899"},{"taxonomy":"post_tag","embeddable":true,"href":"https:\/\/radiorevelacionfm.cl\/index.php?rest_route=%2Fwp%2Fv2%2Ftags&post=1899"}],"curies":[{"name":"wp","href":"https:\/\/api.w.org\/{rel}","templated":true}]}}