{"id":18983,"date":"2022-07-08T16:07:46","date_gmt":"2022-07-08T19:07:46","guid":{"rendered":"https:\/\/radiorevelacionfm.cl\/?p=18983"},"modified":"2022-07-08T16:07:46","modified_gmt":"2022-07-08T19:07:46","slug":"localidad-de-puerto-gala-contara-con-mesa-receptora-de-sufragios-para-el-proximo-plebiscito-constitucional","status":"publish","type":"post","link":"https:\/\/radiorevelacionfm.cl\/?p=18983","title":{"rendered":"Localidad de Puerto Gala contar\u00e1 con mesa receptora de sufragios para el pr\u00f3ximo Plebiscito Constitucional"},"content":{"rendered":"<div class=\"flex_column av_one_full  flex_column_div av-zero-column-padding first  avia-builder-el-0  el_before_av_one_full  avia-builder-el-first  \" style='border-radius:0px; '><div  class='avia-image-container  av-styling-    avia-builder-el-1  avia-builder-el-no-sibling  avia-align-center '  itemprop=\"image\" itemscope=\"itemscope\" itemtype=\"https:\/\/schema.org\/ImageObject\"  ><div class='avia-image-container-inner'><div class='avia-image-overlay-wrap'><img decoding=\"async\" class='wp-image-18984 avia-img-lazy-loading-not-18984 avia_image' src=\"https:\/\/radiorevelacionfm.cl\/wp-content\/uploads\/2022\/07\/puerto-gala-servel1-2_optimized-1.jpg\" alt='' title='puerto-gala-servel1-(2)_optimized (1)' height=\"600\" width=\"860\"  itemprop=\"thumbnailUrl\" srcset=\"https:\/\/radiorevelacionfm.cl\/wp-content\/uploads\/2022\/07\/puerto-gala-servel1-2_optimized-1.jpg 860w, https:\/\/radiorevelacionfm.cl\/wp-content\/uploads\/2022\/07\/puerto-gala-servel1-2_optimized-1-300x209.jpg 300w, https:\/\/radiorevelacionfm.cl\/wp-content\/uploads\/2022\/07\/puerto-gala-servel1-2_optimized-1-768x536.jpg 768w, https:\/\/radiorevelacionfm.cl\/wp-content\/uploads\/2022\/07\/puerto-gala-servel1-2_optimized-1-705x492.jpg 705w, https:\/\/radiorevelacionfm.cl\/wp-content\/uploads\/2022\/07\/puerto-gala-servel1-2_optimized-1-600x419.jpg 600w\" sizes=\"(max-width: 860px) 100vw, 860px\" \/><\/div><\/div><\/div><\/div><div class=\"flex_column av_one_full  flex_column_div av-zero-column-padding first  avia-builder-el-2  el_after_av_one_full  el_before_av_one_full  column-top-margin\" style='border-radius:0px; '><section class=\"av_textblock_section \"  itemscope=\"itemscope\" itemtype=\"https:\/\/schema.org\/BlogPosting\" itemprop=\"blogPost\" ><div class='avia_textblock  '   itemprop=\"text\" ><p style=\"text-align: center;\"><strong><span style=\"font-size: 18pt;\">Localidad de Puerto Gala contar\u00e1 con mesa receptora de sufragios para el pr\u00f3ximo Plebiscito Constitucional<\/span><\/strong><\/p>\n<div id=\"gtx-trans\" style=\"position: absolute; left: -50px; top: 4.31534px;\">\n<div class=\"gtx-trans-icon\"><\/div>\n<\/div>\n<\/div><\/section><\/div><div class=\"flex_column av_one_full  flex_column_div av-zero-column-padding first  avia-builder-el-4  el_after_av_one_full  el_before_av_hr  column-top-margin\" style='border-radius:0px; '><section class=\"av_textblock_section \"  itemscope=\"itemscope\" itemtype=\"https:\/\/schema.org\/BlogPosting\" itemprop=\"blogPost\" ><div class='avia_textblock  '   itemprop=\"text\" ><p style=\"text-align: justify;\">Comunidad de Puerto Gala finalmente contar\u00e1 con mesa receptora de sufragios en el pr\u00f3ximo Plebiscito de salida, un anhelo de las y los vecinos de litorale\u00f1a localidad que hoy se hace realidad.<\/p>\n<p style=\"text-align: justify;\">El pasado mes de febrero de este a\u00f1o, el Alcalde de la Comuna Francisco Roncagliolo Lepio junto a una comitiva de la Municipalidad, el Director Regional del SERVEL y su equipo visitaron en terreno la localidad de Puerto Gala para sostener una serie de reuniones con vecinos y algunas organizaciones, con el fin de abordar las principales inquietudes de la comunidad, entre ellas, tener una mesa receptora de sufragios en la Escuela Madre de la Divina Providencia, con el objetivo de evitar traslados que hagan peligrar las seguridad de los electores, quienes se deb\u00edan trasladar hasta Puerto Cisnes para cumplir con el deber c\u00edvico de votar.<\/p>\n<p style=\"text-align: justify;\">Hoy el Servicio Electoral de Chile, ratific\u00f3 a trav\u00e9s de la resoluci\u00f3n N\u00b0 0452, que el establecimiento educacional de Puerto Gala es lugar de votaci\u00f3n, cuya mesa receptora de sufragios funcionar\u00e1 por primera vez para el Plebiscito Constitucional, a realizarse el pr\u00f3ximo 4 de septiembre 2022. Lugar que servir\u00e1 tanto para los vecinos de Puerto Gala como tambi\u00e9n para Melimoyu, quienes podr\u00e1n votar en este nuevo espacio habilitado.<\/p>\n<p style=\"text-align: justify;\">El Alcalde de la comuna de Cisnes agradeci\u00f3 las gestiones de todos quienes participaron en este proceso para concretar un sue\u00f1o tan anhelado por los vecinos y vecinas de Puerto Gala.<\/p>\n<\/div><\/section><\/div><div  style='height:50px' class='hr hr-invisible   avia-builder-el-6  el_after_av_one_full  el_before_av_social_share '><span class='hr-inner ' ><span class='hr-inner-style'><\/span><\/span><\/div><\/p>\n<div  class='av-social-sharing-box  avia-builder-el-7  el_after_av_hr  el_before_av_hr  '><div class='av-share-box'><h5 class='av-share-link-description av-no-toc '>Compartir esta noticia<\/h5><ul class='av-share-box-list noLightbox'><li class='av-share-link av-social-link-facebook' ><a target=\"_blank\" aria-label=\"Compartir en Facebook\" href='https:\/\/www.facebook.com\/sharer.php?u=https:\/\/radiorevelacionfm.cl\/?p=18983&#038;t=Localidad%20de%20Puerto%20Gala%20contar%C3%A1%20con%20mesa%20receptora%20de%20sufragios%20para%20el%20pr%C3%B3ximo%20Plebiscito%20Constitucional' aria-hidden='false' data-av_icon='\ue8f3' data-av_iconfont='entypo-fontello' title='' data-avia-related-tooltip='Compartir en Facebook' rel=\"noopener\"><span class='avia_hidden_link_text'>Compartir en Facebook<\/span><\/a><\/li><li class='av-share-link av-social-link-twitter' ><a target=\"_blank\" aria-label=\"Compartir en Twitter\" href='https:\/\/twitter.com\/share?text=Localidad%20de%20Puerto%20Gala%20contar%C3%A1%20con%20mesa%20receptora%20de%20sufragios%20para%20el%20pr%C3%B3ximo%20Plebiscito%20Constitucional&#038;url=https:\/\/radiorevelacionfm.cl\/?p=18983' aria-hidden='false' data-av_icon='\ue8f1' data-av_iconfont='entypo-fontello' title='' data-avia-related-tooltip='Compartir en Twitter' rel=\"noopener\"><span class='avia_hidden_link_text'>Compartir en Twitter<\/span><\/a><\/li><li class='av-share-link av-social-link-whatsapp' ><a target=\"_blank\" aria-label=\"Compartir en Whatsapp\" href='https:\/\/api.whatsapp.com\/send?text=https:\/\/radiorevelacionfm.cl\/?p=18983' aria-hidden='false' data-av_icon='\uf232' data-av_iconfont='entypo-fontello' title='' data-avia-related-tooltip='Compartir en Whatsapp' rel=\"noopener\"><span class='avia_hidden_link_text'>Compartir en Whatsapp<\/span><\/a><\/li><li class='av-share-link av-social-link-linkedin' ><a target=\"_blank\" aria-label=\"Compartir en LinkedIn\" href='https:\/\/linkedin.com\/shareArticle?mini=true&#038;title=Localidad%20de%20Puerto%20Gala%20contar%C3%A1%20con%20mesa%20receptora%20de%20sufragios%20para%20el%20pr%C3%B3ximo%20Plebiscito%20Constitucional&#038;url=https:\/\/radiorevelacionfm.cl\/?p=18983' aria-hidden='false' data-av_icon='\ue8fc' data-av_iconfont='entypo-fontello' title='' data-avia-related-tooltip='Compartir en LinkedIn' rel=\"noopener\"><span class='avia_hidden_link_text'>Compartir en LinkedIn<\/span><\/a><\/li><li class='av-share-link av-social-link-mail' ><a  aria-label=\"Compartir por correo\" href='mailto:?subject=Localidad%20de%20Puerto%20Gala%20contar%C3%A1%20con%20mesa%20receptora%20de%20sufragios%20para%20el%20pr%C3%B3ximo%20Plebiscito%20Constitucional&#038;body=https:\/\/radiorevelacionfm.cl\/?p=18983' aria-hidden='false' data-av_icon='\ue805' data-av_iconfont='entypo-fontello' title='' data-avia-related-tooltip='Compartir por correo'><span class='avia_hidden_link_text'>Compartir por correo<\/span><\/a><\/li><\/ul><\/div><\/div>\n<div  style='height:50px' class='hr hr-invisible   avia-builder-el-8  el_after_av_social_share  el_before_av_comments_list '><span class='hr-inner ' ><span class='hr-inner-style'><\/span><\/span><\/div>\n<div  class='av-buildercomment  av-blog-meta-html-info-disabled av-blog-meta-tag-disabled  '><\/div>\n","protected":false},"excerpt":{"rendered":"","protected":false},"author":1,"featured_media":18984,"comment_status":"open","ping_status":"open","sticky":false,"template":"","format":"standard","meta":{"footnotes":""},"categories":[38],"tags":[],"class_list":["post-18983","post","type-post","status-publish","format-standard","has-post-thumbnail","hentry","category-regional"],"jetpack_featured_media_url":"https:\/\/radiorevelacionfm.cl\/wp-content\/uploads\/2022\/07\/puerto-gala-servel1-2_optimized-1.jpg","_links":{"self":[{"href":"https:\/\/radiorevelacionfm.cl\/index.php?rest_route=\/wp\/v2\/posts\/18983","targetHints":{"allow":["GET"]}}],"collection":[{"href":"https:\/\/radiorevelacionfm.cl\/index.php?rest_route=\/wp\/v2\/posts"}],"about":[{"href":"https:\/\/radiorevelacionfm.cl\/index.php?rest_route=\/wp\/v2\/types\/post"}],"author":[{"embeddable":true,"href":"https:\/\/radiorevelacionfm.cl\/index.php?rest_route=\/wp\/v2\/users\/1"}],"replies":[{"embeddable":true,"href":"https:\/\/radiorevelacionfm.cl\/index.php?rest_route=%2Fwp%2Fv2%2Fcomments&post=18983"}],"version-history":[{"count":2,"href":"https:\/\/radiorevelacionfm.cl\/index.php?rest_route=\/wp\/v2\/posts\/18983\/revisions"}],"predecessor-version":[{"id":18986,"href":"https:\/\/radiorevelacionfm.cl\/index.php?rest_route=\/wp\/v2\/posts\/18983\/revisions\/18986"}],"wp:featuredmedia":[{"embeddable":true,"href":"https:\/\/radiorevelacionfm.cl\/index.php?rest_route=\/wp\/v2\/media\/18984"}],"wp:attachment":[{"href":"https:\/\/radiorevelacionfm.cl\/index.php?rest_route=%2Fwp%2Fv2%2Fmedia&parent=18983"}],"wp:term":[{"taxonomy":"category","embeddable":true,"href":"https:\/\/radiorevelacionfm.cl\/index.php?rest_route=%2Fwp%2Fv2%2Fcategories&post=18983"},{"taxonomy":"post_tag","embeddable":true,"href":"https:\/\/radiorevelacionfm.cl\/index.php?rest_route=%2Fwp%2Fv2%2Ftags&post=18983"}],"curies":[{"name":"wp","href":"https:\/\/api.w.org\/{rel}","templated":true}]}}