{"id":18981,"date":"2022-07-08T16:41:45","date_gmt":"2022-07-08T19:41:45","guid":{"rendered":"https:\/\/radiorevelacionfm.cl\/?p=18981"},"modified":"2022-07-08T16:41:45","modified_gmt":"2022-07-08T19:41:45","slug":"mas-de-1-500-agricultoras-es-de-la-region-de-aysen-accederan-a-instrumentos-del-programa-siembra-por-chile","status":"publish","type":"post","link":"https:\/\/radiorevelacionfm.cl\/?p=18981","title":{"rendered":"M\u00e1s de 1.500 agricultoras\/es de la Regi\u00f3n de Ays\u00e9n acceder\u00e1n a instrumentos del Programa Siembra por Chile"},"content":{"rendered":"<div class=\"flex_column av_one_full  flex_column_div av-zero-column-padding first  avia-builder-el-0  el_before_av_one_full  avia-builder-el-first  \" style='border-radius:0px; '><div  class='avia-image-container  av-styling-    avia-builder-el-1  avia-builder-el-no-sibling  avia-align-center '  itemprop=\"image\" itemscope=\"itemscope\" itemtype=\"https:\/\/schema.org\/ImageObject\"  ><div class='avia-image-container-inner'><div class='avia-image-overlay-wrap'><img decoding=\"async\" class='wp-image-5995 avia-img-lazy-loading-not-5995 avia_image' src=\"https:\/\/radiorevelacionfm.cl\/wp-content\/uploads\/2021\/07\/agricultores-1-1_optimized.jpg\" alt='' title='agricultores-(1)-(1)_optimized' height=\"600\" width=\"902\"  itemprop=\"thumbnailUrl\" srcset=\"https:\/\/radiorevelacionfm.cl\/wp-content\/uploads\/2021\/07\/agricultores-1-1_optimized.jpg 902w, https:\/\/radiorevelacionfm.cl\/wp-content\/uploads\/2021\/07\/agricultores-1-1_optimized-300x200.jpg 300w, https:\/\/radiorevelacionfm.cl\/wp-content\/uploads\/2021\/07\/agricultores-1-1_optimized-768x511.jpg 768w, https:\/\/radiorevelacionfm.cl\/wp-content\/uploads\/2021\/07\/agricultores-1-1_optimized-705x469.jpg 705w, https:\/\/radiorevelacionfm.cl\/wp-content\/uploads\/2021\/07\/agricultores-1-1_optimized-600x399.jpg 600w\" sizes=\"(max-width: 902px) 100vw, 902px\" \/><\/div><\/div><\/div><\/div><div class=\"flex_column av_one_full  flex_column_div av-zero-column-padding first  avia-builder-el-2  el_after_av_one_full  el_before_av_one_full  column-top-margin\" style='border-radius:0px; '><section class=\"av_textblock_section \"  itemscope=\"itemscope\" itemtype=\"https:\/\/schema.org\/BlogPosting\" itemprop=\"blogPost\" ><div class='avia_textblock  '   itemprop=\"text\" ><p style=\"text-align: center;\"><strong><span style=\"font-size: 18pt;\">M\u00e1s de 1.500 agricultoras\/es de la Regi\u00f3n de Ays\u00e9n acceder\u00e1n a instrumentos del Programa Siembra por Chile<\/span><\/strong><\/p>\n<div id=\"gtx-trans\" style=\"position: absolute; left: -50px; top: 4.31534px;\">\n<div class=\"gtx-trans-icon\"><\/div>\n<\/div>\n<\/div><\/section><\/div><div class=\"flex_column av_one_full  flex_column_div av-zero-column-padding first  avia-builder-el-4  el_after_av_one_full  el_before_av_hr  column-top-margin\" style='border-radius:0px; '><section class=\"av_textblock_section \"  itemscope=\"itemscope\" itemtype=\"https:\/\/schema.org\/BlogPosting\" itemprop=\"blogPost\" ><div class='avia_textblock  '   itemprop=\"text\" ><p style=\"text-align: justify;\">El Gobierno a trav\u00e9s del Plan Siembra Chile apoyar\u00e1 a 809 productores\/as no usuarios de INDAP de Coyhaique, Lago Verde, R\u00edo Ib\u00e1\u00f1ez, Chile Chico y Cochrane, declaradas como comunas en situaci\u00f3n de emergencia agr\u00edcola. Mediante la firma de convenios entre la Subsecretar\u00eda de Agricultura y las municipalidades respectivas y la Delegaci\u00f3n Provincial General Carrera.<\/p>\n<p style=\"text-align: justify;\">La suma de $242 millones provenientes del Ministerio Agricultura permitir\u00e1 apoyar\u00a0econ\u00f3micamente, en forma individual y colectiva, a productores silvoagropecuarios de estos sectores con la finalidad de mitigar y\/o reparar el da\u00f1o productivo experimentado a ra\u00edz del d\u00e9ficit h\u00eddrico y sequ\u00eda.<\/p>\n<div class=\"code-block code-block-6\" style=\"text-align: justify;\">\n<div id=\"Inread\">Seg\u00fan precis\u00f3 el Seremi de Agricultura, Alan Espinoza Ortiz, este ingreso de emergencia podr\u00e1 destinarse a la contrataci\u00f3n de bienes y servicios, alimentaci\u00f3n animal; insumos veterinarios, agr\u00edcolas y de riego; traslado de animales; materiales de construcci\u00f3n; infraestructura entre otros servicios.<\/div>\n<\/div>\n<div class=\"code-block code-block-4\" style=\"text-align: justify;\">\n<div><\/div>\n<div id=\"300x250-B\">\u201cHemos hecho un trabajo en conjunto con los municipios y estamos entregando 242 millones de pesos que son destinado a un bono directo para que los productores\/as puedan mejorar sus condiciones, adquirir insumos.etc. En un trabajo colaborativo con cuatro municipios y en el caso de Chile Chico con la Delegaci\u00f3n Provincial\u201d, se\u00f1al\u00f3 Espinoza.<\/div>\n<\/div>\n<p style=\"text-align: justify;\">En este sentido el Delegado Presidencial Regional, Rodrigo Araya Morales, destac\u00f3 la implementaci\u00f3n en Ays\u00e9n del programa Siembra Por Chile, el cual ha permitido la entrega de bonos de emergencia a 740 productores\/as que trabajan al alero del Instituto de Desarrollo Agropecuario (INDAP), as\u00ed como tambi\u00e9n la firma de convenios para el apoyo a productores\/as que nos son usuarios de esta instituci\u00f3n.<\/p>\n<p style=\"text-align: justify;\">Araya, tambi\u00e9n destac\u00f3 que desde el plan Siembra Por Chile, se impulsa el\u00a0cr\u00e9dito con garant\u00eda estatal (FOGAPE) a trav\u00e9s de BancoEstado que mantiene una tasa preferencial de 0,99% y que ha permitido atender a 22 clientes por un monto de $209 millones en la regi\u00f3n.<\/p>\n<p style=\"text-align: justify;\"><strong>\u201c<\/strong>Dentro de este Plan hay un bono espec\u00edficamente para personas INDAP de las cinco comunas que tienen este decreto de emergencia agr\u00edcola, el cual ya ha sido entregado en su totalidad. Tambi\u00e9n tenemos un bono espec\u00edfico para usuarios no INDAP y tambi\u00e9n hay un instrumento nuevo -aparte de los cr\u00e9ditos habituales del Ministerio Agricultura-, que es a trav\u00e9s del Banco Estado, que tambi\u00e9n se llama Siembra Por Chile, con una tasa preferencial que tambi\u00e9n va a ser un apoyo muy importante a la gesti\u00f3n econ\u00f3mica y que se puede pagar a tasas convenientes\u201d, indic\u00f3. <strong>\u00a0<\/strong><\/p>\n<p style=\"text-align: justify;\"><strong><u>Otros apoyos\u00a0<\/u><\/strong><\/p>\n<p style=\"text-align: justify;\">Dentro de los instrumentos que ejecuta el Instituto de Desarrollo Agropecuario se destacan, adem\u00e1s; el Cr\u00e9dito Corto Plazo INDAP que permite otorgar un apoyo para la compra de insumos, con tasas anuales en pesos que alcanzan el 3% para cr\u00e9ditos vigentes y que ha permitido tramitar a la fecha 389 solicitudes en con un monto total de $542.030.738 en la regi\u00f3n. De manera especial a trav\u00e9s de Siembra por Chile, se impulsa el Programa de Regularizaci\u00f3n de Deudas que busca condonar el 100% de los intereses devengados y no pagados.<\/p>\n<p style=\"text-align: justify;\">\u201cEstamos haciendo un llamado a los usuarios de INDAP que quiz\u00e1s han tenido alg\u00fan problema en el pasado para cumplir con sus compromisos, a que se acerquen a sus oficinas de \u00e1rea, porque van a tener una condonaci\u00f3n de los intereses y van a poder reprogramar su deuda. De esta misma manera, este programa tambi\u00e9n beneficia a usuarios que han estado al d\u00eda y van a verlo reflejado cuando vayan a pagar sus cuotas, con una rebaja de intereses\u201d, sostuvo en este sentido Carmen Gloria S\u00e1ez Jefa de \u00c1rea de INDAP, Coyhaique.<\/p>\n<p style=\"text-align: justify;\">A lo anterior se suma al Seguro Ganadero al cual se han suscrito 55 productores a nivel regional, adem\u00e1s del llamado especial del Sistema de Incentivos para la Sustentabilidad de Suelos Agropecuarios\u00a0SIRSD-S para las comunas declaradas en emergencia agr\u00edcola, el que se encuentra en etapa de selecci\u00f3n de sus beneficiarios<\/p>\n<p style=\"text-align: justify;\">Parte de los instrumentos que desde la Secretar\u00eda Regional Ministerial de Agricultura en Ays\u00e9n se han impulsado desde marzo a la fecha y buscan apoyar la reactivaci\u00f3n econ\u00f3mica del sector.<\/p>\n<\/div><\/section><\/div><div  style='height:50px' class='hr hr-invisible   avia-builder-el-6  el_after_av_one_full  el_before_av_social_share '><span class='hr-inner ' ><span class='hr-inner-style'><\/span><\/span><\/div><\/p>\n<div  class='av-social-sharing-box  avia-builder-el-7  el_after_av_hr  el_before_av_hr  '><div class='av-share-box'><h5 class='av-share-link-description av-no-toc '>Compartir esta noticia<\/h5><ul class='av-share-box-list noLightbox'><li class='av-share-link av-social-link-facebook' ><a target=\"_blank\" aria-label=\"Compartir en Facebook\" href='https:\/\/www.facebook.com\/sharer.php?u=https:\/\/radiorevelacionfm.cl\/?p=18981&#038;t=M%C3%A1s%20de%201.500%20agricultoras%2Fes%20de%20la%20Regi%C3%B3n%20de%20Ays%C3%A9n%20acceder%C3%A1n%20a%20instrumentos%20del%20Programa%20Siembra%20por%20Chile' aria-hidden='false' data-av_icon='\ue8f3' data-av_iconfont='entypo-fontello' title='' data-avia-related-tooltip='Compartir en Facebook' rel=\"noopener\"><span class='avia_hidden_link_text'>Compartir en Facebook<\/span><\/a><\/li><li class='av-share-link av-social-link-twitter' ><a target=\"_blank\" aria-label=\"Compartir en Twitter\" href='https:\/\/twitter.com\/share?text=M%C3%A1s%20de%201.500%20agricultoras%2Fes%20de%20la%20Regi%C3%B3n%20de%20Ays%C3%A9n%20acceder%C3%A1n%20a%20instrumentos%20del%20Programa%20Siembra%20por%20Chile&#038;url=https:\/\/radiorevelacionfm.cl\/?p=18981' aria-hidden='false' data-av_icon='\ue8f1' data-av_iconfont='entypo-fontello' title='' data-avia-related-tooltip='Compartir en Twitter' rel=\"noopener\"><span class='avia_hidden_link_text'>Compartir en Twitter<\/span><\/a><\/li><li class='av-share-link av-social-link-whatsapp' ><a target=\"_blank\" aria-label=\"Compartir en Whatsapp\" href='https:\/\/api.whatsapp.com\/send?text=https:\/\/radiorevelacionfm.cl\/?p=18981' aria-hidden='false' data-av_icon='\uf232' data-av_iconfont='entypo-fontello' title='' data-avia-related-tooltip='Compartir en Whatsapp' rel=\"noopener\"><span class='avia_hidden_link_text'>Compartir en Whatsapp<\/span><\/a><\/li><li class='av-share-link av-social-link-linkedin' ><a target=\"_blank\" aria-label=\"Compartir en LinkedIn\" href='https:\/\/linkedin.com\/shareArticle?mini=true&#038;title=M%C3%A1s%20de%201.500%20agricultoras%2Fes%20de%20la%20Regi%C3%B3n%20de%20Ays%C3%A9n%20acceder%C3%A1n%20a%20instrumentos%20del%20Programa%20Siembra%20por%20Chile&#038;url=https:\/\/radiorevelacionfm.cl\/?p=18981' aria-hidden='false' data-av_icon='\ue8fc' data-av_iconfont='entypo-fontello' title='' data-avia-related-tooltip='Compartir en LinkedIn' rel=\"noopener\"><span class='avia_hidden_link_text'>Compartir en LinkedIn<\/span><\/a><\/li><li class='av-share-link av-social-link-mail' ><a  aria-label=\"Compartir por correo\" href='mailto:?subject=M%C3%A1s%20de%201.500%20agricultoras%2Fes%20de%20la%20Regi%C3%B3n%20de%20Ays%C3%A9n%20acceder%C3%A1n%20a%20instrumentos%20del%20Programa%20Siembra%20por%20Chile&#038;body=https:\/\/radiorevelacionfm.cl\/?p=18981' aria-hidden='false' data-av_icon='\ue805' data-av_iconfont='entypo-fontello' title='' data-avia-related-tooltip='Compartir por correo'><span class='avia_hidden_link_text'>Compartir por correo<\/span><\/a><\/li><\/ul><\/div><\/div>\n<div  style='height:50px' class='hr hr-invisible   avia-builder-el-8  el_after_av_social_share  el_before_av_comments_list '><span class='hr-inner ' ><span class='hr-inner-style'><\/span><\/span><\/div>\n<div  class='av-buildercomment  av-blog-meta-html-info-disabled av-blog-meta-tag-disabled  '><\/div>\n","protected":false},"excerpt":{"rendered":"","protected":false},"author":1,"featured_media":5995,"comment_status":"open","ping_status":"open","sticky":false,"template":"","format":"standard","meta":{"footnotes":""},"categories":[58],"tags":[],"class_list":["post-18981","post","type-post","status-publish","format-standard","has-post-thumbnail","hentry","category-agricultura"],"jetpack_featured_media_url":"https:\/\/radiorevelacionfm.cl\/wp-content\/uploads\/2021\/07\/agricultores-1-1_optimized.jpg","_links":{"self":[{"href":"https:\/\/radiorevelacionfm.cl\/index.php?rest_route=\/wp\/v2\/posts\/18981","targetHints":{"allow":["GET"]}}],"collection":[{"href":"https:\/\/radiorevelacionfm.cl\/index.php?rest_route=\/wp\/v2\/posts"}],"about":[{"href":"https:\/\/radiorevelacionfm.cl\/index.php?rest_route=\/wp\/v2\/types\/post"}],"author":[{"embeddable":true,"href":"https:\/\/radiorevelacionfm.cl\/index.php?rest_route=\/wp\/v2\/users\/1"}],"replies":[{"embeddable":true,"href":"https:\/\/radiorevelacionfm.cl\/index.php?rest_route=%2Fwp%2Fv2%2Fcomments&post=18981"}],"version-history":[{"count":2,"href":"https:\/\/radiorevelacionfm.cl\/index.php?rest_route=\/wp\/v2\/posts\/18981\/revisions"}],"predecessor-version":[{"id":18990,"href":"https:\/\/radiorevelacionfm.cl\/index.php?rest_route=\/wp\/v2\/posts\/18981\/revisions\/18990"}],"wp:featuredmedia":[{"embeddable":true,"href":"https:\/\/radiorevelacionfm.cl\/index.php?rest_route=\/wp\/v2\/media\/5995"}],"wp:attachment":[{"href":"https:\/\/radiorevelacionfm.cl\/index.php?rest_route=%2Fwp%2Fv2%2Fmedia&parent=18981"}],"wp:term":[{"taxonomy":"category","embeddable":true,"href":"https:\/\/radiorevelacionfm.cl\/index.php?rest_route=%2Fwp%2Fv2%2Fcategories&post=18981"},{"taxonomy":"post_tag","embeddable":true,"href":"https:\/\/radiorevelacionfm.cl\/index.php?rest_route=%2Fwp%2Fv2%2Ftags&post=18981"}],"curies":[{"name":"wp","href":"https:\/\/api.w.org\/{rel}","templated":true}]}}