{"id":18975,"date":"2022-07-08T13:46:22","date_gmt":"2022-07-08T16:46:22","guid":{"rendered":"https:\/\/radiorevelacionfm.cl\/?p=18975"},"modified":"2022-07-08T13:46:22","modified_gmt":"2022-07-08T16:46:22","slug":"seremi-de-gobierno-invita-a-informarse-para-votar-el-4-de-septiembre","status":"publish","type":"post","link":"https:\/\/radiorevelacionfm.cl\/?p=18975","title":{"rendered":"Seremi de Gobierno invita a informarse para votar el 4 de septiembre"},"content":{"rendered":"<div class=\"flex_column av_one_full  flex_column_div av-zero-column-padding first  avia-builder-el-0  el_before_av_one_full  avia-builder-el-first  \" style='border-radius:0px; '><div  class='avia-image-container  av-styling-    avia-builder-el-1  avia-builder-el-no-sibling  avia-align-center '  itemprop=\"image\" itemscope=\"itemscope\" itemtype=\"https:\/\/schema.org\/ImageObject\"  ><div class='avia-image-container-inner'><div class='avia-image-overlay-wrap'><img decoding=\"async\" class='wp-image-18976 avia-img-lazy-loading-not-18976 avia_image' src=\"https:\/\/radiorevelacionfm.cl\/wp-content\/uploads\/2022\/07\/foto-1-19-1_optimized.jpeg\" alt='' title='foto-1-(19)-(1)_optimized' height=\"600\" width=\"1065\"  itemprop=\"thumbnailUrl\" srcset=\"https:\/\/radiorevelacionfm.cl\/wp-content\/uploads\/2022\/07\/foto-1-19-1_optimized.jpeg 1065w, https:\/\/radiorevelacionfm.cl\/wp-content\/uploads\/2022\/07\/foto-1-19-1_optimized-300x169.jpeg 300w, https:\/\/radiorevelacionfm.cl\/wp-content\/uploads\/2022\/07\/foto-1-19-1_optimized-1030x580.jpeg 1030w, https:\/\/radiorevelacionfm.cl\/wp-content\/uploads\/2022\/07\/foto-1-19-1_optimized-768x433.jpeg 768w, https:\/\/radiorevelacionfm.cl\/wp-content\/uploads\/2022\/07\/foto-1-19-1_optimized-705x397.jpeg 705w, https:\/\/radiorevelacionfm.cl\/wp-content\/uploads\/2022\/07\/foto-1-19-1_optimized-600x338.jpeg 600w\" sizes=\"(max-width: 1065px) 100vw, 1065px\" \/><\/div><\/div><\/div><\/div><div class=\"flex_column av_one_full  flex_column_div av-zero-column-padding first  avia-builder-el-2  el_after_av_one_full  el_before_av_one_full  column-top-margin\" style='border-radius:0px; '><section class=\"av_textblock_section \"  itemscope=\"itemscope\" itemtype=\"https:\/\/schema.org\/BlogPosting\" itemprop=\"blogPost\" ><div class='avia_textblock  '   itemprop=\"text\" ><p style=\"text-align: center;\"><span style=\"font-size: 18pt;\"><b>Seremi de Gobierno invita a informarse para votar el 4 de septiembre<\/b><\/span><\/p>\n<div id=\"gtx-trans\" style=\"position: absolute; left: -50px; top: 4.31534px;\">\n<div class=\"gtx-trans-icon\"><\/div>\n<\/div>\n<\/div><\/section><\/div><div class=\"flex_column av_one_full  flex_column_div av-zero-column-padding first  avia-builder-el-4  el_after_av_one_full  el_before_av_hr  column-top-margin\" style='border-radius:0px; '><section class=\"av_textblock_section \"  itemscope=\"itemscope\" itemtype=\"https:\/\/schema.org\/BlogPosting\" itemprop=\"blogPost\" ><div class='avia_textblock  '   itemprop=\"text\" ><p class=\"v1MsoNormal\" style=\"text-align: justify;\">Cuando ya comenz\u00f3 la campa\u00f1a Electoral y solo faltan un par de meses para que el 4 de septiembre los mayores de 18 a\u00f1os acudan a las urnas para decidir si Aprueban o Rechazan la propuesta de la nueva Carta Fundamental confeccionada por la Convenci\u00f3n Constitucional, la Seremi de Gobierno de Ays\u00e9n, Tatiana Pl\u00e1 \u00c4lvarez, invit\u00f3 a los ayseninos y ayseninas a informarse para emitir un voto responsable y debidamente informado.<\/p>\n<p class=\"v1MsoNormal\" style=\"text-align: justify;\">\u00abEl pr\u00f3ximo 4 de septiembre ser\u00e1 un d\u00eda hist\u00f3rico para nuestro pa\u00eds, y al respecto creemos que el Gobierno tiene el deber de garantizar a ambas posiciones -tanto la del Apruebo como el Rechazo-, iguales condiciones para poder difundir su pensamiento y visi\u00f3n\u00bb, dijo la vocera de Gobierno, quien se traslad\u00f3 hasta Puerto Cisnes para la firma de convenios del Fondo de Medios y realizar un m\u00f3dulo de educaci\u00f3n c\u00edvica.<\/p>\n<p class=\"v1MsoNormal\" style=\"text-align: justify;\">\u00abComo Gobierno nos parece muy importante que los habitantes de nuestra regi\u00f3n conozcan por una parte el contenido de la propuesta constitucional, y por otro lado, que est\u00e9n atentos a cu\u00e1l ser\u00e1 su local de votaci\u00f3n o si les corresponde ser vocales de mesa, considerando que para esta ocasi\u00f3n el voto es obligatorio, y los locales de votaci\u00f3n ser\u00e1n designados por georreferencia, priorizando la cercan\u00eda entre la casa y el domicilio electoral\u00bb, a\u00f1adi\u00f3.<\/p>\n<p class=\"v1MsoNormal\" style=\"text-align: justify;\">Por esta raz\u00f3n, durante las \u00faltimas semanas, y junto a un equipo de la Secretar\u00eda Regional Ministerial de Gobierno, la Seremi ha visitado en Puerto Ays\u00e9n, Coyhaique, Cochrane y Puerto Cisnes a diferentes organizaciones sociales, clubes de Adultos Mayores, colegios y Juntas de Vecinos, entre otros.<\/p>\n<p class=\"v1MsoNormal\" style=\"text-align: justify;\">\u00abPor estos d\u00edas estamos abocados a conversar sobre un m\u00f3dulo de educaci\u00f3n c\u00edvica, Hagamos Historia, que se elabor\u00f3 para que la poblaci\u00f3n pueda votar de manera informada, participativa y democr\u00e1tica la propuesta de Nueva Constituci\u00f3n, y considera tres etapas, la primera consisti\u00f3 en informar sobre el proceso constituyente; ahora que ya est\u00e1 listo comienza la discusi\u00f3n sobre el borrador y, en \u00faltimo lugar, viene la votaci\u00f3n, para elegir lo que a nuestro juicio es lo mejor para el pa\u00eds\u00bb, dijo.<\/p>\n<p class=\"v1MsoNormal\" style=\"text-align: justify;\">Cabe indicar que para facilitar el acceso a la informaci\u00f3n sobre la nueva constituci\u00f3n, el Gobierno ha dispuesto dos sitios web de f\u00e1cil acceso:\u00a0<a href=\"http:\/\/www.hagamoshistoria.cl\/\" target=\"_blank\" rel=\"noopener noreferrer\">www.hagamoshistoria.cl<\/a>, que contiene antecedentes hist\u00f3ricos, y\u00a0<a href=\"http:\/\/www.chilevotainformado.cl\/\" target=\"_blank\" rel=\"noopener noreferrer\">www.chilevotainformado.cl<\/a>, donde se puede descargar y leer la nueva propuesta.<\/p>\n<\/div><\/section><\/div><div  style='height:50px' class='hr hr-invisible   avia-builder-el-6  el_after_av_one_full  el_before_av_social_share '><span class='hr-inner ' ><span class='hr-inner-style'><\/span><\/span><\/div><\/p>\n<div  class='av-social-sharing-box  avia-builder-el-7  el_after_av_hr  el_before_av_hr  '><div class='av-share-box'><h5 class='av-share-link-description av-no-toc '>Compartir esta noticia<\/h5><ul class='av-share-box-list noLightbox'><li class='av-share-link av-social-link-facebook' ><a target=\"_blank\" aria-label=\"Compartir en Facebook\" href='https:\/\/www.facebook.com\/sharer.php?u=https:\/\/radiorevelacionfm.cl\/?p=18975&#038;t=Seremi%20de%20Gobierno%20invita%20a%20informarse%20para%20votar%20el%204%20de%20septiembre' aria-hidden='false' data-av_icon='\ue8f3' data-av_iconfont='entypo-fontello' title='' data-avia-related-tooltip='Compartir en Facebook' rel=\"noopener\"><span class='avia_hidden_link_text'>Compartir en Facebook<\/span><\/a><\/li><li class='av-share-link av-social-link-twitter' ><a target=\"_blank\" aria-label=\"Compartir en Twitter\" href='https:\/\/twitter.com\/share?text=Seremi%20de%20Gobierno%20invita%20a%20informarse%20para%20votar%20el%204%20de%20septiembre&#038;url=https:\/\/radiorevelacionfm.cl\/?p=18975' aria-hidden='false' data-av_icon='\ue8f1' data-av_iconfont='entypo-fontello' title='' data-avia-related-tooltip='Compartir en Twitter' rel=\"noopener\"><span class='avia_hidden_link_text'>Compartir en Twitter<\/span><\/a><\/li><li class='av-share-link av-social-link-whatsapp' ><a target=\"_blank\" aria-label=\"Compartir en Whatsapp\" href='https:\/\/api.whatsapp.com\/send?text=https:\/\/radiorevelacionfm.cl\/?p=18975' aria-hidden='false' data-av_icon='\uf232' data-av_iconfont='entypo-fontello' title='' data-avia-related-tooltip='Compartir en Whatsapp' rel=\"noopener\"><span class='avia_hidden_link_text'>Compartir en Whatsapp<\/span><\/a><\/li><li class='av-share-link av-social-link-linkedin' ><a target=\"_blank\" aria-label=\"Compartir en LinkedIn\" href='https:\/\/linkedin.com\/shareArticle?mini=true&#038;title=Seremi%20de%20Gobierno%20invita%20a%20informarse%20para%20votar%20el%204%20de%20septiembre&#038;url=https:\/\/radiorevelacionfm.cl\/?p=18975' aria-hidden='false' data-av_icon='\ue8fc' data-av_iconfont='entypo-fontello' title='' data-avia-related-tooltip='Compartir en LinkedIn' rel=\"noopener\"><span class='avia_hidden_link_text'>Compartir en LinkedIn<\/span><\/a><\/li><li class='av-share-link av-social-link-mail' ><a  aria-label=\"Compartir por correo\" href='mailto:?subject=Seremi%20de%20Gobierno%20invita%20a%20informarse%20para%20votar%20el%204%20de%20septiembre&#038;body=https:\/\/radiorevelacionfm.cl\/?p=18975' aria-hidden='false' data-av_icon='\ue805' data-av_iconfont='entypo-fontello' title='' data-avia-related-tooltip='Compartir por correo'><span class='avia_hidden_link_text'>Compartir por correo<\/span><\/a><\/li><\/ul><\/div><\/div>\n<div  style='height:50px' class='hr hr-invisible   avia-builder-el-8  el_after_av_social_share  el_before_av_comments_list '><span class='hr-inner ' ><span class='hr-inner-style'><\/span><\/span><\/div>\n<div  class='av-buildercomment  av-blog-meta-html-info-disabled av-blog-meta-tag-disabled  '><\/div>\n","protected":false},"excerpt":{"rendered":"","protected":false},"author":1,"featured_media":18976,"comment_status":"open","ping_status":"open","sticky":false,"template":"","format":"standard","meta":{"footnotes":""},"categories":[38],"tags":[],"class_list":["post-18975","post","type-post","status-publish","format-standard","has-post-thumbnail","hentry","category-regional"],"jetpack_featured_media_url":"https:\/\/radiorevelacionfm.cl\/wp-content\/uploads\/2022\/07\/foto-1-19-1_optimized.jpeg","_links":{"self":[{"href":"https:\/\/radiorevelacionfm.cl\/index.php?rest_route=\/wp\/v2\/posts\/18975","targetHints":{"allow":["GET"]}}],"collection":[{"href":"https:\/\/radiorevelacionfm.cl\/index.php?rest_route=\/wp\/v2\/posts"}],"about":[{"href":"https:\/\/radiorevelacionfm.cl\/index.php?rest_route=\/wp\/v2\/types\/post"}],"author":[{"embeddable":true,"href":"https:\/\/radiorevelacionfm.cl\/index.php?rest_route=\/wp\/v2\/users\/1"}],"replies":[{"embeddable":true,"href":"https:\/\/radiorevelacionfm.cl\/index.php?rest_route=%2Fwp%2Fv2%2Fcomments&post=18975"}],"version-history":[{"count":2,"href":"https:\/\/radiorevelacionfm.cl\/index.php?rest_route=\/wp\/v2\/posts\/18975\/revisions"}],"predecessor-version":[{"id":18978,"href":"https:\/\/radiorevelacionfm.cl\/index.php?rest_route=\/wp\/v2\/posts\/18975\/revisions\/18978"}],"wp:featuredmedia":[{"embeddable":true,"href":"https:\/\/radiorevelacionfm.cl\/index.php?rest_route=\/wp\/v2\/media\/18976"}],"wp:attachment":[{"href":"https:\/\/radiorevelacionfm.cl\/index.php?rest_route=%2Fwp%2Fv2%2Fmedia&parent=18975"}],"wp:term":[{"taxonomy":"category","embeddable":true,"href":"https:\/\/radiorevelacionfm.cl\/index.php?rest_route=%2Fwp%2Fv2%2Fcategories&post=18975"},{"taxonomy":"post_tag","embeddable":true,"href":"https:\/\/radiorevelacionfm.cl\/index.php?rest_route=%2Fwp%2Fv2%2Ftags&post=18975"}],"curies":[{"name":"wp","href":"https:\/\/api.w.org\/{rel}","templated":true}]}}