{"id":18968,"date":"2022-07-08T10:57:12","date_gmt":"2022-07-08T13:57:12","guid":{"rendered":"https:\/\/radiorevelacionfm.cl\/?p=18968"},"modified":"2022-07-08T10:57:12","modified_gmt":"2022-07-08T13:57:12","slug":"retiran-vehiculo-accidentado-que-obstaculizaba-transito-en-la-ruta-245-coyhaique-balmaceda","status":"publish","type":"post","link":"https:\/\/radiorevelacionfm.cl\/?p=18968","title":{"rendered":"Retiran veh\u00edculo accidentado que obstaculizaba tr\u00e1nsito en la ruta 245 Coyhaique-Balmaceda"},"content":{"rendered":"<div class=\"flex_column av_one_full  flex_column_div av-zero-column-padding first  avia-builder-el-0  el_before_av_one_full  avia-builder-el-first  \" style='border-radius:0px; '><div  class='avia-image-container  av-styling-    avia-builder-el-1  avia-builder-el-no-sibling  avia-align-center '  itemprop=\"image\" itemscope=\"itemscope\" itemtype=\"https:\/\/schema.org\/ImageObject\"  ><div class='avia-image-container-inner'><div class='avia-image-overlay-wrap'><img decoding=\"async\" class='wp-image-18969 avia-img-lazy-loading-not-18969 avia_image' src=\"https:\/\/radiorevelacionfm.cl\/wp-content\/uploads\/2022\/07\/IMG-20220707-WA0060-1-1.jpg\" alt='' title='IMG-20220707-WA0060 (1) (1)' height=\"600\" width=\"800\"  itemprop=\"thumbnailUrl\" srcset=\"https:\/\/radiorevelacionfm.cl\/wp-content\/uploads\/2022\/07\/IMG-20220707-WA0060-1-1.jpg 800w, https:\/\/radiorevelacionfm.cl\/wp-content\/uploads\/2022\/07\/IMG-20220707-WA0060-1-1-300x225.jpg 300w, https:\/\/radiorevelacionfm.cl\/wp-content\/uploads\/2022\/07\/IMG-20220707-WA0060-1-1-768x576.jpg 768w, https:\/\/radiorevelacionfm.cl\/wp-content\/uploads\/2022\/07\/IMG-20220707-WA0060-1-1-705x529.jpg 705w, https:\/\/radiorevelacionfm.cl\/wp-content\/uploads\/2022\/07\/IMG-20220707-WA0060-1-1-600x450.jpg 600w\" sizes=\"(max-width: 800px) 100vw, 800px\" \/><\/div><\/div><\/div><\/div><div class=\"flex_column av_one_full  flex_column_div av-zero-column-padding first  avia-builder-el-2  el_after_av_one_full  el_before_av_one_full  column-top-margin\" style='border-radius:0px; '><section class=\"av_textblock_section \"  itemscope=\"itemscope\" itemtype=\"https:\/\/schema.org\/BlogPosting\" itemprop=\"blogPost\" ><div class='avia_textblock  '   itemprop=\"text\" ><p style=\"text-align: center;\"><strong><span style=\"font-size: 18pt;\">Retiran veh\u00edculo accidentado que obstaculizaba tr\u00e1nsito en la ruta 245 Coyhaique-Balmaceda<\/span><\/strong><\/p>\n<div id=\"gtx-trans\" style=\"position: absolute; left: -50px; top: 4.31534px;\">\n<div class=\"gtx-trans-icon\"><\/div>\n<\/div>\n<\/div><\/section><\/div><div class=\"flex_column av_one_full  flex_column_div av-zero-column-padding first  avia-builder-el-4  el_after_av_one_full  el_before_av_hr  column-top-margin\" style='border-radius:0px; '><section class=\"av_textblock_section \"  itemscope=\"itemscope\" itemtype=\"https:\/\/schema.org\/BlogPosting\" itemprop=\"blogPost\" ><div class='avia_textblock  '   itemprop=\"text\" ><p style=\"text-align: justify;\">El Secretario Regional Ministerial de Obras P\u00fablicas, Patricio Sanhueza Ulloa, inform\u00f3 que el cami\u00f3n que se accident\u00f3 y se encontraba obstaculizando la Ruta 245 Coyhaique-Balmaceda fue retirado de la v\u00eda el 07 de julio y se ha recuperado la transitabilidad por este sector.<\/p>\n<p style=\"text-align: justify;\">La autoridad regional de Obras P\u00fablicas, indic\u00f3 que \u201cse derivaron equipos destinados a la conservaci\u00f3n de caminos para poder auxiliar a un cami\u00f3n que pesaba cerca de 36 mil kilos -con carga de bins de desechos y tara- por lo tanto los usuarios y usuarias de esta Ruta tuvieron que reprogramar el tiempo de sus viajes y utilizar la Ruta alternativa Vista Hermosa-Balmaceda para poder trasladarse hacia al Aeropuerto.<\/p>\n<p style=\"text-align: justify;\">\u201cLamentamos las molestias para la comunidad que pudo haber causado el cami\u00f3n accidentado en la Ruta 245 Coyhaique-Balmaceda. Atendidas las indicaciones dadas por el Delegado Regional de invocar emergencia vial, nuestros equipos destinaron los recursos y de esta forma logramos abrir la Ruta al tr\u00e1nsito vehicular a las 13:00 horas de este 07 de julio, as\u00ed que agradecemos el esfuerzo desplegado tanto de nuestro equipo de Vialidad, como de la empresa contratista, Onemi y Carabineros de Chile con quienes nos mantuvimos coordinados y abocados a trabajar para resolver esta emergencia\u201d.<\/p>\n<p style=\"text-align: justify;\">El Ministro de Obras P\u00fablicas Juan Carlos Garc\u00eda preocupado por las familias que necesitaban trasladarse a la localidad de Balmaceda y al Aeropuerto, convers\u00f3 con el Seremi de Ays\u00e9n respecto a la situaci\u00f3n que vive la regi\u00f3n de Ays\u00e9n y el pa\u00eds. Al respecto se\u00f1al\u00f3: \u201cEl d\u00eda lunes, previendo que tendr\u00edamos una situaci\u00f3n clim\u00e1tica dif\u00edcil en el sur de Chile, iniciamos una coordinaci\u00f3n que nos ha permitido poder enfrentar la situaci\u00f3n de corte de caminos por nevadas de la manera m\u00e1s eficiente posible. Hoy tenemos toda nuestra maquinaria desplegada, el Ministerio de Obras P\u00fablicas est\u00e1 en terreno, enfrentando situaciones que nos permitan conectar a la brevedad a familias que han estado aisladas en el sector de Lonquimay. Tenemos maquinas desplegadas en todo el territorio despejando caminos y enfrentando situaciones particulares, como el caso de Ays\u00e9n, donde hemos podido mover el cami\u00f3n que estaba impidiendo el acceso al aeropuerto en una colaboraci\u00f3n estrecha entre el Ministerio de Obras P\u00fablicas y las delegaciones regionales. Podemos darle certeza a la ciudadan\u00eda que seguiremos desplegados, porque cada vez que haya una nevada, como Ministerio de Obras P\u00fablicas estaremos presentes, enfrentando la situaci\u00f3n y asegurando a la brevedad posible, dentro de lo que el clima permita, seguir manteniendo conectadas a familias que en alguna situaci\u00f3n particular pudieran estar aisladas por un tiempo acotado\u00bb.<\/p>\n<\/div><\/section><\/div><div  style='height:50px' class='hr hr-invisible   avia-builder-el-6  el_after_av_one_full  el_before_av_social_share '><span class='hr-inner ' ><span class='hr-inner-style'><\/span><\/span><\/div><\/p>\n<div  class='av-social-sharing-box  avia-builder-el-7  el_after_av_hr  el_before_av_hr  '><div class='av-share-box'><h5 class='av-share-link-description av-no-toc '>Compartir esta noticia<\/h5><ul class='av-share-box-list noLightbox'><li class='av-share-link av-social-link-facebook' ><a target=\"_blank\" aria-label=\"Compartir en Facebook\" href='https:\/\/www.facebook.com\/sharer.php?u=https:\/\/radiorevelacionfm.cl\/?p=18968&#038;t=Retiran%20veh%C3%ADculo%20accidentado%20que%20obstaculizaba%20tr%C3%A1nsito%20en%20la%20ruta%20245%20Coyhaique-Balmaceda' aria-hidden='false' data-av_icon='\ue8f3' data-av_iconfont='entypo-fontello' title='' data-avia-related-tooltip='Compartir en Facebook' rel=\"noopener\"><span class='avia_hidden_link_text'>Compartir en Facebook<\/span><\/a><\/li><li class='av-share-link av-social-link-twitter' ><a target=\"_blank\" aria-label=\"Compartir en Twitter\" href='https:\/\/twitter.com\/share?text=Retiran%20veh%C3%ADculo%20accidentado%20que%20obstaculizaba%20tr%C3%A1nsito%20en%20la%20ruta%20245%20Coyhaique-Balmaceda&#038;url=https:\/\/radiorevelacionfm.cl\/?p=18968' aria-hidden='false' data-av_icon='\ue8f1' data-av_iconfont='entypo-fontello' title='' data-avia-related-tooltip='Compartir en Twitter' rel=\"noopener\"><span class='avia_hidden_link_text'>Compartir en Twitter<\/span><\/a><\/li><li class='av-share-link av-social-link-whatsapp' ><a target=\"_blank\" aria-label=\"Compartir en Whatsapp\" href='https:\/\/api.whatsapp.com\/send?text=https:\/\/radiorevelacionfm.cl\/?p=18968' aria-hidden='false' data-av_icon='\uf232' data-av_iconfont='entypo-fontello' title='' data-avia-related-tooltip='Compartir en Whatsapp' rel=\"noopener\"><span class='avia_hidden_link_text'>Compartir en Whatsapp<\/span><\/a><\/li><li class='av-share-link av-social-link-linkedin' ><a target=\"_blank\" aria-label=\"Compartir en LinkedIn\" href='https:\/\/linkedin.com\/shareArticle?mini=true&#038;title=Retiran%20veh%C3%ADculo%20accidentado%20que%20obstaculizaba%20tr%C3%A1nsito%20en%20la%20ruta%20245%20Coyhaique-Balmaceda&#038;url=https:\/\/radiorevelacionfm.cl\/?p=18968' aria-hidden='false' data-av_icon='\ue8fc' data-av_iconfont='entypo-fontello' title='' data-avia-related-tooltip='Compartir en LinkedIn' rel=\"noopener\"><span class='avia_hidden_link_text'>Compartir en LinkedIn<\/span><\/a><\/li><li class='av-share-link av-social-link-mail' ><a  aria-label=\"Compartir por correo\" href='mailto:?subject=Retiran%20veh%C3%ADculo%20accidentado%20que%20obstaculizaba%20tr%C3%A1nsito%20en%20la%20ruta%20245%20Coyhaique-Balmaceda&#038;body=https:\/\/radiorevelacionfm.cl\/?p=18968' aria-hidden='false' data-av_icon='\ue805' data-av_iconfont='entypo-fontello' title='' data-avia-related-tooltip='Compartir por correo'><span class='avia_hidden_link_text'>Compartir por correo<\/span><\/a><\/li><\/ul><\/div><\/div>\n<div  style='height:50px' class='hr hr-invisible   avia-builder-el-8  el_after_av_social_share  el_before_av_comments_list '><span class='hr-inner ' ><span class='hr-inner-style'><\/span><\/span><\/div>\n<div  class='av-buildercomment  av-blog-meta-html-info-disabled av-blog-meta-tag-disabled  '><\/div>\n","protected":false},"excerpt":{"rendered":"","protected":false},"author":1,"featured_media":18969,"comment_status":"open","ping_status":"open","sticky":false,"template":"","format":"standard","meta":{"footnotes":""},"categories":[38],"tags":[],"class_list":["post-18968","post","type-post","status-publish","format-standard","has-post-thumbnail","hentry","category-regional"],"jetpack_featured_media_url":"https:\/\/radiorevelacionfm.cl\/wp-content\/uploads\/2022\/07\/IMG-20220707-WA0060-1-1.jpg","_links":{"self":[{"href":"https:\/\/radiorevelacionfm.cl\/index.php?rest_route=\/wp\/v2\/posts\/18968","targetHints":{"allow":["GET"]}}],"collection":[{"href":"https:\/\/radiorevelacionfm.cl\/index.php?rest_route=\/wp\/v2\/posts"}],"about":[{"href":"https:\/\/radiorevelacionfm.cl\/index.php?rest_route=\/wp\/v2\/types\/post"}],"author":[{"embeddable":true,"href":"https:\/\/radiorevelacionfm.cl\/index.php?rest_route=\/wp\/v2\/users\/1"}],"replies":[{"embeddable":true,"href":"https:\/\/radiorevelacionfm.cl\/index.php?rest_route=%2Fwp%2Fv2%2Fcomments&post=18968"}],"version-history":[{"count":2,"href":"https:\/\/radiorevelacionfm.cl\/index.php?rest_route=\/wp\/v2\/posts\/18968\/revisions"}],"predecessor-version":[{"id":18971,"href":"https:\/\/radiorevelacionfm.cl\/index.php?rest_route=\/wp\/v2\/posts\/18968\/revisions\/18971"}],"wp:featuredmedia":[{"embeddable":true,"href":"https:\/\/radiorevelacionfm.cl\/index.php?rest_route=\/wp\/v2\/media\/18969"}],"wp:attachment":[{"href":"https:\/\/radiorevelacionfm.cl\/index.php?rest_route=%2Fwp%2Fv2%2Fmedia&parent=18968"}],"wp:term":[{"taxonomy":"category","embeddable":true,"href":"https:\/\/radiorevelacionfm.cl\/index.php?rest_route=%2Fwp%2Fv2%2Fcategories&post=18968"},{"taxonomy":"post_tag","embeddable":true,"href":"https:\/\/radiorevelacionfm.cl\/index.php?rest_route=%2Fwp%2Fv2%2Ftags&post=18968"}],"curies":[{"name":"wp","href":"https:\/\/api.w.org\/{rel}","templated":true}]}}