{"id":18960,"date":"2022-07-07T21:46:39","date_gmt":"2022-07-08T00:46:39","guid":{"rendered":"https:\/\/radiorevelacionfm.cl\/?p=18960"},"modified":"2022-07-08T10:48:53","modified_gmt":"2022-07-08T13:48:53","slug":"cerro-el-fraile-celebra-llegada-de-la-nieve-y-da-inicio-a-temporada-2022","status":"publish","type":"post","link":"https:\/\/radiorevelacionfm.cl\/?p=18960","title":{"rendered":"Centro El Fraile celebra llegada de la nieve y da inicio a temporada 2022"},"content":{"rendered":"<div class=\"flex_column av_one_full  flex_column_div av-zero-column-padding first  avia-builder-el-0  el_before_av_one_full  avia-builder-el-first  \" style='border-radius:0px; '><div  class='avia-image-container  av-styling-    avia-builder-el-1  avia-builder-el-no-sibling  avia-align-center '  itemprop=\"image\" itemscope=\"itemscope\" itemtype=\"https:\/\/schema.org\/ImageObject\"  ><div class='avia-image-container-inner'><div class='avia-image-overlay-wrap'><img decoding=\"async\" class='wp-image-18961 avia-img-lazy-loading-not-18961 avia_image' src=\"https:\/\/radiorevelacionfm.cl\/wp-content\/uploads\/2022\/07\/image-57-1.jpg\" alt='' title='image (57) (1)' height=\"600\" width=\"829\"  itemprop=\"thumbnailUrl\" srcset=\"https:\/\/radiorevelacionfm.cl\/wp-content\/uploads\/2022\/07\/image-57-1.jpg 829w, https:\/\/radiorevelacionfm.cl\/wp-content\/uploads\/2022\/07\/image-57-1-300x217.jpg 300w, https:\/\/radiorevelacionfm.cl\/wp-content\/uploads\/2022\/07\/image-57-1-768x556.jpg 768w, https:\/\/radiorevelacionfm.cl\/wp-content\/uploads\/2022\/07\/image-57-1-705x510.jpg 705w, https:\/\/radiorevelacionfm.cl\/wp-content\/uploads\/2022\/07\/image-57-1-600x434.jpg 600w\" sizes=\"(max-width: 829px) 100vw, 829px\" \/><\/div><\/div><\/div><\/div>\n<div class=\"flex_column av_one_full  flex_column_div av-zero-column-padding first  avia-builder-el-2  el_after_av_one_full  el_before_av_one_full  column-top-margin\" style='border-radius:0px; '><section class=\"av_textblock_section \"  itemscope=\"itemscope\" itemtype=\"https:\/\/schema.org\/BlogPosting\" itemprop=\"blogPost\" ><div class='avia_textblock  '   itemprop=\"text\" ><p style=\"text-align: center;\"><span style=\"font-size: 18pt;\"><b>Centro El Fraile celebra llegada de la nieve y da inicio a temporada 2022<\/b><\/span><\/p>\n<div id=\"gtx-trans\" style=\"position: absolute; left: -50px; top: 4.31534px;\">\n<div class=\"gtx-trans-icon\"><\/div>\n<\/div>\n<\/div><\/section><\/div>\n<div class=\"flex_column av_one_full  flex_column_div av-zero-column-padding first  avia-builder-el-4  el_after_av_one_full  el_before_av_hr  column-top-margin\" style='border-radius:0px; '><section class=\"av_textblock_section \"  itemscope=\"itemscope\" itemtype=\"https:\/\/schema.org\/BlogPosting\" itemprop=\"blogPost\" ><div class='avia_textblock  '   itemprop=\"text\" ><div style=\"text-align: justify;\">\n<div id=\"v1m_-1728517094718625158gmail-:17w\">\n<p>Con una buena afluencia de visitantes se dio inicio este martes a la temporada de esqu\u00ed y deportes de monta\u00f1a en el centro invernal ubicado a 29 kil\u00f3metros de Coyhaique que promete actividades para toda la familia, ya que adem\u00e1s de rental, pista con andarivel, cuenta con una escuela de esqu\u00ed y snowboard para quienes quieran iniciarse en \u00e9stas actividades deportivas.<\/p>\n<p>Al medio d\u00eda del martes ya hab\u00edan llegado hasta el recinto m\u00e1s de 50 personas, entre ellas el director regional del Instituto Nacional de Deportes, Jos\u00e9 Manuel Sep\u00falveda quien se\u00f1al\u00f3 \u00abeste es muy buen inicio de temporada ac\u00e1 en El Fraile, estamos junto a su administrador y funcionarios del IND, el recinto est\u00e1 funcionando muy bien para recibir p\u00fablico, se han realizado todos los trabajos que se requieren, est\u00e1 en buenas condiciones, el pisa nieves est\u00e1 operativo, han estado aplanando la nieve; as\u00ed que estamos muy contentos con esta apertura, los precios son muy asequibles, se pueden poner en contacto con la administraci\u00f3n a trav\u00e9s de Instagram @cerroelfraile. Asimismo, junto a la Seremi de Deportes Mar\u00eda Eugenia Dur\u00e1n Jara estaremos apoyando las nuevas iniciativas que desarrollar\u00e1 este centro con ni\u00f1as y ni\u00f1os de escuelas rurales y juntas de vecinos, los dejamos cordialmente invitados, \u00a0pero siempre con precauci\u00f3n, usando cadenas y respetando los horarios se subida y bajada\u00bb, finaliz\u00f3 el director regional IND.<\/p>\n<p>En el mismo sentido, Ricardo Torres Administrador del recinto, precis\u00f3: \u00abdamos inicio a la temporada de invierno, los invitamos a todos ustedes para que nos puedan conocer, estamos abiertos de martes domingo, desde las 9:00 a 16:00 horas, siempre con precauci\u00f3n en el camino; toda nuestra informaci\u00f3n la pueden encontrar en Instagram @Cerroelfraile, en este sitio est\u00e1n incluidos los precios, como est\u00e1 la nieve, como est\u00e1 el camino y todo lo que necesitan para llegar al centro Cerro El Fraile\u00bb.<\/p>\n<\/div>\n<\/div>\n<\/div><\/section><\/div><div  style='height:50px' class='hr hr-invisible   avia-builder-el-6  el_after_av_one_full  el_before_av_social_share '><span class='hr-inner ' ><span class='hr-inner-style'><\/span><\/span><\/div><\/p>\n<div  class='av-social-sharing-box  avia-builder-el-7  el_after_av_hr  el_before_av_hr  '><div class='av-share-box'><h5 class='av-share-link-description av-no-toc '>Compartir esta noticia<\/h5><ul class='av-share-box-list noLightbox'><li class='av-share-link av-social-link-facebook' ><a target=\"_blank\" aria-label=\"Compartir en Facebook\" href='https:\/\/www.facebook.com\/sharer.php?u=https:\/\/radiorevelacionfm.cl\/?p=18960&#038;t=Centro%20El%20Fraile%20celebra%20llegada%20de%20la%20nieve%20y%20da%20inicio%20a%20temporada%202022' aria-hidden='false' data-av_icon='\ue8f3' data-av_iconfont='entypo-fontello' title='' data-avia-related-tooltip='Compartir en Facebook' rel=\"noopener\"><span class='avia_hidden_link_text'>Compartir en Facebook<\/span><\/a><\/li><li class='av-share-link av-social-link-twitter' ><a target=\"_blank\" aria-label=\"Compartir en Twitter\" href='https:\/\/twitter.com\/share?text=Centro%20El%20Fraile%20celebra%20llegada%20de%20la%20nieve%20y%20da%20inicio%20a%20temporada%202022&#038;url=https:\/\/radiorevelacionfm.cl\/?p=18960' aria-hidden='false' data-av_icon='\ue8f1' data-av_iconfont='entypo-fontello' title='' data-avia-related-tooltip='Compartir en Twitter' rel=\"noopener\"><span class='avia_hidden_link_text'>Compartir en Twitter<\/span><\/a><\/li><li class='av-share-link av-social-link-whatsapp' ><a target=\"_blank\" aria-label=\"Compartir en Whatsapp\" href='https:\/\/api.whatsapp.com\/send?text=https:\/\/radiorevelacionfm.cl\/?p=18960' aria-hidden='false' data-av_icon='\uf232' data-av_iconfont='entypo-fontello' title='' data-avia-related-tooltip='Compartir en Whatsapp' rel=\"noopener\"><span class='avia_hidden_link_text'>Compartir en Whatsapp<\/span><\/a><\/li><li class='av-share-link av-social-link-linkedin' ><a target=\"_blank\" aria-label=\"Compartir en LinkedIn\" href='https:\/\/linkedin.com\/shareArticle?mini=true&#038;title=Centro%20El%20Fraile%20celebra%20llegada%20de%20la%20nieve%20y%20da%20inicio%20a%20temporada%202022&#038;url=https:\/\/radiorevelacionfm.cl\/?p=18960' aria-hidden='false' data-av_icon='\ue8fc' data-av_iconfont='entypo-fontello' title='' data-avia-related-tooltip='Compartir en LinkedIn' rel=\"noopener\"><span class='avia_hidden_link_text'>Compartir en LinkedIn<\/span><\/a><\/li><li class='av-share-link av-social-link-mail' ><a  aria-label=\"Compartir por correo\" href='mailto:?subject=Centro%20El%20Fraile%20celebra%20llegada%20de%20la%20nieve%20y%20da%20inicio%20a%20temporada%202022&#038;body=https:\/\/radiorevelacionfm.cl\/?p=18960' aria-hidden='false' data-av_icon='\ue805' data-av_iconfont='entypo-fontello' title='' data-avia-related-tooltip='Compartir por correo'><span class='avia_hidden_link_text'>Compartir por correo<\/span><\/a><\/li><\/ul><\/div><\/div>\n<div  style='height:50px' class='hr hr-invisible   avia-builder-el-8  el_after_av_social_share  el_before_av_comments_list '><span class='hr-inner ' ><span class='hr-inner-style'><\/span><\/span><\/div>\n<div  class='av-buildercomment  av-blog-meta-html-info-disabled av-blog-meta-tag-disabled  '><\/div>\n","protected":false},"excerpt":{"rendered":"","protected":false},"author":1,"featured_media":18961,"comment_status":"open","ping_status":"open","sticky":false,"template":"","format":"standard","meta":{"footnotes":""},"categories":[40],"tags":[],"class_list":["post-18960","post","type-post","status-publish","format-standard","has-post-thumbnail","hentry","category-deportes"],"jetpack_featured_media_url":"https:\/\/radiorevelacionfm.cl\/wp-content\/uploads\/2022\/07\/image-57-1.jpg","_links":{"self":[{"href":"https:\/\/radiorevelacionfm.cl\/index.php?rest_route=\/wp\/v2\/posts\/18960","targetHints":{"allow":["GET"]}}],"collection":[{"href":"https:\/\/radiorevelacionfm.cl\/index.php?rest_route=\/wp\/v2\/posts"}],"about":[{"href":"https:\/\/radiorevelacionfm.cl\/index.php?rest_route=\/wp\/v2\/types\/post"}],"author":[{"embeddable":true,"href":"https:\/\/radiorevelacionfm.cl\/index.php?rest_route=\/wp\/v2\/users\/1"}],"replies":[{"embeddable":true,"href":"https:\/\/radiorevelacionfm.cl\/index.php?rest_route=%2Fwp%2Fv2%2Fcomments&post=18960"}],"version-history":[{"count":4,"href":"https:\/\/radiorevelacionfm.cl\/index.php?rest_route=\/wp\/v2\/posts\/18960\/revisions"}],"predecessor-version":[{"id":18966,"href":"https:\/\/radiorevelacionfm.cl\/index.php?rest_route=\/wp\/v2\/posts\/18960\/revisions\/18966"}],"wp:featuredmedia":[{"embeddable":true,"href":"https:\/\/radiorevelacionfm.cl\/index.php?rest_route=\/wp\/v2\/media\/18961"}],"wp:attachment":[{"href":"https:\/\/radiorevelacionfm.cl\/index.php?rest_route=%2Fwp%2Fv2%2Fmedia&parent=18960"}],"wp:term":[{"taxonomy":"category","embeddable":true,"href":"https:\/\/radiorevelacionfm.cl\/index.php?rest_route=%2Fwp%2Fv2%2Fcategories&post=18960"},{"taxonomy":"post_tag","embeddable":true,"href":"https:\/\/radiorevelacionfm.cl\/index.php?rest_route=%2Fwp%2Fv2%2Ftags&post=18960"}],"curies":[{"name":"wp","href":"https:\/\/api.w.org\/{rel}","templated":true}]}}