{"id":18954,"date":"2022-07-08T11:07:36","date_gmt":"2022-07-08T14:07:36","guid":{"rendered":"https:\/\/radiorevelacionfm.cl\/?p=18954"},"modified":"2022-07-08T11:07:36","modified_gmt":"2022-07-08T14:07:36","slug":"con-exito-de-convocatoria-se-realizo-el-primer-encuentro-regional-de-participacion-mejor-ninez","status":"publish","type":"post","link":"https:\/\/radiorevelacionfm.cl\/?p=18954","title":{"rendered":"Con \u00e9xito de convocatoria se realiz\u00f3 el primer encuentro regional de participaci\u00f3n Mejor Ni\u00f1ez"},"content":{"rendered":"<div class=\"flex_column av_one_full  flex_column_div av-zero-column-padding first  avia-builder-el-0  el_before_av_one_full  avia-builder-el-first  \" style='border-radius:0px; '><div  class='avia-image-container  av-styling-    avia-builder-el-1  avia-builder-el-no-sibling  avia-align-center '  itemprop=\"image\" itemscope=\"itemscope\" itemtype=\"https:\/\/schema.org\/ImageObject\"  ><div class='avia-image-container-inner'><div class='avia-image-overlay-wrap'><img decoding=\"async\" class='wp-image-0 avia-img-lazy-loading-not-0 avia_image' src=\"https:\/\/radiorevelacionfm.cl\/wp-content\/uploads\/2022\/07\/ENCUENTRO-REGIONAL-DE-PARTICIPACION-MEJOR-NINEZ-3-1-1.jpeg\" alt='' title=''   itemprop=\"thumbnailUrl\"  \/><\/div><\/div><\/div><\/div><div class=\"flex_column av_one_full  flex_column_div av-zero-column-padding first  avia-builder-el-2  el_after_av_one_full  el_before_av_one_full  column-top-margin\" style='border-radius:0px; '><section class=\"av_textblock_section \"  itemscope=\"itemscope\" itemtype=\"https:\/\/schema.org\/BlogPosting\" itemprop=\"blogPost\" ><div class='avia_textblock  '   itemprop=\"text\" ><p style=\"text-align: center;\"><span style=\"font-size: 18pt;\"><b>Con \u00e9xito de convocatoria se realiz\u00f3 el primer encuentro regional de participaci\u00f3n Mejor Ni\u00f1ez<\/b><\/span><\/p>\n<div id=\"gtx-trans\" style=\"position: absolute; left: -50px; top: 4.31534px;\">\n<div class=\"gtx-trans-icon\"><\/div>\n<\/div>\n<\/div><\/section><\/div><div class=\"flex_column av_one_full  flex_column_div av-zero-column-padding first  avia-builder-el-4  el_after_av_one_full  el_before_av_hr  column-top-margin\" style='border-radius:0px; '><section class=\"av_textblock_section \"  itemscope=\"itemscope\" itemtype=\"https:\/\/schema.org\/BlogPosting\" itemprop=\"blogPost\" ><div class='avia_textblock  '   itemprop=\"text\" ><p style=\"text-align: justify;\">En el Polideportivo de la ciudad de Puerto Ays\u00e9n se desarroll\u00f3 el primer encuentro regional de participaci\u00f3n para ni\u00f1os, ni\u00f1as, adolescentes y sus familias, que reciben servicios de atenci\u00f3n especializada en proyectos que conforman la red proteccional del Servicio de Protecci\u00f3n Especializada a la Ni\u00f1ez y Adolescencia.<\/p>\n<p style=\"text-align: justify;\">Este encuentro tuvo por objetivo generar espacios de di\u00e1logo colectivos, para recabar las opiniones del sujeto de acci\u00f3n del Servicio, asociadas a distintas tem\u00e1ticas. Lo anterior se acompa\u00f1\u00f3 de espacios recreativos y culturales, que favorecieron que ni\u00f1os, ni\u00f1as, adolescentes y sus familias, vivieran un momento reflexivo y a la vez l\u00fadico.<\/p>\n<p style=\"text-align: justify;\">Seg\u00fan el Director Regional del Servicio Nacional de Protecci\u00f3n Especializada a la Ni\u00f1ez y Adolescencia, Sr. Sergio Becerra Mera, esta actividad \u00abtuvo como principal objetivo entregar un espacio de reuni\u00f3n y de conversaci\u00f3n sobre diversas tem\u00e1ticas como medio ambiente, educaci\u00f3n, diversidad e inclusi\u00f3n, entre otras muchas ideas que fueron propuestas por los propios participantes los ni\u00f1os, ni\u00f1as, adolescentes, sus familias y sus adultos responsables. Eso sin duda enriquece el trabajo que ha realizado la Unidad de Participaci\u00f3n. Este encuentro corresponde a un proceso continuo, por lo cual realizaremos un segundo encuentro en el \u00faltimo trimestre, ya que el Servicio debe escuchar y considerar, en todas las acciones que realiza, a los ni\u00f1os, ni\u00f1as y adolescentes\u00bb<\/p>\n<p style=\"text-align: justify;\">En tanto la encargada nacional de la unidad de participaci\u00f3n del Servicio Mejor Ni\u00f1ez Alejandra Areyte, presente en la actividad manifest\u00f3 que \u00abeste encuentro regional viene a cerrar un proceso que se instala desde enero a la fecha a trav\u00e9s de encuentros locales, donde los ni\u00f1os, ni\u00f1as y adolescentes han levantados sus necesidades, requerimientos e inquietudes. Esto marca un hito regional que marca el t\u00e9rmino de un proceso de diagn\u00f3stico y qu\u00e9 mejor que realizarlo con los propios participantes de estos encuentros locales y sus adultos responsables\u00bb.<\/p>\n<p style=\"text-align: justify;\">J\u00e9ssica Gallardo madre de una de las ni\u00f1as participantes que vive en Puerto Ib\u00e1\u00f1ez indic\u00f3 que \u00abesta es una actividad muy significativa ya que adquirimos nuevos conocimientos por ejemplo en el cuidado y protecci\u00f3n de las ni\u00f1as. Nosotros mismos como padres debemos tener esos conocimientos para poder educarlos, no s\u00f3lo con los libros, sino que educarlos para la vida. Por eso estoy muy contenta de haber sido invitada a participar de esta actividad\u00bb.<\/p>\n<p style=\"text-align: justify;\">Finalmente, el Alcalde de Ays\u00e9n Julio Uribe tambi\u00e9n destac\u00f3 la apertura de estos espacios, se\u00f1alando que \u00abes muy importante para nosotros poder acoger en nuestra casa, en nuestro polideportivo esta convocatoria regional y aprovecho la instancia para relevar el trabajo que ejecuta la OPD local, sus profesionales en favor de los ni\u00f1os, ni\u00f1as y adolescentes quienes en conjunto con mejor el equipo de Mejor Ni\u00f1ez sacaron adelante esta acci\u00f3n de participaci\u00f3n\u00bb.<\/p>\n<p style=\"text-align: justify;\">En total, m\u00e1s de 60 participantes se dieron cita en el evento que fue organizado por el analista de participaci\u00f3n regional y el equipo de profesionales del Servicio Mejor Ni\u00f1ez que busca que este espacio se vaya consolidando con el tiempo de manera permanente en favor de los ni\u00f1os, ni\u00f1as y adolescentes de la regi\u00f3n.<\/p>\n<\/div><\/section><\/div><div  style='height:50px' class='hr hr-invisible   avia-builder-el-6  el_after_av_one_full  el_before_av_social_share '><span class='hr-inner ' ><span class='hr-inner-style'><\/span><\/span><\/div><\/p>\n<div  class='av-social-sharing-box  avia-builder-el-7  el_after_av_hr  el_before_av_hr  '><div class='av-share-box'><h5 class='av-share-link-description av-no-toc '>Compartir esta noticia<\/h5><ul class='av-share-box-list noLightbox'><li class='av-share-link av-social-link-facebook' ><a target=\"_blank\" aria-label=\"Compartir en Facebook\" href='https:\/\/www.facebook.com\/sharer.php?u=https:\/\/radiorevelacionfm.cl\/?p=18954&#038;t=Con%20%C3%A9xito%20de%20convocatoria%20se%20realiz%C3%B3%20el%20primer%20encuentro%20regional%20de%20participaci%C3%B3n%20Mejor%20Ni%C3%B1ez' aria-hidden='false' data-av_icon='\ue8f3' data-av_iconfont='entypo-fontello' title='' data-avia-related-tooltip='Compartir en Facebook' rel=\"noopener\"><span class='avia_hidden_link_text'>Compartir en Facebook<\/span><\/a><\/li><li class='av-share-link av-social-link-twitter' ><a target=\"_blank\" aria-label=\"Compartir en Twitter\" href='https:\/\/twitter.com\/share?text=Con%20%C3%A9xito%20de%20convocatoria%20se%20realiz%C3%B3%20el%20primer%20encuentro%20regional%20de%20participaci%C3%B3n%20Mejor%20Ni%C3%B1ez&#038;url=https:\/\/radiorevelacionfm.cl\/?p=18954' aria-hidden='false' data-av_icon='\ue8f1' data-av_iconfont='entypo-fontello' title='' data-avia-related-tooltip='Compartir en Twitter' rel=\"noopener\"><span class='avia_hidden_link_text'>Compartir en Twitter<\/span><\/a><\/li><li class='av-share-link av-social-link-whatsapp' ><a target=\"_blank\" aria-label=\"Compartir en Whatsapp\" href='https:\/\/api.whatsapp.com\/send?text=https:\/\/radiorevelacionfm.cl\/?p=18954' aria-hidden='false' data-av_icon='\uf232' data-av_iconfont='entypo-fontello' title='' data-avia-related-tooltip='Compartir en Whatsapp' rel=\"noopener\"><span class='avia_hidden_link_text'>Compartir en Whatsapp<\/span><\/a><\/li><li class='av-share-link av-social-link-linkedin' ><a target=\"_blank\" aria-label=\"Compartir en LinkedIn\" href='https:\/\/linkedin.com\/shareArticle?mini=true&#038;title=Con%20%C3%A9xito%20de%20convocatoria%20se%20realiz%C3%B3%20el%20primer%20encuentro%20regional%20de%20participaci%C3%B3n%20Mejor%20Ni%C3%B1ez&#038;url=https:\/\/radiorevelacionfm.cl\/?p=18954' aria-hidden='false' data-av_icon='\ue8fc' data-av_iconfont='entypo-fontello' title='' data-avia-related-tooltip='Compartir en LinkedIn' rel=\"noopener\"><span class='avia_hidden_link_text'>Compartir en LinkedIn<\/span><\/a><\/li><li class='av-share-link av-social-link-mail' ><a  aria-label=\"Compartir por correo\" href='mailto:?subject=Con%20%C3%A9xito%20de%20convocatoria%20se%20realiz%C3%B3%20el%20primer%20encuentro%20regional%20de%20participaci%C3%B3n%20Mejor%20Ni%C3%B1ez&#038;body=https:\/\/radiorevelacionfm.cl\/?p=18954' aria-hidden='false' data-av_icon='\ue805' data-av_iconfont='entypo-fontello' title='' data-avia-related-tooltip='Compartir por correo'><span class='avia_hidden_link_text'>Compartir por correo<\/span><\/a><\/li><\/ul><\/div><\/div>\n<div  style='height:50px' class='hr hr-invisible   avia-builder-el-8  el_after_av_social_share  el_before_av_comments_list '><span class='hr-inner ' ><span class='hr-inner-style'><\/span><\/span><\/div>\n<div  class='av-buildercomment  av-blog-meta-html-info-disabled av-blog-meta-tag-disabled  '><\/div>\n","protected":false},"excerpt":{"rendered":"","protected":false},"author":1,"featured_media":18959,"comment_status":"open","ping_status":"open","sticky":false,"template":"","format":"standard","meta":{"footnotes":""},"categories":[38],"tags":[],"class_list":["post-18954","post","type-post","status-publish","format-standard","has-post-thumbnail","hentry","category-regional"],"jetpack_featured_media_url":"https:\/\/radiorevelacionfm.cl\/wp-content\/uploads\/2022\/07\/ENCUENTRO-REGIONAL-DE-PARTICIPACION-MEJOR-NINEZ-3-1-1.jpeg","_links":{"self":[{"href":"https:\/\/radiorevelacionfm.cl\/index.php?rest_route=\/wp\/v2\/posts\/18954","targetHints":{"allow":["GET"]}}],"collection":[{"href":"https:\/\/radiorevelacionfm.cl\/index.php?rest_route=\/wp\/v2\/posts"}],"about":[{"href":"https:\/\/radiorevelacionfm.cl\/index.php?rest_route=\/wp\/v2\/types\/post"}],"author":[{"embeddable":true,"href":"https:\/\/radiorevelacionfm.cl\/index.php?rest_route=\/wp\/v2\/users\/1"}],"replies":[{"embeddable":true,"href":"https:\/\/radiorevelacionfm.cl\/index.php?rest_route=%2Fwp%2Fv2%2Fcomments&post=18954"}],"version-history":[{"count":2,"href":"https:\/\/radiorevelacionfm.cl\/index.php?rest_route=\/wp\/v2\/posts\/18954\/revisions"}],"predecessor-version":[{"id":18973,"href":"https:\/\/radiorevelacionfm.cl\/index.php?rest_route=\/wp\/v2\/posts\/18954\/revisions\/18973"}],"wp:featuredmedia":[{"embeddable":true,"href":"https:\/\/radiorevelacionfm.cl\/index.php?rest_route=\/wp\/v2\/media\/18959"}],"wp:attachment":[{"href":"https:\/\/radiorevelacionfm.cl\/index.php?rest_route=%2Fwp%2Fv2%2Fmedia&parent=18954"}],"wp:term":[{"taxonomy":"category","embeddable":true,"href":"https:\/\/radiorevelacionfm.cl\/index.php?rest_route=%2Fwp%2Fv2%2Fcategories&post=18954"},{"taxonomy":"post_tag","embeddable":true,"href":"https:\/\/radiorevelacionfm.cl\/index.php?rest_route=%2Fwp%2Fv2%2Ftags&post=18954"}],"curies":[{"name":"wp","href":"https:\/\/api.w.org\/{rel}","templated":true}]}}