{"id":18950,"date":"2022-07-08T12:24:38","date_gmt":"2022-07-08T15:24:38","guid":{"rendered":"https:\/\/radiorevelacionfm.cl\/?p=18950"},"modified":"2022-07-08T12:24:38","modified_gmt":"2022-07-08T15:24:38","slug":"dan-inicio-a-primer-catastro-regional-de-recolectoras-es-de-productos-forestales-no-madereros-pfnm","status":"publish","type":"post","link":"https:\/\/radiorevelacionfm.cl\/?p=18950","title":{"rendered":"Dan inicio a primer catastro regional de recolectoras\/es de Productos Forestales No Madereros (PFNM)"},"content":{"rendered":"<div class=\"flex_column av_one_full  flex_column_div av-zero-column-padding first  avia-builder-el-0  el_before_av_one_full  avia-builder-el-first  \" style='border-radius:0px; '><div  class='avia-image-container  av-styling-    avia-builder-el-1  avia-builder-el-no-sibling  avia-align-center '  itemprop=\"image\" itemscope=\"itemscope\" itemtype=\"https:\/\/schema.org\/ImageObject\"  ><div class='avia-image-container-inner'><div class='avia-image-overlay-wrap'><img decoding=\"async\" class='wp-image-18951 avia-img-lazy-loading-not-18951 avia_image' src=\"https:\/\/radiorevelacionfm.cl\/wp-content\/uploads\/2022\/07\/catastro-no-maderero1-1-1.jpg\" alt='' title='catastro no maderero1 (1) (1)' height=\"600\" width=\"899\"  itemprop=\"thumbnailUrl\" srcset=\"https:\/\/radiorevelacionfm.cl\/wp-content\/uploads\/2022\/07\/catastro-no-maderero1-1-1.jpg 899w, https:\/\/radiorevelacionfm.cl\/wp-content\/uploads\/2022\/07\/catastro-no-maderero1-1-1-300x200.jpg 300w, https:\/\/radiorevelacionfm.cl\/wp-content\/uploads\/2022\/07\/catastro-no-maderero1-1-1-768x513.jpg 768w, https:\/\/radiorevelacionfm.cl\/wp-content\/uploads\/2022\/07\/catastro-no-maderero1-1-1-705x471.jpg 705w, https:\/\/radiorevelacionfm.cl\/wp-content\/uploads\/2022\/07\/catastro-no-maderero1-1-1-600x400.jpg 600w\" sizes=\"(max-width: 899px) 100vw, 899px\" \/><\/div><\/div><\/div><\/div><div class=\"flex_column av_one_full  flex_column_div av-zero-column-padding first  avia-builder-el-2  el_after_av_one_full  el_before_av_one_full  column-top-margin\" style='border-radius:0px; '><section class=\"av_textblock_section \"  itemscope=\"itemscope\" itemtype=\"https:\/\/schema.org\/BlogPosting\" itemprop=\"blogPost\" ><div class='avia_textblock  '   itemprop=\"text\" ><p style=\"text-align: center;\"><strong><span style=\"font-size: 18pt;\">Dan inicio a primer catastro regional de recolectoras\/es de Productos Forestales No Madereros (PFNM) <\/span><\/strong><\/p>\n<div id=\"gtx-trans\" style=\"position: absolute; left: -50px; top: 4.31534px;\">\n<div class=\"gtx-trans-icon\"><\/div>\n<\/div>\n<\/div><\/section><\/div><div class=\"flex_column av_one_full  flex_column_div av-zero-column-padding first  avia-builder-el-4  el_after_av_one_full  el_before_av_hr  column-top-margin\" style='border-radius:0px; '><section class=\"av_textblock_section \"  itemscope=\"itemscope\" itemtype=\"https:\/\/schema.org\/BlogPosting\" itemprop=\"blogPost\" ><div class='avia_textblock  '   itemprop=\"text\" ><p style=\"text-align: justify;\">Con una actividad realizada\u00a0en Villa Ma\u00f1ihuales que cont\u00f3 con la presencia de recolectores\/as, profesionales de INFOR sede\u00a0Patagonia\u00a0y el Director (S) de INDAP, se\u00a0llev\u00f3 a cabo la ceremonia de lanzamiento del primer Catastro Regional de Recolectoras\/es de Productos Forestales no Madereros (PFNM) de la regi\u00f3n de Ays\u00e9n.<br \/>\nActividad de lanzamiento donde estudiantes de segundo a\u00f1o de la carrera de Psicolog\u00eda Universidad de Ays\u00e9n aplicaron una encuesta a m\u00e1s de 20 recolectoras\/es que asistieron a la sede del sector Chacras de la localidad, para dar inicio al trabajo en terreno de este catastro que busca recopilar informaci\u00f3n que apoye las pol\u00edticas p\u00fablicas y apunte a mejorar la calidad de vida de recolectores y recolectoras.<\/p>\n<p style=\"text-align: justify;\">En este sentido\u00a0el Seremi de Agricultura Alan Espinoza Ortiz, indic\u00f3 que este tipo de programas, \u201creviste una gran importancia para el Ministerio de Agricultura pues se relaciona directamente con el Plan Siembra por Chile,\u00a0\u00a0ya que contar con informaci\u00f3n actualizada de los productores y de las productoras, nos\u00a0\u00a0permite la generaci\u00f3n de instrumentos que apoyen e impulse la comercializaci\u00f3n de dichos productos\u00a0\u00a0y por esto estamos generando m\u00e1s empleos para la agricultura familiar campesina\u201d, sostuvo.<\/p>\n<div class=\"code-block code-block-6\" style=\"text-align: justify;\">\n<div id=\"Inread\">Por su parte una de las participantes, Albina Aburto, resalt\u00f3 este este proceso de catastro apunta hacia el fortalecimiento de este oficio.<\/div>\n<\/div>\n<div class=\"code-block code-block-4\" style=\"text-align: justify;\">\n<div id=\"300x250-B\">\u201cPor supuesto que a m\u00ed me favorece mucho, porque como nosotros recolectamos productos no madereros y solamente lo entregamos a una empresa que ven\u00eda a comprarlo, pero ahora nos ense\u00f1aron a trabajar con el valor agregado. As\u00ed que eso ha favorecido mucho\u201d expres\u00f3.<\/div>\n<\/div>\n<p style=\"text-align: justify;\"><strong>Primera l\u00ednea base en la regi\u00f3n<\/strong><\/p>\n<p style=\"text-align: justify;\">El primer estudio descriptivo fue realizado por INFOR en el a\u00f1o 2012 y entrego los primeros resultados de la actividad, entre ellos la presencia de cerca de 1.000 recolectores en nuestra regi\u00f3n, m\u00e1s del 80% son mujeres y que la recolecci\u00f3n constituye una importante fuente de ingresos familiares en las zonas rurales.<\/p>\n<p style=\"text-align: justify;\">En el presente levantamiento se realiz\u00f3 un\u00a0muestreo denominado \u201cbola de nieve\u201d, que es un tipo de muestreo no probabil\u00edstico que se basa en entrevistar personas iniciales quienes entregan antecedentes para entrevistar a personas adicionales.<\/p>\n<p style=\"text-align: justify;\">\u201cEs una colaboraci\u00f3n interesante, ya que trata sobre todo lo forestal y todos los frutos, en este caso de la regi\u00f3n, que son productos que son comercializados constantemente por la gente. Y es interesante tambi\u00e9n la colaboraci\u00f3n con la universidad, porque nos sirve a nosotros como estudiante para llevar a cabo la pr\u00e1ctica y tener experiencia m\u00e1s en terreno\u201d, se\u00f1al\u00f3 el estudiante Miguel Ruiz de la Universidad de Ays\u00e9n.<\/p>\n<p style=\"text-align: justify;\">Por su parte, el\u00a0Gerente de INFOR Sede Patagonia, Jaime\u00a0Salinas Sanhueza, resalt\u00f3 que con la implementaci\u00f3n de este muestreo Ays\u00e9n ser\u00e1\u00a0la segunda regi\u00f3n en Chile en tener un catastro de sus productores y productoras.<\/p>\n<p style=\"text-align: justify;\">\u201cLos frutos silvestres y hongos recolectados en la regi\u00f3n son utilizados en comunidades de recolectores para satisfacer sus necesidades alimenticias, culturales, de salud y tambi\u00e9n son una fuente de ingresos para sus familias. A finales del a\u00f1o 2022 contaremos con valiosa informaci\u00f3n que permitir\u00e1 dinamizar el rubro de los PFNM\u201d indico Salinas.<\/p>\n<p style=\"text-align: justify;\">El Catastro Regional est\u00e1 liderado por el Instituto Forestal Sede Patagonia en el marco del Programa F.N.D.R. \u201cTransferencia para el desarrollo productivo en base a los PFNM\u201d que cuenta con financiamiento del Gobierno Regional de Ays\u00e9n. Se espera entrevistar cerca de 500 personas dedicadas a la recolecci\u00f3n de PFNM desde la Junta a Villa O\u2019Higgins, incluyendo las zonas pobladas del litoral.<\/p>\n<\/div><\/section><\/div><div  style='height:50px' class='hr hr-invisible   avia-builder-el-6  el_after_av_one_full  el_before_av_social_share '><span class='hr-inner ' ><span class='hr-inner-style'><\/span><\/span><\/div><\/p>\n<div  class='av-social-sharing-box  avia-builder-el-7  el_after_av_hr  el_before_av_hr  '><div class='av-share-box'><h5 class='av-share-link-description av-no-toc '>Compartir esta noticia<\/h5><ul class='av-share-box-list noLightbox'><li class='av-share-link av-social-link-facebook' ><a target=\"_blank\" aria-label=\"Compartir en Facebook\" href='https:\/\/www.facebook.com\/sharer.php?u=https:\/\/radiorevelacionfm.cl\/?p=18950&#038;t=Dan%20inicio%20a%20primer%20catastro%20regional%20de%20recolectoras%2Fes%20de%20Productos%20Forestales%20No%20Madereros%20%28PFNM%29' aria-hidden='false' data-av_icon='\ue8f3' data-av_iconfont='entypo-fontello' title='' data-avia-related-tooltip='Compartir en Facebook' rel=\"noopener\"><span class='avia_hidden_link_text'>Compartir en Facebook<\/span><\/a><\/li><li class='av-share-link av-social-link-twitter' ><a target=\"_blank\" aria-label=\"Compartir en Twitter\" href='https:\/\/twitter.com\/share?text=Dan%20inicio%20a%20primer%20catastro%20regional%20de%20recolectoras%2Fes%20de%20Productos%20Forestales%20No%20Madereros%20%28PFNM%29&#038;url=https:\/\/radiorevelacionfm.cl\/?p=18950' aria-hidden='false' data-av_icon='\ue8f1' data-av_iconfont='entypo-fontello' title='' data-avia-related-tooltip='Compartir en Twitter' rel=\"noopener\"><span class='avia_hidden_link_text'>Compartir en Twitter<\/span><\/a><\/li><li class='av-share-link av-social-link-whatsapp' ><a target=\"_blank\" aria-label=\"Compartir en Whatsapp\" href='https:\/\/api.whatsapp.com\/send?text=https:\/\/radiorevelacionfm.cl\/?p=18950' aria-hidden='false' data-av_icon='\uf232' data-av_iconfont='entypo-fontello' title='' data-avia-related-tooltip='Compartir en Whatsapp' rel=\"noopener\"><span class='avia_hidden_link_text'>Compartir en Whatsapp<\/span><\/a><\/li><li class='av-share-link av-social-link-linkedin' ><a target=\"_blank\" aria-label=\"Compartir en LinkedIn\" href='https:\/\/linkedin.com\/shareArticle?mini=true&#038;title=Dan%20inicio%20a%20primer%20catastro%20regional%20de%20recolectoras%2Fes%20de%20Productos%20Forestales%20No%20Madereros%20%28PFNM%29&#038;url=https:\/\/radiorevelacionfm.cl\/?p=18950' aria-hidden='false' data-av_icon='\ue8fc' data-av_iconfont='entypo-fontello' title='' data-avia-related-tooltip='Compartir en LinkedIn' rel=\"noopener\"><span class='avia_hidden_link_text'>Compartir en LinkedIn<\/span><\/a><\/li><li class='av-share-link av-social-link-mail' ><a  aria-label=\"Compartir por correo\" href='mailto:?subject=Dan%20inicio%20a%20primer%20catastro%20regional%20de%20recolectoras%2Fes%20de%20Productos%20Forestales%20No%20Madereros%20%28PFNM%29&#038;body=https:\/\/radiorevelacionfm.cl\/?p=18950' aria-hidden='false' data-av_icon='\ue805' data-av_iconfont='entypo-fontello' title='' data-avia-related-tooltip='Compartir por correo'><span class='avia_hidden_link_text'>Compartir por correo<\/span><\/a><\/li><\/ul><\/div><\/div>\n<div  style='height:50px' class='hr hr-invisible   avia-builder-el-8  el_after_av_social_share  el_before_av_comments_list '><span class='hr-inner ' ><span class='hr-inner-style'><\/span><\/span><\/div>\n<div  class='av-buildercomment  av-blog-meta-html-info-disabled av-blog-meta-tag-disabled  '><\/div>\n","protected":false},"excerpt":{"rendered":"","protected":false},"author":1,"featured_media":18951,"comment_status":"open","ping_status":"open","sticky":false,"template":"","format":"standard","meta":{"footnotes":""},"categories":[38],"tags":[],"class_list":["post-18950","post","type-post","status-publish","format-standard","has-post-thumbnail","hentry","category-regional"],"jetpack_featured_media_url":"https:\/\/radiorevelacionfm.cl\/wp-content\/uploads\/2022\/07\/catastro-no-maderero1-1-1.jpg","_links":{"self":[{"href":"https:\/\/radiorevelacionfm.cl\/index.php?rest_route=\/wp\/v2\/posts\/18950","targetHints":{"allow":["GET"]}}],"collection":[{"href":"https:\/\/radiorevelacionfm.cl\/index.php?rest_route=\/wp\/v2\/posts"}],"about":[{"href":"https:\/\/radiorevelacionfm.cl\/index.php?rest_route=\/wp\/v2\/types\/post"}],"author":[{"embeddable":true,"href":"https:\/\/radiorevelacionfm.cl\/index.php?rest_route=\/wp\/v2\/users\/1"}],"replies":[{"embeddable":true,"href":"https:\/\/radiorevelacionfm.cl\/index.php?rest_route=%2Fwp%2Fv2%2Fcomments&post=18950"}],"version-history":[{"count":2,"href":"https:\/\/radiorevelacionfm.cl\/index.php?rest_route=\/wp\/v2\/posts\/18950\/revisions"}],"predecessor-version":[{"id":18974,"href":"https:\/\/radiorevelacionfm.cl\/index.php?rest_route=\/wp\/v2\/posts\/18950\/revisions\/18974"}],"wp:featuredmedia":[{"embeddable":true,"href":"https:\/\/radiorevelacionfm.cl\/index.php?rest_route=\/wp\/v2\/media\/18951"}],"wp:attachment":[{"href":"https:\/\/radiorevelacionfm.cl\/index.php?rest_route=%2Fwp%2Fv2%2Fmedia&parent=18950"}],"wp:term":[{"taxonomy":"category","embeddable":true,"href":"https:\/\/radiorevelacionfm.cl\/index.php?rest_route=%2Fwp%2Fv2%2Fcategories&post=18950"},{"taxonomy":"post_tag","embeddable":true,"href":"https:\/\/radiorevelacionfm.cl\/index.php?rest_route=%2Fwp%2Fv2%2Ftags&post=18950"}],"curies":[{"name":"wp","href":"https:\/\/api.w.org\/{rel}","templated":true}]}}