{"id":18946,"date":"2022-07-07T19:22:58","date_gmt":"2022-07-07T22:22:58","guid":{"rendered":"https:\/\/radiorevelacionfm.cl\/?p=18946"},"modified":"2022-07-07T19:22:58","modified_gmt":"2022-07-07T22:22:58","slug":"servicio-de-salud-aysen-se-traslada-a-la-zona-sur-y-compromete-gestiones-para-mejorar-la-calidad-de-la-atencion","status":"publish","type":"post","link":"https:\/\/radiorevelacionfm.cl\/?p=18946","title":{"rendered":"Servicio de Salud Ays\u00e9n se traslada a la zona sur y compromete gestiones para mejorar la calidad de la atenci\u00f3n"},"content":{"rendered":"<div class=\"flex_column av_one_full  flex_column_div av-zero-column-padding first  avia-builder-el-0  el_before_av_one_full  avia-builder-el-first  \" style='border-radius:0px; '><div  class='avia-image-container  av-styling-    avia-builder-el-1  avia-builder-el-no-sibling  avia-align-center '  itemprop=\"image\" itemscope=\"itemscope\" itemtype=\"https:\/\/schema.org\/ImageObject\"  ><div class='avia-image-container-inner'><div class='avia-image-overlay-wrap'><img decoding=\"async\" class='wp-image-18947 avia-img-lazy-loading-not-18947 avia_image' src=\"https:\/\/radiorevelacionfm.cl\/wp-content\/uploads\/2022\/07\/TORTEL-FUNCIONARIOS-1-1.jpeg\" alt='' title='TORTEL FUNCIONARIOS (1) (1)' height=\"600\" width=\"1067\"  itemprop=\"thumbnailUrl\" srcset=\"https:\/\/radiorevelacionfm.cl\/wp-content\/uploads\/2022\/07\/TORTEL-FUNCIONARIOS-1-1.jpeg 1067w, https:\/\/radiorevelacionfm.cl\/wp-content\/uploads\/2022\/07\/TORTEL-FUNCIONARIOS-1-1-300x169.jpeg 300w, https:\/\/radiorevelacionfm.cl\/wp-content\/uploads\/2022\/07\/TORTEL-FUNCIONARIOS-1-1-1030x579.jpeg 1030w, https:\/\/radiorevelacionfm.cl\/wp-content\/uploads\/2022\/07\/TORTEL-FUNCIONARIOS-1-1-768x432.jpeg 768w, https:\/\/radiorevelacionfm.cl\/wp-content\/uploads\/2022\/07\/TORTEL-FUNCIONARIOS-1-1-705x396.jpeg 705w, https:\/\/radiorevelacionfm.cl\/wp-content\/uploads\/2022\/07\/TORTEL-FUNCIONARIOS-1-1-600x337.jpeg 600w\" sizes=\"(max-width: 1067px) 100vw, 1067px\" \/><\/div><\/div><\/div><\/div><div class=\"flex_column av_one_full  flex_column_div av-zero-column-padding first  avia-builder-el-2  el_after_av_one_full  el_before_av_one_full  column-top-margin\" style='border-radius:0px; '><section class=\"av_textblock_section \"  itemscope=\"itemscope\" itemtype=\"https:\/\/schema.org\/BlogPosting\" itemprop=\"blogPost\" ><div class='avia_textblock  '   itemprop=\"text\" ><p style=\"text-align: center;\"><span style=\"font-size: 18pt;\"><b>Servicio de Salud Ays\u00e9n se traslada a la zona sur y compromete gestiones para mejorar la calidad de la atenci\u00f3n \u00a0<\/b><\/span><\/p>\n<div id=\"gtx-trans\" style=\"position: absolute; left: -50px; top: 4.31534px;\">\n<div class=\"gtx-trans-icon\"><\/div>\n<\/div>\n<\/div><\/section><\/div><div class=\"flex_column av_one_full  flex_column_div av-zero-column-padding first  avia-builder-el-4  el_after_av_one_full  el_before_av_hr  column-top-margin\" style='border-radius:0px; '><section class=\"av_textblock_section \"  itemscope=\"itemscope\" itemtype=\"https:\/\/schema.org\/BlogPosting\" itemprop=\"blogPost\" ><div class='avia_textblock  '   itemprop=\"text\" ><p style=\"font-weight: 400; text-align: justify;\">Una visita a las comunas del sur de la regi\u00f3n de Ays\u00e9n llev\u00f3 a cabo parte del equipo directivo del Servicio de Salud Ays\u00e9n (SSA), con el fin de tener encuentros ciudadanos y visitar distintos centros de salud, para dialogar con los funcionarios y funcionarias y apuntar sus necesidades e inquietudes.<\/p>\n<p style=\"font-weight: 400; text-align: justify;\">De este modo el equipo del SSA visit\u00f3 Cochrane, Caleta Tortel, Puerto Bertrand y Puerto Guadal, donde recogieron las demandas ciudadanas y a la vez se reunieron con dirigentes sociales de dichas localidades. \u201cEs importante poder juntarnos con las comunidades, hacer levantamientos en cada uno de los territorios y que nos sientan cercanos, sobre todo en estas comunidades tan lejanas. Hay una instructivo de la Subsecretar\u00eda que es cuidar a quienes nos cuidan, es decir, nuestros funcionarios y adem\u00e1s mejorar la situaci\u00f3n en las localidades lejanas, haciendo planes de trabajo a corto, mediano y largo plazo\u201d, acot\u00f3 Gabriel Burgos, director del SSA.<\/p>\n<p style=\"font-weight: 400; text-align: justify;\">El primer alto en el itinerario fue la localidad de Cochrane, donde en un masivo encuentro ciudadano en el marco de Gobierno en Terreno, los usuarios de la red de salud hicieron preguntas y apuntaron mejoras.<\/p>\n<p style=\"font-weight: 400; text-align: justify;\">Tambi\u00e9n visitaron el Hospital de Cochrane, donde Burgos Salas y la directora del establecimiento, Miriam Navarrete, recorrieron su infraestructura.<\/p>\n<p style=\"font-weight: 400; text-align: justify;\">La idea de estos encuentros es dialogar con la comunidad, escuchar sus inquietudes y demandas y comprometer apoyos y gestiones para facilitar la vida de quienes viven en las comunas del sur de Ays\u00e9n. \u201cComo chilenos somos un pa\u00eds que hemos dado un paso significativo, preocuparnos del medio ambiente y ver alternativas en desarrollo. En estos cien d\u00edas se han ejecutado variadas iniciativas, todas en beneficio del territorio. Ac\u00e1 en la provincia se han visto inversiones en el plan Chile Apoya. Tenemos una proyecci\u00f3n de mejoras, un hospital y los vecinos nos dicen que se requiere m\u00e1s recurso humano y el compromiso se lo lleva la Seremi y el director del servicio\u201d, se\u00f1al\u00f3 Marta Montiel, delegada provincial Capit\u00e1n Prat, quien organiz\u00f3 el encuentro en Cochrane.<\/p>\n<p style=\"font-weight: 400; text-align: justify;\">\u201cCualquier ejercicio que signifique consultar a la comunidad me parece bien. Consideramos que se pueden enmendar algunas cosas y se puede comenzar a trabajar. Hay muchas demandas en torno al hospital, que adolece de equipamiento y personal\u201d. Y agreg\u00f3 que \u201ccuando vemos que se est\u00e1n devolviendo m\u00e1s de 14 mil millones de pesos de los fondos regionales, donde se deber\u00eda priorizar la compra de mam\u00f3grafo, ec\u00f3grafo y equipo para esta infraestructura\u201d, precis\u00f3 Claudio Manzur, uno de los asistentes al di\u00e1logo en el mercado municipal de Cochrane.<\/p>\n<p style=\"font-weight: 400; text-align: justify;\">Las autoridades asistentes, donde tambi\u00e9n se encontraban los Seremis de Salud, Energ\u00eda y Obras P\u00fablicas, tomaron apuntes y se comprometieron a realizar gestiones en las materias que los cochraninos mandataron.<\/p>\n<p style=\"font-weight: 400; text-align: justify;\"><strong>Caleta Tortel y Puerto Guadal<\/strong><\/p>\n<p style=\"font-weight: 400; text-align: justify;\">Tras ello, el equipo de Salud se traslad\u00f3 a Caleta Tortel, donde tambi\u00e9n sostuvieron encuentros con los trabajadores de la salud y la comunidad organizada. \u201cEs primera vez que veo que un director se acerca a la comunidad para conversar, consultar y ver c\u00f3mo est\u00e1 la salud en la zona y eso se valora, porque podemos expresar nuestras quejas y solicitar lo que nos falta y mejorar la salud rural en Tortel\u201d, recalc\u00f3 Maritza Reyes dirigenta de la junta de vecinos de Tortel.<\/p>\n<p style=\"font-weight: 400; text-align: justify;\">Luego de ello, conocieron el estado de la posta de salud rural de Puerto Bertrand, para m\u00e1s tarde trasladarse a Puerto Guadal.<\/p>\n<p style=\"font-weight: 400; text-align: justify;\">\u201cEstamos contentos que nos hayan convocado a esta reuni\u00f3n y de la gran cantidad de organizaciones y personas que vinieron y c\u00f3mo se enfrentaron los temas desde Salud, porque escucharon atentamente, con respeto y tomaron apuntes de lo que dijeron los vecinos y se asumieron compromisos. Y otra cosa importante es que vamos a reactivar el consejo consultivo local\u201d, advirti\u00f3 Miriam Chible, presidenta Junta de Vecinos de Puerto Guadal.<\/p>\n<p style=\"font-weight: 400; text-align: justify;\">Mientras Alicia Vera, tambi\u00e9n parte de la junta de vecinos de Guadal, agreg\u00f3 que \u201cbien la reuni\u00f3n, una buena asamblea de vecinos. Ten\u00edamos hace tiempo las ganas de tener una reuni\u00f3n con salud y los funcionarios de la posta local, porque la idea es solucionar los problemas. Nos vamos conformes, porque nos dieron esperanza que la salud va a mejorar\u201d, sentenci\u00f3.<\/p>\n<\/div><\/section><\/div><div  style='height:50px' class='hr hr-invisible   avia-builder-el-6  el_after_av_one_full  el_before_av_social_share '><span class='hr-inner ' ><span class='hr-inner-style'><\/span><\/span><\/div><\/p>\n<div  class='av-social-sharing-box  avia-builder-el-7  el_after_av_hr  el_before_av_hr  '><div class='av-share-box'><h5 class='av-share-link-description av-no-toc '>Compartir esta noticia<\/h5><ul class='av-share-box-list noLightbox'><li class='av-share-link av-social-link-facebook' ><a target=\"_blank\" aria-label=\"Compartir en Facebook\" href='https:\/\/www.facebook.com\/sharer.php?u=https:\/\/radiorevelacionfm.cl\/?p=18946&#038;t=Servicio%20de%20Salud%20Ays%C3%A9n%20se%20traslada%20a%20la%20zona%20sur%20y%20compromete%20gestiones%20para%20mejorar%20la%20calidad%20de%20la%20atenci%C3%B3n' aria-hidden='false' data-av_icon='\ue8f3' data-av_iconfont='entypo-fontello' title='' data-avia-related-tooltip='Compartir en Facebook' rel=\"noopener\"><span class='avia_hidden_link_text'>Compartir en Facebook<\/span><\/a><\/li><li class='av-share-link av-social-link-twitter' ><a target=\"_blank\" aria-label=\"Compartir en Twitter\" href='https:\/\/twitter.com\/share?text=Servicio%20de%20Salud%20Ays%C3%A9n%20se%20traslada%20a%20la%20zona%20sur%20y%20compromete%20gestiones%20para%20mejorar%20la%20calidad%20de%20la%20atenci%C3%B3n&#038;url=https:\/\/radiorevelacionfm.cl\/?p=18946' aria-hidden='false' data-av_icon='\ue8f1' data-av_iconfont='entypo-fontello' title='' data-avia-related-tooltip='Compartir en Twitter' rel=\"noopener\"><span class='avia_hidden_link_text'>Compartir en Twitter<\/span><\/a><\/li><li class='av-share-link av-social-link-whatsapp' ><a target=\"_blank\" aria-label=\"Compartir en Whatsapp\" href='https:\/\/api.whatsapp.com\/send?text=https:\/\/radiorevelacionfm.cl\/?p=18946' aria-hidden='false' data-av_icon='\uf232' data-av_iconfont='entypo-fontello' title='' data-avia-related-tooltip='Compartir en Whatsapp' rel=\"noopener\"><span class='avia_hidden_link_text'>Compartir en Whatsapp<\/span><\/a><\/li><li class='av-share-link av-social-link-linkedin' ><a target=\"_blank\" aria-label=\"Compartir en LinkedIn\" href='https:\/\/linkedin.com\/shareArticle?mini=true&#038;title=Servicio%20de%20Salud%20Ays%C3%A9n%20se%20traslada%20a%20la%20zona%20sur%20y%20compromete%20gestiones%20para%20mejorar%20la%20calidad%20de%20la%20atenci%C3%B3n&#038;url=https:\/\/radiorevelacionfm.cl\/?p=18946' aria-hidden='false' data-av_icon='\ue8fc' data-av_iconfont='entypo-fontello' title='' data-avia-related-tooltip='Compartir en LinkedIn' rel=\"noopener\"><span class='avia_hidden_link_text'>Compartir en LinkedIn<\/span><\/a><\/li><li class='av-share-link av-social-link-mail' ><a  aria-label=\"Compartir por correo\" href='mailto:?subject=Servicio%20de%20Salud%20Ays%C3%A9n%20se%20traslada%20a%20la%20zona%20sur%20y%20compromete%20gestiones%20para%20mejorar%20la%20calidad%20de%20la%20atenci%C3%B3n&#038;body=https:\/\/radiorevelacionfm.cl\/?p=18946' aria-hidden='false' data-av_icon='\ue805' data-av_iconfont='entypo-fontello' title='' data-avia-related-tooltip='Compartir por correo'><span class='avia_hidden_link_text'>Compartir por correo<\/span><\/a><\/li><\/ul><\/div><\/div>\n<div  style='height:50px' class='hr hr-invisible   avia-builder-el-8  el_after_av_social_share  el_before_av_comments_list '><span class='hr-inner ' ><span class='hr-inner-style'><\/span><\/span><\/div>\n<div  class='av-buildercomment  av-blog-meta-html-info-disabled av-blog-meta-tag-disabled  '><\/div>\n","protected":false},"excerpt":{"rendered":"","protected":false},"author":1,"featured_media":18947,"comment_status":"open","ping_status":"open","sticky":false,"template":"","format":"standard","meta":{"footnotes":""},"categories":[46],"tags":[],"class_list":["post-18946","post","type-post","status-publish","format-standard","has-post-thumbnail","hentry","category-salud"],"jetpack_featured_media_url":"https:\/\/radiorevelacionfm.cl\/wp-content\/uploads\/2022\/07\/TORTEL-FUNCIONARIOS-1-1.jpeg","_links":{"self":[{"href":"https:\/\/radiorevelacionfm.cl\/index.php?rest_route=\/wp\/v2\/posts\/18946","targetHints":{"allow":["GET"]}}],"collection":[{"href":"https:\/\/radiorevelacionfm.cl\/index.php?rest_route=\/wp\/v2\/posts"}],"about":[{"href":"https:\/\/radiorevelacionfm.cl\/index.php?rest_route=\/wp\/v2\/types\/post"}],"author":[{"embeddable":true,"href":"https:\/\/radiorevelacionfm.cl\/index.php?rest_route=\/wp\/v2\/users\/1"}],"replies":[{"embeddable":true,"href":"https:\/\/radiorevelacionfm.cl\/index.php?rest_route=%2Fwp%2Fv2%2Fcomments&post=18946"}],"version-history":[{"count":2,"href":"https:\/\/radiorevelacionfm.cl\/index.php?rest_route=\/wp\/v2\/posts\/18946\/revisions"}],"predecessor-version":[{"id":18953,"href":"https:\/\/radiorevelacionfm.cl\/index.php?rest_route=\/wp\/v2\/posts\/18946\/revisions\/18953"}],"wp:featuredmedia":[{"embeddable":true,"href":"https:\/\/radiorevelacionfm.cl\/index.php?rest_route=\/wp\/v2\/media\/18947"}],"wp:attachment":[{"href":"https:\/\/radiorevelacionfm.cl\/index.php?rest_route=%2Fwp%2Fv2%2Fmedia&parent=18946"}],"wp:term":[{"taxonomy":"category","embeddable":true,"href":"https:\/\/radiorevelacionfm.cl\/index.php?rest_route=%2Fwp%2Fv2%2Fcategories&post=18946"},{"taxonomy":"post_tag","embeddable":true,"href":"https:\/\/radiorevelacionfm.cl\/index.php?rest_route=%2Fwp%2Fv2%2Ftags&post=18946"}],"curies":[{"name":"wp","href":"https:\/\/api.w.org\/{rel}","templated":true}]}}