{"id":18943,"date":"2022-07-07T18:35:30","date_gmt":"2022-07-07T21:35:30","guid":{"rendered":"https:\/\/radiorevelacionfm.cl\/?p=18943"},"modified":"2022-07-07T18:35:30","modified_gmt":"2022-07-07T21:35:30","slug":"entregan-subsidios-de-arriendo-a-esforzadas-familias-de-puerto-aysen","status":"publish","type":"post","link":"https:\/\/radiorevelacionfm.cl\/?p=18943","title":{"rendered":"Entregan Subsidios de Arriendo a esforzadas familias de Puerto Ays\u00e9n"},"content":{"rendered":"<div class=\"flex_column av_one_full  flex_column_div av-zero-column-padding first  avia-builder-el-0  el_before_av_one_full  avia-builder-el-first  \" style='border-radius:0px; '><div  class='avia-image-container  av-styling-    avia-builder-el-1  avia-builder-el-no-sibling  avia-align-center '  itemprop=\"image\" itemscope=\"itemscope\" itemtype=\"https:\/\/schema.org\/ImageObject\"  ><div class='avia-image-container-inner'><div class='avia-image-overlay-wrap'><img decoding=\"async\" class='wp-image-18944 avia-img-lazy-loading-not-18944 avia_image' src=\"https:\/\/radiorevelacionfm.cl\/wp-content\/uploads\/2022\/07\/Seremi-entrega-subsidio-de-arriendo-a-Sra-Mireya-Mariman1-1-1.jpg\" alt='' title='Seremi entrega subsidio de arriendo a Sra Mireya Mar\u00edm\u00e1n1 (1) (1)' height=\"600\" width=\"907\"  itemprop=\"thumbnailUrl\" srcset=\"https:\/\/radiorevelacionfm.cl\/wp-content\/uploads\/2022\/07\/Seremi-entrega-subsidio-de-arriendo-a-Sra-Mireya-Mariman1-1-1.jpg 907w, https:\/\/radiorevelacionfm.cl\/wp-content\/uploads\/2022\/07\/Seremi-entrega-subsidio-de-arriendo-a-Sra-Mireya-Mariman1-1-1-300x198.jpg 300w, https:\/\/radiorevelacionfm.cl\/wp-content\/uploads\/2022\/07\/Seremi-entrega-subsidio-de-arriendo-a-Sra-Mireya-Mariman1-1-1-768x508.jpg 768w, https:\/\/radiorevelacionfm.cl\/wp-content\/uploads\/2022\/07\/Seremi-entrega-subsidio-de-arriendo-a-Sra-Mireya-Mariman1-1-1-705x466.jpg 705w, https:\/\/radiorevelacionfm.cl\/wp-content\/uploads\/2022\/07\/Seremi-entrega-subsidio-de-arriendo-a-Sra-Mireya-Mariman1-1-1-600x397.jpg 600w\" sizes=\"(max-width: 907px) 100vw, 907px\" \/><\/div><\/div><\/div><\/div><div class=\"flex_column av_one_full  flex_column_div av-zero-column-padding first  avia-builder-el-2  el_after_av_one_full  el_before_av_one_full  column-top-margin\" style='border-radius:0px; '><section class=\"av_textblock_section \"  itemscope=\"itemscope\" itemtype=\"https:\/\/schema.org\/BlogPosting\" itemprop=\"blogPost\" ><div class='avia_textblock  '   itemprop=\"text\" ><p style=\"text-align: center;\"><strong><span style=\"font-size: 18pt;\">Entregan Subsidios de Arriendo a esforzadas familias de Puerto Ays\u00e9n<\/span><\/strong><\/p>\n<div id=\"gtx-trans\" style=\"position: absolute; left: -50px; top: 4.31534px;\">\n<div class=\"gtx-trans-icon\"><\/div>\n<\/div>\n<\/div><\/section><\/div><div class=\"flex_column av_one_full  flex_column_div av-zero-column-padding first  avia-builder-el-4  el_after_av_one_full  el_before_av_hr  column-top-margin\" style='border-radius:0px; '><section class=\"av_textblock_section \"  itemscope=\"itemscope\" itemtype=\"https:\/\/schema.org\/BlogPosting\" itemprop=\"blogPost\" ><div class='avia_textblock  '   itemprop=\"text\" ><p style=\"text-align: justify;\">Con gran satisfacci\u00f3n la Seremi de Vivienda y Urbanismo de la regi\u00f3n de Ays\u00e9n, Paulina Ruz Delf\u00edn, hizo entrega de certificados de subsidio de arriendo a dos esforzadas familias de Puerto Ays\u00e9n, las cuales necesitaban con urgencia de dicho beneficio para mejorar sus condiciones de habitabilidad, a la espera de que se concrete la construcci\u00f3n definitiva de sus nuevas viviendas.<\/p>\n<p style=\"text-align: justify;\">Cabe se\u00f1alar que ambos casos sociales son ampliamente conocidos a nivel local, ya que se vieron afectados por un incendio que destruy\u00f3 por completo sus inmuebles, debiendo recibir ayuda de la comunidad y de los entes p\u00fablicos locales para sobrellevar su compleja situaci\u00f3n.<\/p>\n<p style=\"text-align: justify;\">Uno de los casos es el de la Se\u00f1ora Sonia Ra\u00edn, quien perdi\u00f3 su casa el a\u00f1o 2003 en un incendio y requiere una nueva construcci\u00f3n para reemplazar la que habita actualmente, que est\u00e1 en muy malas condiciones. En este caso el Serviu la orient\u00f3 para trabajar con la Entidad Patrocinante de Yoni Calbuc\u00e1n, quien cumpli\u00f3 con la elaboraci\u00f3n, aprobaci\u00f3n y postulaci\u00f3n del proyecto. Actualmente est\u00e1n a la espera de los resultados para recibir el subsidio, contratar a la empresa e iniciar la construcci\u00f3n de la vivienda definitiva.<\/p>\n<p style=\"text-align: justify;\">Gracias al subsidio de arriendo la Se\u00f1ora Sonia y su familia podr\u00e1n esperar en mejores condiciones hasta recibir su vivienda definitiva e iniciar en ella una nueva vida. Por otra parte, el programa \u201cFamilias\u201d de la Municipalidad local los apoyar\u00e1 en la b\u00fasqueda de una vivienda provisoria para el arriendo.<\/p>\n<p style=\"text-align: justify;\">El otro caso es el la Se\u00f1ora Mireya Marim\u00e1n, quien en diciembre de 2021 tambi\u00e9n vio destruida su vivienda a ra\u00edz de un siniestro que la dej\u00f3 en ser\u00edas condiciones de vulnerabilidad. Hoy habita una casa de emergencia y con el subsidio de arriendo tambi\u00e9n podr\u00e1 disponer de una mejor condici\u00f3n y una mejor calidad de vida mientras se ejecuta su proyecto en terreno propio. Este proyecto es realizado por el Entidad Patrocinante Ergo y est\u00e1 a la espera de su aprobaci\u00f3n para dar inicio a las obras de construcci\u00f3n que tanto esperan.<\/p>\n<p style=\"text-align: justify;\">La Seremi de Vivienda, Paulina Ruz, expres\u00f3 su satisfacci\u00f3n de poder apoyar con un subsidio de arriendo a estas dos esforzadas familias, a la espera que se concrete la soluci\u00f3n definitiva. \u201cJunto a la Municipalidad y su Direcci\u00f3n de Desarrollo Comunitario hemos seguido estos casos desde que empezamos nuestra gesti\u00f3n y nos complace entregar este apoyo a trav\u00e9s de una asignaci\u00f3n directa, que est\u00e1 destinada para casos muy especiales, entendiendo que la situaci\u00f3n lo amerita y que eso les permitir\u00e1 esperar dignamente el proceso de construcci\u00f3n de sus casas, las cuales se har\u00e1n realidad tambi\u00e9n a trav\u00e9s de subsidios de nuestro Ministerio de Vivienda, en base al programa de Fondo Solidario para construcci\u00f3n en sitio propio\u201d, precis\u00f3.<\/p>\n<p style=\"text-align: justify;\">Asegur\u00f3 finalmente la Seremi que seguir\u00e1n acompa\u00f1ando a estas familias hasta ver en sus manos las llaves de la casa propia, aportando as\u00ed al bienestar que se merecen para dejar atr\u00e1s los dif\u00edciles momentos que han debido enfrentar en los \u00faltimos a\u00f1os.<\/p>\n<\/div><\/section><\/div><div  style='height:50px' class='hr hr-invisible   avia-builder-el-6  el_after_av_one_full  el_before_av_social_share '><span class='hr-inner ' ><span class='hr-inner-style'><\/span><\/span><\/div><\/p>\n<div  class='av-social-sharing-box  avia-builder-el-7  el_after_av_hr  el_before_av_hr  '><div class='av-share-box'><h5 class='av-share-link-description av-no-toc '>Compartir esta noticia<\/h5><ul class='av-share-box-list noLightbox'><li class='av-share-link av-social-link-facebook' ><a target=\"_blank\" aria-label=\"Compartir en Facebook\" href='https:\/\/www.facebook.com\/sharer.php?u=https:\/\/radiorevelacionfm.cl\/?p=18943&#038;t=Entregan%20Subsidios%20de%20Arriendo%20a%20esforzadas%20familias%20de%20Puerto%20Ays%C3%A9n' aria-hidden='false' data-av_icon='\ue8f3' data-av_iconfont='entypo-fontello' title='' data-avia-related-tooltip='Compartir en Facebook' rel=\"noopener\"><span class='avia_hidden_link_text'>Compartir en Facebook<\/span><\/a><\/li><li class='av-share-link av-social-link-twitter' ><a target=\"_blank\" aria-label=\"Compartir en Twitter\" href='https:\/\/twitter.com\/share?text=Entregan%20Subsidios%20de%20Arriendo%20a%20esforzadas%20familias%20de%20Puerto%20Ays%C3%A9n&#038;url=https:\/\/radiorevelacionfm.cl\/?p=18943' aria-hidden='false' data-av_icon='\ue8f1' data-av_iconfont='entypo-fontello' title='' data-avia-related-tooltip='Compartir en Twitter' rel=\"noopener\"><span class='avia_hidden_link_text'>Compartir en Twitter<\/span><\/a><\/li><li class='av-share-link av-social-link-whatsapp' ><a target=\"_blank\" aria-label=\"Compartir en Whatsapp\" href='https:\/\/api.whatsapp.com\/send?text=https:\/\/radiorevelacionfm.cl\/?p=18943' aria-hidden='false' data-av_icon='\uf232' data-av_iconfont='entypo-fontello' title='' data-avia-related-tooltip='Compartir en Whatsapp' rel=\"noopener\"><span class='avia_hidden_link_text'>Compartir en Whatsapp<\/span><\/a><\/li><li class='av-share-link av-social-link-linkedin' ><a target=\"_blank\" aria-label=\"Compartir en LinkedIn\" href='https:\/\/linkedin.com\/shareArticle?mini=true&#038;title=Entregan%20Subsidios%20de%20Arriendo%20a%20esforzadas%20familias%20de%20Puerto%20Ays%C3%A9n&#038;url=https:\/\/radiorevelacionfm.cl\/?p=18943' aria-hidden='false' data-av_icon='\ue8fc' data-av_iconfont='entypo-fontello' title='' data-avia-related-tooltip='Compartir en LinkedIn' rel=\"noopener\"><span class='avia_hidden_link_text'>Compartir en LinkedIn<\/span><\/a><\/li><li class='av-share-link av-social-link-mail' ><a  aria-label=\"Compartir por correo\" href='mailto:?subject=Entregan%20Subsidios%20de%20Arriendo%20a%20esforzadas%20familias%20de%20Puerto%20Ays%C3%A9n&#038;body=https:\/\/radiorevelacionfm.cl\/?p=18943' aria-hidden='false' data-av_icon='\ue805' data-av_iconfont='entypo-fontello' title='' data-avia-related-tooltip='Compartir por correo'><span class='avia_hidden_link_text'>Compartir por correo<\/span><\/a><\/li><\/ul><\/div><\/div>\n<div  style='height:50px' class='hr hr-invisible   avia-builder-el-8  el_after_av_social_share  el_before_av_comments_list '><span class='hr-inner ' ><span class='hr-inner-style'><\/span><\/span><\/div>\n<div  class='av-buildercomment  av-blog-meta-html-info-disabled av-blog-meta-tag-disabled  '><\/div>\n","protected":false},"excerpt":{"rendered":"","protected":false},"author":1,"featured_media":18944,"comment_status":"open","ping_status":"open","sticky":false,"template":"","format":"standard","meta":{"footnotes":""},"categories":[57],"tags":[],"class_list":["post-18943","post","type-post","status-publish","format-standard","has-post-thumbnail","hentry","category-vivienda"],"jetpack_featured_media_url":"https:\/\/radiorevelacionfm.cl\/wp-content\/uploads\/2022\/07\/Seremi-entrega-subsidio-de-arriendo-a-Sra-Mireya-Mariman1-1-1.jpg","_links":{"self":[{"href":"https:\/\/radiorevelacionfm.cl\/index.php?rest_route=\/wp\/v2\/posts\/18943","targetHints":{"allow":["GET"]}}],"collection":[{"href":"https:\/\/radiorevelacionfm.cl\/index.php?rest_route=\/wp\/v2\/posts"}],"about":[{"href":"https:\/\/radiorevelacionfm.cl\/index.php?rest_route=\/wp\/v2\/types\/post"}],"author":[{"embeddable":true,"href":"https:\/\/radiorevelacionfm.cl\/index.php?rest_route=\/wp\/v2\/users\/1"}],"replies":[{"embeddable":true,"href":"https:\/\/radiorevelacionfm.cl\/index.php?rest_route=%2Fwp%2Fv2%2Fcomments&post=18943"}],"version-history":[{"count":2,"href":"https:\/\/radiorevelacionfm.cl\/index.php?rest_route=\/wp\/v2\/posts\/18943\/revisions"}],"predecessor-version":[{"id":18949,"href":"https:\/\/radiorevelacionfm.cl\/index.php?rest_route=\/wp\/v2\/posts\/18943\/revisions\/18949"}],"wp:featuredmedia":[{"embeddable":true,"href":"https:\/\/radiorevelacionfm.cl\/index.php?rest_route=\/wp\/v2\/media\/18944"}],"wp:attachment":[{"href":"https:\/\/radiorevelacionfm.cl\/index.php?rest_route=%2Fwp%2Fv2%2Fmedia&parent=18943"}],"wp:term":[{"taxonomy":"category","embeddable":true,"href":"https:\/\/radiorevelacionfm.cl\/index.php?rest_route=%2Fwp%2Fv2%2Fcategories&post=18943"},{"taxonomy":"post_tag","embeddable":true,"href":"https:\/\/radiorevelacionfm.cl\/index.php?rest_route=%2Fwp%2Fv2%2Ftags&post=18943"}],"curies":[{"name":"wp","href":"https:\/\/api.w.org\/{rel}","templated":true}]}}