{"id":18939,"date":"2022-07-07T18:00:08","date_gmt":"2022-07-07T21:00:08","guid":{"rendered":"https:\/\/radiorevelacionfm.cl\/?p=18939"},"modified":"2022-07-07T18:00:08","modified_gmt":"2022-07-07T21:00:08","slug":"con-importante-inversion-enfocada-en-mejorar-la-calidad-de-vida-de-los-habitantes-alcalde-roncagliolo-evaluo-primer-ano-de-gestion","status":"publish","type":"post","link":"https:\/\/radiorevelacionfm.cl\/?p=18939","title":{"rendered":"Con importante inversi\u00f3n enfocada en mejorar la calidad de vida de los habitantes alcalde Roncagliolo evalu\u00f3 primer a\u00f1o de gesti\u00f3n"},"content":{"rendered":"<div class=\"flex_column av_one_full  flex_column_div av-zero-column-padding first  avia-builder-el-0  el_before_av_one_full  avia-builder-el-first  \" style='border-radius:0px; '><div  class='avia-image-container  av-styling-    avia-builder-el-1  avia-builder-el-no-sibling  avia-align-center '  itemprop=\"image\" itemscope=\"itemscope\" itemtype=\"https:\/\/schema.org\/ImageObject\"  ><div class='avia-image-container-inner'><div class='avia-image-overlay-wrap'><img decoding=\"async\" class='wp-image-18940 avia-img-lazy-loading-not-18940 avia_image' src=\"https:\/\/radiorevelacionfm.cl\/wp-content\/uploads\/2022\/07\/ALCALDE-FRANCISCO-RONCAGLIOLO-1-1.jpg\" alt='' title='ALCALDE FRANCISCO RONCAGLIOLO (1) (1)' height=\"600\" width=\"900\"  itemprop=\"thumbnailUrl\" srcset=\"https:\/\/radiorevelacionfm.cl\/wp-content\/uploads\/2022\/07\/ALCALDE-FRANCISCO-RONCAGLIOLO-1-1.jpg 900w, https:\/\/radiorevelacionfm.cl\/wp-content\/uploads\/2022\/07\/ALCALDE-FRANCISCO-RONCAGLIOLO-1-1-300x200.jpg 300w, https:\/\/radiorevelacionfm.cl\/wp-content\/uploads\/2022\/07\/ALCALDE-FRANCISCO-RONCAGLIOLO-1-1-768x512.jpg 768w, https:\/\/radiorevelacionfm.cl\/wp-content\/uploads\/2022\/07\/ALCALDE-FRANCISCO-RONCAGLIOLO-1-1-705x470.jpg 705w, https:\/\/radiorevelacionfm.cl\/wp-content\/uploads\/2022\/07\/ALCALDE-FRANCISCO-RONCAGLIOLO-1-1-600x400.jpg 600w\" sizes=\"(max-width: 900px) 100vw, 900px\" \/><\/div><\/div><\/div><\/div><div class=\"flex_column av_one_full  flex_column_div av-zero-column-padding first  avia-builder-el-2  el_after_av_one_full  el_before_av_one_full  column-top-margin\" style='border-radius:0px; '><section class=\"av_textblock_section \"  itemscope=\"itemscope\" itemtype=\"https:\/\/schema.org\/BlogPosting\" itemprop=\"blogPost\" ><div class='avia_textblock  '   itemprop=\"text\" ><p style=\"text-align: center;\"><strong><span style=\"font-size: 18pt;\">Con importante inversi\u00f3n enfocada en mejorar la calidad de vida de los habitantes alcalde Roncagliolo evalu\u00f3 primer a\u00f1o de gesti\u00f3n <\/span><\/strong><\/p>\n<div id=\"gtx-trans\" style=\"position: absolute; left: -50px; top: 4.31534px;\">\n<div class=\"gtx-trans-icon\"><\/div>\n<\/div>\n<\/div><\/section><\/div><div class=\"flex_column av_one_full  flex_column_div av-zero-column-padding first  avia-builder-el-4  el_after_av_one_full  el_before_av_hr  column-top-margin\" style='border-radius:0px; '><section class=\"av_textblock_section \"  itemscope=\"itemscope\" itemtype=\"https:\/\/schema.org\/BlogPosting\" itemprop=\"blogPost\" ><div class='avia_textblock  '   itemprop=\"text\" ><p style=\"text-align: justify;\">Hace pocos d\u00edas, la gesti\u00f3n municipal que lidera el Alcalde, Francisco Roncaliolo Lepio, cumpli\u00f3 un a\u00f1o de su segundo periodo. Un a\u00f1o que no ha sido f\u00e1cil, no ha estado exento de dificultades, pero junto al trabajo de todo el equipo del municipio, se ha logrado ir atendiendo los requerimientos de la ciudadan\u00eda.<\/p>\n<p style=\"text-align: justify;\">\u201cEste a\u00f1o 2022, reci\u00e9n retomamos de cierta forma la normalidad en los funcionamientos totales en cada uno de los rincones de la comuna y este a\u00f1o que ha pasado ha sido un a\u00f1o de cuidado, un a\u00f1o que hemos pensado siempre en que nuestra gente este lo mejor posible y por eso mismo nuestro Municipio no se ha detenido. En eso quiero agradecer a cada uno de nuestros funcionarios, a cada uno de los departamentos de la Municipalidad de Cisnes, que han seguido trabajando independiente de las adversidades, pensando siempre en nuestra comunidad y obviamente en el desarrollo de nuestra comuna\u201d, se\u00f1al\u00f3 el Alcalde Francisco Roncagliolo.<\/p>\n<p style=\"text-align: justify;\">En educaci\u00f3n, se tom\u00f3 el desaf\u00edo de regresar a clases de manera presencial despu\u00e9s del periodo de pandemia, donde se asegur\u00f3 que todos los estudiantes accedan a clases. De esta forma, se construy\u00f3 la nueva escuela de Puerto Gala, y se llevaron a cabo remodelaciones en escuelas y liceos de la comuna, comprometiendo as\u00ed la mejora de espacios para los ni\u00f1os, ni\u00f1as y adolescentes.<\/p>\n<p style=\"text-align: justify;\">Tambi\u00e9n se gan\u00f3 un proyecto del Centro de Innovaci\u00f3n del Ministerio de Educaci\u00f3n para reacondicionar 2 escuelas y aumentar el acceso a tecnolog\u00edas y material educativo para estudiantes y docentes. Se logr\u00f3 obtener internet para todos los establecimientos, 5 de ellos por el proyecto de Conectividad 2030, y 2 correspondientes al litoral, que ahora cuentan con internet satelital gracias al convenio del DEM con AquaChile, entre otras iniciativas en materia educacional.<\/p>\n<p style=\"text-align: justify;\">En el departamento de SECPLAN y la Direcci\u00f3n de Obra Municipales destacan proyectos que buscan mejorar la calidad de vida de nuestros vecinos, por citar algunas de las iniciativas, est\u00e1 la cobertura el\u00e9ctrica a trav\u00e9s de sistemas fotovoltaicos, beneficiando sectores como Rio Figueroa, Canal Puyuhuapi, Valle Mirta, El Quinto, El Cuarto, Palena Norte y Sector Ribera R\u00edo Cisnes, con una inversi\u00f3n total de m\u00e1s de 556.145.825, financiado por el Gobierno Regional a trav\u00e9s de Subdere.<\/p>\n<p style=\"text-align: justify;\">Durante este a\u00f1o tambi\u00e9n se realizaron diversas mejoras en gimnasios, sedes deportivas y multicanchas con el compromiso de impulsar el deporte. En esa misma l\u00ednea se trabaj\u00f3 en mejorar \u00e1reas verdes, alumbrados p\u00fablicos y nuevos sectores infantiles. Tambi\u00e9n se entregaron los terrenos para comenzar la construcci\u00f3n del cuartel de la Primera Compa\u00f1\u00eda de Bomberos de Puerto Cisnes, proyecto que se espera con ansias y mejorar\u00e1 los espacios para que Bomberos pueda desempe\u00f1ar de manera \u00f3ptima sus funciones.<\/p>\n<p style=\"text-align: justify;\">Se han realizado una serie de obras de reconstrucci\u00f3n, mejoramiento y recuperaci\u00f3n de espacios p\u00fablicos. En resumen, la inversi\u00f3n total de Secplan y Obras el a\u00f1o pasado super\u00f3 los 4.200 millones de pesos, llegando a un total de 52 proyectos ejecutados, n\u00famero que claramente se ve aumentado en este nuevo a\u00f1o de gesti\u00f3n Municipal.<\/p>\n<p style=\"text-align: justify;\">En la Direcci\u00f3n de Desarrollo comunitario este a\u00f1o se dio el enfoque hacia los vecinos y vecinas, priorizando su calidad de vida, el regreso a las actividades presenciales, y el continuo apoyo a los adultos mayores con la le\u00f1a, cajas de alimentos no perecibles, traslados por interconsultas m\u00e9dicas, aportes en arriendo, servicios b\u00e1sicos, servicios funerarios y productos farmac\u00e9uticos. En esta l\u00ednea tambi\u00e9n se ha dado un enfoque a las actividades familiares.<\/p>\n<p style=\"text-align: justify;\">Consciente de que el pa\u00eds enfrenta una compleja situaci\u00f3n econ\u00f3mica, lo que tambi\u00e9n golpea a la regi\u00f3n y a la comuna, el Alcalde Francisco Roncagliolo y su equipo, mantienen el compromiso en continuar realizando gestiones para ir en apoyo a la ciudadan\u00eda.<\/p>\n<p style=\"text-align: justify;\">\u201cTambi\u00e9n pensando que estamos en una situaci\u00f3n bastante compleja a nivel pa\u00eds y por lo mismo, los esfuerzos de este Alcalde, de este Municipio, van a estar en buscar traer recursos nuevos y frescos a la comuna de Cisnes, pensando en que tenemos que generar empleo, como una forma tambi\u00e9n de contener las distintas problem\u00e1ticas financieras que se vienen, por lo menos, en lo que es este segundo semestre y el pr\u00f3ximo a\u00f1o. En ello, tambi\u00e9n va a estar nuestro sello de trabajo, que es colaborativo con los distintos servicios p\u00fablicos, con el Gobierno Regional y con todos los actores necesarios, para poder llevar adelante no solamente los desaf\u00edos de la comuna, sino que tambi\u00e9n los apoyos que podamos hacer a la regi\u00f3n\u201d.<\/p>\n<p style=\"text-align: justify;\">El trabajo desde la Municipalidad de Cisnes ha sido desarrollado en las distintas \u00e1reas como, fomento productivo, donde durante el 2021 se adjudicaron junto a otras instituciones m\u00e1s de 591 millones, los cuales fueron en directo beneficio para emprendedores apoyados por Sercotec, Corfo, Conadi, Fosis, entre otros.<\/p>\n<p style=\"text-align: justify;\">Prodesal, Turismo, Deportes, Oficina de Medio Ambiente, son otras de las \u00e1reas que ha potenciado la administraci\u00f3n municipal encabezada por el Alcalde Roncagliolo. De igual forma, la oficina de la Mujer, sostuvo en el \u00faltimo a\u00f1o un amplio trabajo, realizando apoyos legales, capacitaciones, talleres, visitas a las localidades, atenciones psicol\u00f3gicas, ferias de emprendedoras y apoyo a organizaciones comunitarias.<\/p>\n<p style=\"text-align: justify;\">La idea es continuar trabajando con la comunidad, sus organizaciones, dirigentes y las autoridades del nivel central, regional, provincial y local, siempre buscando el bienestar de cada uno de los habitantes de la comuna de Cisnes, lo cual, no se podr\u00eda lograr sin el apoyo del Concejo Municipal, recalc\u00f3 el edil.<\/p>\n<\/div><\/section><\/div><div  style='height:50px' class='hr hr-invisible   avia-builder-el-6  el_after_av_one_full  el_before_av_social_share '><span class='hr-inner ' ><span class='hr-inner-style'><\/span><\/span><\/div><\/p>\n<div  class='av-social-sharing-box  avia-builder-el-7  el_after_av_hr  el_before_av_hr  '><div class='av-share-box'><h5 class='av-share-link-description av-no-toc '>Compartir esta noticia<\/h5><ul class='av-share-box-list noLightbox'><li class='av-share-link av-social-link-facebook' ><a target=\"_blank\" aria-label=\"Compartir en Facebook\" href='https:\/\/www.facebook.com\/sharer.php?u=https:\/\/radiorevelacionfm.cl\/?p=18939&#038;t=Con%20importante%20inversi%C3%B3n%20enfocada%20en%20mejorar%20la%20calidad%20de%20vida%20de%20los%20habitantes%20alcalde%20Roncagliolo%20evalu%C3%B3%20primer%20a%C3%B1o%20de%20gesti%C3%B3n' aria-hidden='false' data-av_icon='\ue8f3' data-av_iconfont='entypo-fontello' title='' data-avia-related-tooltip='Compartir en Facebook' rel=\"noopener\"><span class='avia_hidden_link_text'>Compartir en Facebook<\/span><\/a><\/li><li class='av-share-link av-social-link-twitter' ><a target=\"_blank\" aria-label=\"Compartir en Twitter\" href='https:\/\/twitter.com\/share?text=Con%20importante%20inversi%C3%B3n%20enfocada%20en%20mejorar%20la%20calidad%20de%20vida%20de%20los%20habitantes%20alcalde%20Roncagliolo%20evalu%C3%B3%20primer%20a%C3%B1o%20de%20gesti%C3%B3n&#038;url=https:\/\/radiorevelacionfm.cl\/?p=18939' aria-hidden='false' data-av_icon='\ue8f1' data-av_iconfont='entypo-fontello' title='' data-avia-related-tooltip='Compartir en Twitter' rel=\"noopener\"><span class='avia_hidden_link_text'>Compartir en Twitter<\/span><\/a><\/li><li class='av-share-link av-social-link-whatsapp' ><a target=\"_blank\" aria-label=\"Compartir en Whatsapp\" href='https:\/\/api.whatsapp.com\/send?text=https:\/\/radiorevelacionfm.cl\/?p=18939' aria-hidden='false' data-av_icon='\uf232' data-av_iconfont='entypo-fontello' title='' data-avia-related-tooltip='Compartir en Whatsapp' rel=\"noopener\"><span class='avia_hidden_link_text'>Compartir en Whatsapp<\/span><\/a><\/li><li class='av-share-link av-social-link-linkedin' ><a target=\"_blank\" aria-label=\"Compartir en LinkedIn\" href='https:\/\/linkedin.com\/shareArticle?mini=true&#038;title=Con%20importante%20inversi%C3%B3n%20enfocada%20en%20mejorar%20la%20calidad%20de%20vida%20de%20los%20habitantes%20alcalde%20Roncagliolo%20evalu%C3%B3%20primer%20a%C3%B1o%20de%20gesti%C3%B3n&#038;url=https:\/\/radiorevelacionfm.cl\/?p=18939' aria-hidden='false' data-av_icon='\ue8fc' data-av_iconfont='entypo-fontello' title='' data-avia-related-tooltip='Compartir en LinkedIn' rel=\"noopener\"><span class='avia_hidden_link_text'>Compartir en LinkedIn<\/span><\/a><\/li><li class='av-share-link av-social-link-mail' ><a  aria-label=\"Compartir por correo\" href='mailto:?subject=Con%20importante%20inversi%C3%B3n%20enfocada%20en%20mejorar%20la%20calidad%20de%20vida%20de%20los%20habitantes%20alcalde%20Roncagliolo%20evalu%C3%B3%20primer%20a%C3%B1o%20de%20gesti%C3%B3n&#038;body=https:\/\/radiorevelacionfm.cl\/?p=18939' aria-hidden='false' data-av_icon='\ue805' data-av_iconfont='entypo-fontello' title='' data-avia-related-tooltip='Compartir por correo'><span class='avia_hidden_link_text'>Compartir por correo<\/span><\/a><\/li><\/ul><\/div><\/div>\n<div  style='height:50px' class='hr hr-invisible   avia-builder-el-8  el_after_av_social_share  el_before_av_comments_list '><span class='hr-inner ' ><span class='hr-inner-style'><\/span><\/span><\/div>\n<div  class='av-buildercomment  av-blog-meta-html-info-disabled av-blog-meta-tag-disabled  '><\/div>\n","protected":false},"excerpt":{"rendered":"","protected":false},"author":1,"featured_media":18940,"comment_status":"open","ping_status":"open","sticky":false,"template":"","format":"standard","meta":{"footnotes":""},"categories":[38],"tags":[],"class_list":["post-18939","post","type-post","status-publish","format-standard","has-post-thumbnail","hentry","category-regional"],"jetpack_featured_media_url":"https:\/\/radiorevelacionfm.cl\/wp-content\/uploads\/2022\/07\/ALCALDE-FRANCISCO-RONCAGLIOLO-1-1.jpg","_links":{"self":[{"href":"https:\/\/radiorevelacionfm.cl\/index.php?rest_route=\/wp\/v2\/posts\/18939","targetHints":{"allow":["GET"]}}],"collection":[{"href":"https:\/\/radiorevelacionfm.cl\/index.php?rest_route=\/wp\/v2\/posts"}],"about":[{"href":"https:\/\/radiorevelacionfm.cl\/index.php?rest_route=\/wp\/v2\/types\/post"}],"author":[{"embeddable":true,"href":"https:\/\/radiorevelacionfm.cl\/index.php?rest_route=\/wp\/v2\/users\/1"}],"replies":[{"embeddable":true,"href":"https:\/\/radiorevelacionfm.cl\/index.php?rest_route=%2Fwp%2Fv2%2Fcomments&post=18939"}],"version-history":[{"count":2,"href":"https:\/\/radiorevelacionfm.cl\/index.php?rest_route=\/wp\/v2\/posts\/18939\/revisions"}],"predecessor-version":[{"id":18942,"href":"https:\/\/radiorevelacionfm.cl\/index.php?rest_route=\/wp\/v2\/posts\/18939\/revisions\/18942"}],"wp:featuredmedia":[{"embeddable":true,"href":"https:\/\/radiorevelacionfm.cl\/index.php?rest_route=\/wp\/v2\/media\/18940"}],"wp:attachment":[{"href":"https:\/\/radiorevelacionfm.cl\/index.php?rest_route=%2Fwp%2Fv2%2Fmedia&parent=18939"}],"wp:term":[{"taxonomy":"category","embeddable":true,"href":"https:\/\/radiorevelacionfm.cl\/index.php?rest_route=%2Fwp%2Fv2%2Fcategories&post=18939"},{"taxonomy":"post_tag","embeddable":true,"href":"https:\/\/radiorevelacionfm.cl\/index.php?rest_route=%2Fwp%2Fv2%2Ftags&post=18939"}],"curies":[{"name":"wp","href":"https:\/\/api.w.org\/{rel}","templated":true}]}}