{"id":18931,"date":"2022-07-07T17:11:14","date_gmt":"2022-07-07T20:11:14","guid":{"rendered":"https:\/\/radiorevelacionfm.cl\/?p=18931"},"modified":"2022-07-07T17:11:49","modified_gmt":"2022-07-07T20:11:49","slug":"4-619-metros-de-lena-se-han-entregado-en-la-comuna-de-coyhaique-alcanzando-un-855-de-avance-en-total","status":"publish","type":"post","link":"https:\/\/radiorevelacionfm.cl\/?p=18931","title":{"rendered":"4.619 metros de le\u00f1a se han entregado en la comuna de Coyhaique, alcanzando un 85,5% de avance en total"},"content":{"rendered":"<div class=\"flex_column av_one_full  flex_column_div av-zero-column-padding first  avia-builder-el-0  el_before_av_one_full  avia-builder-el-first  \" style='border-radius:0px; '><div  class='avia-image-container  av-styling-    avia-builder-el-1  avia-builder-el-no-sibling  avia-align-center '  itemprop=\"image\" itemscope=\"itemscope\" itemtype=\"https:\/\/schema.org\/ImageObject\"  ><div class='avia-image-container-inner'><div class='avia-image-overlay-wrap'><img decoding=\"async\" class='wp-image-18932 avia-img-lazy-loading-not-18932 avia_image' src=\"https:\/\/radiorevelacionfm.cl\/wp-content\/uploads\/2022\/07\/entrega-lena-3-1-1_optimized-1.jpg\" alt='' title='entrega-le\u00f1a-3-1-(1)_optimized (1)' height=\"600\" width=\"1021\"  itemprop=\"thumbnailUrl\" srcset=\"https:\/\/radiorevelacionfm.cl\/wp-content\/uploads\/2022\/07\/entrega-lena-3-1-1_optimized-1.jpg 1021w, https:\/\/radiorevelacionfm.cl\/wp-content\/uploads\/2022\/07\/entrega-lena-3-1-1_optimized-1-300x176.jpg 300w, https:\/\/radiorevelacionfm.cl\/wp-content\/uploads\/2022\/07\/entrega-lena-3-1-1_optimized-1-768x451.jpg 768w, https:\/\/radiorevelacionfm.cl\/wp-content\/uploads\/2022\/07\/entrega-lena-3-1-1_optimized-1-705x414.jpg 705w, https:\/\/radiorevelacionfm.cl\/wp-content\/uploads\/2022\/07\/entrega-lena-3-1-1_optimized-1-600x353.jpg 600w\" sizes=\"(max-width: 1021px) 100vw, 1021px\" \/><\/div><\/div><\/div><\/div><div class=\"flex_column av_one_full  flex_column_div av-zero-column-padding first  avia-builder-el-2  el_after_av_one_full  el_before_av_one_full  column-top-margin\" style='border-radius:0px; '><section class=\"av_textblock_section \"  itemscope=\"itemscope\" itemtype=\"https:\/\/schema.org\/BlogPosting\" itemprop=\"blogPost\" ><div class='avia_textblock  '   itemprop=\"text\" ><p style=\"text-align: center;\"><span style=\"font-size: 18pt;\"><strong>4.619 metros de le\u00f1a se han entregado en la comuna de Coyhaique, alcanzando un 85,5% de avance en total<\/strong><\/span><\/p>\n<div id=\"gtx-trans\" style=\"position: absolute; left: -50px; top: 4.31534px;\">\n<div class=\"gtx-trans-icon\"><\/div>\n<\/div>\n<\/div><\/section><\/div><\/p>\n<div class=\"flex_column av_one_full  flex_column_div av-zero-column-padding first  avia-builder-el-4  el_after_av_one_full  el_before_av_hr  column-top-margin\" style='border-radius:0px; '><section class=\"av_textblock_section \"  itemscope=\"itemscope\" itemtype=\"https:\/\/schema.org\/BlogPosting\" itemprop=\"blogPost\" ><div class='avia_textblock  '   itemprop=\"text\" ><p style=\"text-align: justify;\">Cumpliendo con el compromiso que tiene la Corporaci\u00f3n Nacional Forestal (CONAF) de la entrega de le\u00f1a a familias vulnerables, la oficina provincial de CONAF Coyhaique ha entregado desde mayo a la fecha un total de 4.619 metros de le\u00f1a, los que se dividen en Coyhaique mismo y sectores rurales como lo son Balmaceda, El Blanco y \u00d1irehuao, entre otros.<\/p>\n<p style=\"text-align: justify;\">Para Claudia Reyes Santelices, directora regional de la entidad, es una gran satisfacci\u00f3n este avance y cumplimiento en la entrega de le\u00f1a, tanto por el esfuerzo de las trabajadoras y trabajadores, como tambi\u00e9n porque la instituci\u00f3n aporta al bienestar de los ciudadanos.<\/p>\n<p style=\"text-align: justify;\">\u201cComo equipo CONAF nos sentimos muy complacidos y orgullosos que el manejo de los bosques de pino puedan aportar en algo tanto importante como la calefacci\u00f3n de hogares, donde no est\u00e1 dem\u00e1s mencionar que gran parte de los beneficiarios son adultos mayores, personas con movilidad reducida, jefas y jefes de hogar. Tambi\u00e9n es importante valorar el apoyo de la gobernadora y el consejo regional en pleno, ya que su colaboraci\u00f3n fortalece el desarrollo sostenible ayudando a la comunidad\u201d, se\u00f1al\u00f3 Claudia Reyes.<\/p>\n<p style=\"text-align: justify;\">Cabe destacar que esta le\u00f1a proviene del programa de intervenci\u00f3n de la Reserva Nacional Coyhaique, donde sus trabajadores efect\u00faan la importante labor de reconvertir plantaciones ex\u00f3ticas a bosque nativo, y mediante el manejo forestal se extraen estos productos que van en directo beneficio de la comunidad.<\/p>\n<p style=\"text-align: justify;\">Es preciso destacar que esta \u00e1rea de intervenci\u00f3n, al igual que los otros programas ejecutados por CONAF, son financiados por el Gobierno Regional, inyectando m\u00e1s de 4 mil millones,\u00a0 dando trabajo a m\u00e1s de 390 personas de estas comunas, como tambi\u00e9n construcci\u00f3n de viviendas de emergencia y, por supuesto, un acopio y posterior entrega de le\u00f1a que asciende a m\u00e1s de 9.000 metros.<\/p>\n<p style=\"text-align: justify;\">Para la gobernadora regional, Andrea Mac\u00edas Palma, este proceso es muy significativo adem\u00e1s de agradecer el trabajo entre ambas entidades que buscan ayudar a las familias m\u00e1s vulnerables de la regi\u00f3n, resaltando que \u201cpara nosotros como gobierno regional es muy significativo este proceso, toda vez que cumple con varios objetivos que tenemos como por una parte, que el programa de fomento productivo tambi\u00e9n puede constituirse en un aporte para ayudar a aquellas familias m\u00e1s vulnerables y, en ese sentido, espec\u00edficamente adultos mayores y personas con discapacidad, y por ello agradecer el trabajo conjunto y colaborativo. Sin duda los procesos siempre pueden tener oportunidades de mejora y esperamos que a futuro en los pr\u00f3ximos a\u00f1os podamos seguir llevando adelante este proceso de manera \u00f3ptima y ojal\u00e1, incrementar la cantidad de le\u00f1a disponible. Tenemos un tremendo desaf\u00edo en el manejo de nuestras reservas de \u00e1rea silvestres protegidas y, por lo tanto, como gobierno regional vamos a seguir llanos a colaborar en esta materia\u201d.<\/p>\n<\/div><\/section><\/div>\n<div  style='height:50px' class='hr hr-invisible   avia-builder-el-6  el_after_av_one_full  el_before_av_social_share '><span class='hr-inner ' ><span class='hr-inner-style'><\/span><\/span><\/div>\n<div  class='av-social-sharing-box  avia-builder-el-7  el_after_av_hr  el_before_av_hr  '><div class='av-share-box'><h5 class='av-share-link-description av-no-toc '>Compartir esta noticia<\/h5><ul class='av-share-box-list noLightbox'><li class='av-share-link av-social-link-facebook' ><a target=\"_blank\" aria-label=\"Compartir en Facebook\" href='https:\/\/www.facebook.com\/sharer.php?u=https:\/\/radiorevelacionfm.cl\/?p=18931&#038;t=4.619%20metros%20de%20le%C3%B1a%20se%20han%20entregado%20en%20la%20comuna%20de%20Coyhaique%2C%20alcanzando%20un%2085%2C5%25%20de%20avance%20en%20total' aria-hidden='false' data-av_icon='\ue8f3' data-av_iconfont='entypo-fontello' title='' data-avia-related-tooltip='Compartir en Facebook' rel=\"noopener\"><span class='avia_hidden_link_text'>Compartir en Facebook<\/span><\/a><\/li><li class='av-share-link av-social-link-twitter' ><a target=\"_blank\" aria-label=\"Compartir en Twitter\" href='https:\/\/twitter.com\/share?text=4.619%20metros%20de%20le%C3%B1a%20se%20han%20entregado%20en%20la%20comuna%20de%20Coyhaique%2C%20alcanzando%20un%2085%2C5%25%20de%20avance%20en%20total&#038;url=https:\/\/radiorevelacionfm.cl\/?p=18931' aria-hidden='false' data-av_icon='\ue8f1' data-av_iconfont='entypo-fontello' title='' data-avia-related-tooltip='Compartir en Twitter' rel=\"noopener\"><span class='avia_hidden_link_text'>Compartir en Twitter<\/span><\/a><\/li><li class='av-share-link av-social-link-whatsapp' ><a target=\"_blank\" aria-label=\"Compartir en Whatsapp\" href='https:\/\/api.whatsapp.com\/send?text=https:\/\/radiorevelacionfm.cl\/?p=18931' aria-hidden='false' data-av_icon='\uf232' data-av_iconfont='entypo-fontello' title='' data-avia-related-tooltip='Compartir en Whatsapp' rel=\"noopener\"><span class='avia_hidden_link_text'>Compartir en Whatsapp<\/span><\/a><\/li><li class='av-share-link av-social-link-linkedin' ><a target=\"_blank\" aria-label=\"Compartir en LinkedIn\" href='https:\/\/linkedin.com\/shareArticle?mini=true&#038;title=4.619%20metros%20de%20le%C3%B1a%20se%20han%20entregado%20en%20la%20comuna%20de%20Coyhaique%2C%20alcanzando%20un%2085%2C5%25%20de%20avance%20en%20total&#038;url=https:\/\/radiorevelacionfm.cl\/?p=18931' aria-hidden='false' data-av_icon='\ue8fc' data-av_iconfont='entypo-fontello' title='' data-avia-related-tooltip='Compartir en LinkedIn' rel=\"noopener\"><span class='avia_hidden_link_text'>Compartir en LinkedIn<\/span><\/a><\/li><li class='av-share-link av-social-link-mail' ><a  aria-label=\"Compartir por correo\" href='mailto:?subject=4.619%20metros%20de%20le%C3%B1a%20se%20han%20entregado%20en%20la%20comuna%20de%20Coyhaique%2C%20alcanzando%20un%2085%2C5%25%20de%20avance%20en%20total&#038;body=https:\/\/radiorevelacionfm.cl\/?p=18931' aria-hidden='false' data-av_icon='\ue805' data-av_iconfont='entypo-fontello' title='' data-avia-related-tooltip='Compartir por correo'><span class='avia_hidden_link_text'>Compartir por correo<\/span><\/a><\/li><\/ul><\/div><\/div>\n<div  style='height:50px' class='hr hr-invisible   avia-builder-el-8  el_after_av_social_share  el_before_av_comments_list '><span class='hr-inner ' ><span class='hr-inner-style'><\/span><\/span><\/div>\n<div  class='av-buildercomment  av-blog-meta-html-info-disabled av-blog-meta-tag-disabled  '><\/div>\n","protected":false},"excerpt":{"rendered":"","protected":false},"author":1,"featured_media":18932,"comment_status":"open","ping_status":"open","sticky":false,"template":"","format":"standard","meta":{"footnotes":""},"categories":[38],"tags":[],"class_list":["post-18931","post","type-post","status-publish","format-standard","has-post-thumbnail","hentry","category-regional"],"jetpack_featured_media_url":"https:\/\/radiorevelacionfm.cl\/wp-content\/uploads\/2022\/07\/entrega-lena-3-1-1_optimized-1.jpg","_links":{"self":[{"href":"https:\/\/radiorevelacionfm.cl\/index.php?rest_route=\/wp\/v2\/posts\/18931","targetHints":{"allow":["GET"]}}],"collection":[{"href":"https:\/\/radiorevelacionfm.cl\/index.php?rest_route=\/wp\/v2\/posts"}],"about":[{"href":"https:\/\/radiorevelacionfm.cl\/index.php?rest_route=\/wp\/v2\/types\/post"}],"author":[{"embeddable":true,"href":"https:\/\/radiorevelacionfm.cl\/index.php?rest_route=\/wp\/v2\/users\/1"}],"replies":[{"embeddable":true,"href":"https:\/\/radiorevelacionfm.cl\/index.php?rest_route=%2Fwp%2Fv2%2Fcomments&post=18931"}],"version-history":[{"count":3,"href":"https:\/\/radiorevelacionfm.cl\/index.php?rest_route=\/wp\/v2\/posts\/18931\/revisions"}],"predecessor-version":[{"id":18934,"href":"https:\/\/radiorevelacionfm.cl\/index.php?rest_route=\/wp\/v2\/posts\/18931\/revisions\/18934"}],"wp:featuredmedia":[{"embeddable":true,"href":"https:\/\/radiorevelacionfm.cl\/index.php?rest_route=\/wp\/v2\/media\/18932"}],"wp:attachment":[{"href":"https:\/\/radiorevelacionfm.cl\/index.php?rest_route=%2Fwp%2Fv2%2Fmedia&parent=18931"}],"wp:term":[{"taxonomy":"category","embeddable":true,"href":"https:\/\/radiorevelacionfm.cl\/index.php?rest_route=%2Fwp%2Fv2%2Fcategories&post=18931"},{"taxonomy":"post_tag","embeddable":true,"href":"https:\/\/radiorevelacionfm.cl\/index.php?rest_route=%2Fwp%2Fv2%2Ftags&post=18931"}],"curies":[{"name":"wp","href":"https:\/\/api.w.org\/{rel}","templated":true}]}}