{"id":18921,"date":"2022-07-07T16:04:08","date_gmt":"2022-07-07T19:04:08","guid":{"rendered":"https:\/\/radiorevelacionfm.cl\/?p=18921"},"modified":"2022-07-07T16:10:39","modified_gmt":"2022-07-07T19:10:39","slug":"core-omar-munoz-la-realidad-de-la-ejecucion-presupuestaria-a-la-fecha-es-pauperrima","status":"publish","type":"post","link":"https:\/\/radiorevelacionfm.cl\/?p=18921","title":{"rendered":"CORE Omar Mu\u00f1oz: \u201cLa realidad de la ejecuci\u00f3n presupuestaria a la fecha, es paup\u00e9rrima\u201d"},"content":{"rendered":"<div class=\"flex_column av_one_full  flex_column_div av-zero-column-padding first  avia-builder-el-0  el_before_av_one_full  avia-builder-el-first  \" style='border-radius:0px; '><div  class='avia-image-container  av-styling-    avia-builder-el-1  avia-builder-el-no-sibling  avia-align-center '  itemprop=\"image\" itemscope=\"itemscope\" itemtype=\"https:\/\/schema.org\/ImageObject\"  ><div class='avia-image-container-inner'><div class='avia-image-overlay-wrap'><img decoding=\"async\" class='wp-image-18925 avia-img-lazy-loading-not-18925 avia_image' src=\"https:\/\/radiorevelacionfm.cl\/wp-content\/uploads\/2022\/07\/OMAR-MUNOZ-1-1.jpg\" alt='' title='OMAR MU\u00d1OZ (1) (1)' height=\"600\" width=\"994\"  itemprop=\"thumbnailUrl\" srcset=\"https:\/\/radiorevelacionfm.cl\/wp-content\/uploads\/2022\/07\/OMAR-MUNOZ-1-1.jpg 994w, https:\/\/radiorevelacionfm.cl\/wp-content\/uploads\/2022\/07\/OMAR-MUNOZ-1-1-300x181.jpg 300w, https:\/\/radiorevelacionfm.cl\/wp-content\/uploads\/2022\/07\/OMAR-MUNOZ-1-1-768x464.jpg 768w, https:\/\/radiorevelacionfm.cl\/wp-content\/uploads\/2022\/07\/OMAR-MUNOZ-1-1-705x426.jpg 705w, https:\/\/radiorevelacionfm.cl\/wp-content\/uploads\/2022\/07\/OMAR-MUNOZ-1-1-600x362.jpg 600w\" sizes=\"(max-width: 994px) 100vw, 994px\" \/><\/div><\/div><\/div><\/div><div class=\"flex_column av_one_full  flex_column_div av-zero-column-padding first  avia-builder-el-2  el_after_av_one_full  el_before_av_one_full  column-top-margin\" style='border-radius:0px; '><section class=\"av_textblock_section \"  itemscope=\"itemscope\" itemtype=\"https:\/\/schema.org\/BlogPosting\" itemprop=\"blogPost\" ><div class='avia_textblock  '   itemprop=\"text\" ><p style=\"text-align: center;\"><strong><span style=\"font-size: 18pt;\">CORE Omar Mu\u00f1oz: \u201cLa realidad de la ejecuci\u00f3n presupuestaria a la fecha, es paup\u00e9rrima\u201d<\/span><\/strong><\/p>\n<div id=\"gtx-trans\" style=\"position: absolute; left: -50px; top: 4.31534px;\">\n<div class=\"gtx-trans-icon\"><\/div>\n<\/div>\n<\/div><\/section><\/div><\/p>\n<div class=\"flex_column av_one_full  flex_column_div av-zero-column-padding first  avia-builder-el-4  el_after_av_one_full  el_before_av_hr  column-top-margin\" style='border-radius:0px; '><section class=\"av_textblock_section \"  itemscope=\"itemscope\" itemtype=\"https:\/\/schema.org\/BlogPosting\" itemprop=\"blogPost\" ><div class='avia_textblock  '   itemprop=\"text\" ><p style=\"text-align: justify;\">El consejero regional por la Provincia de Coyhaique, Omar Mu\u00f1oz, reiter\u00f3 su preocupaci\u00f3n y visi\u00f3n cr\u00edtica por la baja ejecuci\u00f3n presupuestaria regional que se lleva durante 2022. Esto, luego de que en una tensa sesi\u00f3n del Consejo Regional, se aprobara finalmente el presupuesto para 2023, por un monto de 64 mil 463 millones de pesos, cifra que es similar a la de este a\u00f1o.<\/p>\n<p style=\"text-align: justify;\">Al respecto, Mu\u00f1oz record\u00f3 que lo que se realiza en materia presupuestaria sirve de base para el pr\u00f3ximo a\u00f1o, criticando duramente c\u00f3mo se ha venido abordando el tema. \u201cLa realidad de la ejecuci\u00f3n presupuestaria a la fecha y sobre todo lo que se estima en gasto en el Subt\u00edtulo 31 Inversiones, es paup\u00e9rrima\u201d, asegur\u00f3.<\/p>\n<p style=\"text-align: justify;\">En ese sentido, explic\u00f3 que el estimado a gastar en el subt\u00edtulo 31 es poco m\u00e1s de 8 mil millones de pesos, lo que representa el 31,6% de los recursos presupuestados para ese \u00edtem. \u201cEs un acierto que la Direcci\u00f3n de Presupuesto (DIPRES), nos est\u00e9 informando un presupuesto para el pr\u00f3ximo a\u00f1o, similar o id\u00e9ntico al de 2022. Ya ir a defender ese monto resulta dificultoso\u201d, argument\u00f3.<\/p>\n<p style=\"text-align: justify;\">Otro punto controvertido de la jornada, tuvo que ver con las asistencias t\u00e9cnicas a los municipios, para lo cual la Comisi\u00f3n de Presupuesto ampliada analiz\u00f3 nuevamente la propuesta realizada por la Gobernadora Regional, Andrea Mac\u00edas y, a la vez, escuch\u00f3 a los alcaldes Marcelo Santana, como Presidente de la AREMU, y el edil de Lago Verde Nelson Opazo, adem\u00e1s de otros jefes comunales que se conectaron de manera telem\u00e1tica. \u00a0\u201cComo \u00f3rgano colegiado nos hab\u00edamos tomado 30 d\u00edas para resolver sobre la materia, escuchando previamente a los alcaldes\u201d, indic\u00f3.<\/p>\n<p style=\"text-align: justify;\">Y esto, pues Mu\u00f1oz fue enf\u00e1tico en se\u00f1alar la necesidad de avanzar en estos apoyos para los municipios. \u201cEn el contexto actual, creo que se justifica plenamente que el Gobierno Regional haga el esfuerzo ahora, no el pr\u00f3ximo a\u00f1o, a trav\u00e9s de transferencia a la SUBDERE, para apoyar la gesti\u00f3n de los municipios para que tengan carteras de proyectos\u201d, justific\u00f3.<\/p>\n<p style=\"text-align: justify;\">Incluso, el representante de la Provincia de Coyhaique, insisti\u00f3 a la Gobernadora Regional que se deben tomar decisiones ahora \u201cporque, caso contrario el a\u00f1o 2023 a esta fecha, vamos a estar quiz\u00e1s peor que el an\u00e1lisis que estamos haciendo en este minuto\u201d, enfatizando en que \u201ctambi\u00e9n hay que reunirse con el Gobierno, que el Delegado Presidencial tome cartas en el asunto, reunirse con las Unidades T\u00e9cnicas, ver cu\u00e1les son los proyectos m\u00e1s relevantes y como se puede agilizar\u201d.<\/p>\n<p style=\"text-align: justify;\">Mu\u00f1oz apunt\u00f3 su cr\u00edtica a la gesti\u00f3n de la Gobernadora Mac\u00edas, responsabiliz\u00e1ndola de una ejecuci\u00f3n 2022 desastrosa. \u201cEl estimado a gastar para este a\u00f1o es de un 74% del presupuesto regional, lo que implica que si tomamos la cifra rebajada por la estrategia anterior propuesta por la Gobernadora, es decir sobre un marco de 58 mil millones de pesos, significa que la regi\u00f3n dejar\u00e1 de percibir alrededor de $15 mil millones. Es mucha la diferencia y no es s\u00f3lo un problema de gesti\u00f3n, sino que el problema lo vive la comunidad regional\u201d, subray\u00f3.<\/p>\n<p style=\"text-align: justify;\">Cabe se\u00f1alar que el consejero Mu\u00f1oz, junto a otros Cores y en conjunto con la Gobernadora Regional, viajar\u00e1n a Santiago para defender los recursos ante el Ministerio de Hacienda.<\/p>\n<\/div><\/section><\/div>\n<div  style='height:50px' class='hr hr-invisible   avia-builder-el-6  el_after_av_one_full  el_before_av_social_share '><span class='hr-inner ' ><span class='hr-inner-style'><\/span><\/span><\/div>\n<div  class='av-social-sharing-box  avia-builder-el-7  el_after_av_hr  el_before_av_hr  '><div class='av-share-box'><h5 class='av-share-link-description av-no-toc '>Compartir esta noticia<\/h5><ul class='av-share-box-list noLightbox'><li class='av-share-link av-social-link-facebook' ><a target=\"_blank\" aria-label=\"Compartir en Facebook\" href='https:\/\/www.facebook.com\/sharer.php?u=https:\/\/radiorevelacionfm.cl\/?p=18921&#038;t=CORE%20Omar%20Mu%C3%B1oz%3A%20%E2%80%9CLa%20realidad%20de%20la%20ejecuci%C3%B3n%20presupuestaria%20a%20la%20fecha%2C%20es%20paup%C3%A9rrima%E2%80%9D' aria-hidden='false' data-av_icon='\ue8f3' data-av_iconfont='entypo-fontello' title='' data-avia-related-tooltip='Compartir en Facebook' rel=\"noopener\"><span class='avia_hidden_link_text'>Compartir en Facebook<\/span><\/a><\/li><li class='av-share-link av-social-link-twitter' ><a target=\"_blank\" aria-label=\"Compartir en Twitter\" href='https:\/\/twitter.com\/share?text=CORE%20Omar%20Mu%C3%B1oz%3A%20%E2%80%9CLa%20realidad%20de%20la%20ejecuci%C3%B3n%20presupuestaria%20a%20la%20fecha%2C%20es%20paup%C3%A9rrima%E2%80%9D&#038;url=https:\/\/radiorevelacionfm.cl\/?p=18921' aria-hidden='false' data-av_icon='\ue8f1' data-av_iconfont='entypo-fontello' title='' data-avia-related-tooltip='Compartir en Twitter' rel=\"noopener\"><span class='avia_hidden_link_text'>Compartir en Twitter<\/span><\/a><\/li><li class='av-share-link av-social-link-whatsapp' ><a target=\"_blank\" aria-label=\"Compartir en Whatsapp\" href='https:\/\/api.whatsapp.com\/send?text=https:\/\/radiorevelacionfm.cl\/?p=18921' aria-hidden='false' data-av_icon='\uf232' data-av_iconfont='entypo-fontello' title='' data-avia-related-tooltip='Compartir en Whatsapp' rel=\"noopener\"><span class='avia_hidden_link_text'>Compartir en Whatsapp<\/span><\/a><\/li><li class='av-share-link av-social-link-linkedin' ><a target=\"_blank\" aria-label=\"Compartir en LinkedIn\" href='https:\/\/linkedin.com\/shareArticle?mini=true&#038;title=CORE%20Omar%20Mu%C3%B1oz%3A%20%E2%80%9CLa%20realidad%20de%20la%20ejecuci%C3%B3n%20presupuestaria%20a%20la%20fecha%2C%20es%20paup%C3%A9rrima%E2%80%9D&#038;url=https:\/\/radiorevelacionfm.cl\/?p=18921' aria-hidden='false' data-av_icon='\ue8fc' data-av_iconfont='entypo-fontello' title='' data-avia-related-tooltip='Compartir en LinkedIn' rel=\"noopener\"><span class='avia_hidden_link_text'>Compartir en LinkedIn<\/span><\/a><\/li><li class='av-share-link av-social-link-mail' ><a  aria-label=\"Compartir por correo\" href='mailto:?subject=CORE%20Omar%20Mu%C3%B1oz%3A%20%E2%80%9CLa%20realidad%20de%20la%20ejecuci%C3%B3n%20presupuestaria%20a%20la%20fecha%2C%20es%20paup%C3%A9rrima%E2%80%9D&#038;body=https:\/\/radiorevelacionfm.cl\/?p=18921' aria-hidden='false' data-av_icon='\ue805' data-av_iconfont='entypo-fontello' title='' data-avia-related-tooltip='Compartir por correo'><span class='avia_hidden_link_text'>Compartir por correo<\/span><\/a><\/li><\/ul><\/div><\/div>\n<div  style='height:50px' class='hr hr-invisible   avia-builder-el-8  el_after_av_social_share  el_before_av_comments_list '><span class='hr-inner ' ><span class='hr-inner-style'><\/span><\/span><\/div>\n<div  class='av-buildercomment  av-blog-meta-html-info-disabled av-blog-meta-tag-disabled  '><\/div>\n","protected":false},"excerpt":{"rendered":"","protected":false},"author":1,"featured_media":18925,"comment_status":"open","ping_status":"open","sticky":false,"template":"","format":"standard","meta":{"footnotes":""},"categories":[38],"tags":[],"class_list":["post-18921","post","type-post","status-publish","format-standard","has-post-thumbnail","hentry","category-regional"],"jetpack_featured_media_url":"https:\/\/radiorevelacionfm.cl\/wp-content\/uploads\/2022\/07\/OMAR-MUNOZ-1-1.jpg","_links":{"self":[{"href":"https:\/\/radiorevelacionfm.cl\/index.php?rest_route=\/wp\/v2\/posts\/18921","targetHints":{"allow":["GET"]}}],"collection":[{"href":"https:\/\/radiorevelacionfm.cl\/index.php?rest_route=\/wp\/v2\/posts"}],"about":[{"href":"https:\/\/radiorevelacionfm.cl\/index.php?rest_route=\/wp\/v2\/types\/post"}],"author":[{"embeddable":true,"href":"https:\/\/radiorevelacionfm.cl\/index.php?rest_route=\/wp\/v2\/users\/1"}],"replies":[{"embeddable":true,"href":"https:\/\/radiorevelacionfm.cl\/index.php?rest_route=%2Fwp%2Fv2%2Fcomments&post=18921"}],"version-history":[{"count":3,"href":"https:\/\/radiorevelacionfm.cl\/index.php?rest_route=\/wp\/v2\/posts\/18921\/revisions"}],"predecessor-version":[{"id":18924,"href":"https:\/\/radiorevelacionfm.cl\/index.php?rest_route=\/wp\/v2\/posts\/18921\/revisions\/18924"}],"wp:featuredmedia":[{"embeddable":true,"href":"https:\/\/radiorevelacionfm.cl\/index.php?rest_route=\/wp\/v2\/media\/18925"}],"wp:attachment":[{"href":"https:\/\/radiorevelacionfm.cl\/index.php?rest_route=%2Fwp%2Fv2%2Fmedia&parent=18921"}],"wp:term":[{"taxonomy":"category","embeddable":true,"href":"https:\/\/radiorevelacionfm.cl\/index.php?rest_route=%2Fwp%2Fv2%2Fcategories&post=18921"},{"taxonomy":"post_tag","embeddable":true,"href":"https:\/\/radiorevelacionfm.cl\/index.php?rest_route=%2Fwp%2Fv2%2Ftags&post=18921"}],"curies":[{"name":"wp","href":"https:\/\/api.w.org\/{rel}","templated":true}]}}