{"id":18911,"date":"2022-07-06T21:45:51","date_gmt":"2022-07-07T00:45:51","guid":{"rendered":"https:\/\/radiorevelacionfm.cl\/?p=18911"},"modified":"2022-07-06T21:45:51","modified_gmt":"2022-07-07T00:45:51","slug":"solicitan-prision-preventiva-para-dos-imputados-por-robo-con-intimidacion-contra-repartidor-de-delivery","status":"publish","type":"post","link":"https:\/\/radiorevelacionfm.cl\/?p=18911","title":{"rendered":"Solicitan prisi\u00f3n preventiva para dos imputados por robo con intimidaci\u00f3n contra repartidor de delivery"},"content":{"rendered":"<div class=\"flex_column av_one_full  flex_column_div av-zero-column-padding first  avia-builder-el-0  el_before_av_one_full  avia-builder-el-first  \" style='border-radius:0px; '><div  class='avia-image-container  av-styling-    avia-builder-el-1  avia-builder-el-no-sibling  avia-align-center '  itemprop=\"image\" itemscope=\"itemscope\" itemtype=\"https:\/\/schema.org\/ImageObject\"  ><div class='avia-image-container-inner'><div class='avia-image-overlay-wrap'><img decoding=\"async\" class='wp-image-3217 avia-img-lazy-loading-not-3217 avia_image' src=\"https:\/\/radiorevelacionfm.cl\/wp-content\/uploads\/2021\/04\/FISCALIA1.jpg\" alt='' title='FISCALIA1' height=\"667\" width=\"1000\"  itemprop=\"thumbnailUrl\" srcset=\"https:\/\/radiorevelacionfm.cl\/wp-content\/uploads\/2021\/04\/FISCALIA1.jpg 1000w, https:\/\/radiorevelacionfm.cl\/wp-content\/uploads\/2021\/04\/FISCALIA1-300x200.jpg 300w, https:\/\/radiorevelacionfm.cl\/wp-content\/uploads\/2021\/04\/FISCALIA1-768x512.jpg 768w, https:\/\/radiorevelacionfm.cl\/wp-content\/uploads\/2021\/04\/FISCALIA1-705x470.jpg 705w, https:\/\/radiorevelacionfm.cl\/wp-content\/uploads\/2021\/04\/FISCALIA1-600x400.jpg 600w\" sizes=\"(max-width: 1000px) 100vw, 1000px\" \/><\/div><\/div><\/div><\/div><div class=\"flex_column av_one_full  flex_column_div av-zero-column-padding first  avia-builder-el-2  el_after_av_one_full  el_before_av_one_full  column-top-margin\" style='border-radius:0px; '><section class=\"av_textblock_section \"  itemscope=\"itemscope\" itemtype=\"https:\/\/schema.org\/BlogPosting\" itemprop=\"blogPost\" ><div class='avia_textblock  '   itemprop=\"text\" ><p style=\"text-align: center;\"><strong><span style=\"font-size: 18pt;\">Solicitan prisi\u00f3n preventiva para dos imputados por robo con intimidaci\u00f3n contra repartidor de delivery<\/span><\/strong><\/p>\n<div id=\"gtx-trans\" style=\"position: absolute; left: -50px; top: 4.31534px;\">\n<div class=\"gtx-trans-icon\"><\/div>\n<\/div>\n<\/div><\/section><\/div><div class=\"flex_column av_one_full  flex_column_div av-zero-column-padding first  avia-builder-el-4  el_after_av_one_full  el_before_av_hr  column-top-margin\" style='border-radius:0px; '><section class=\"av_textblock_section \"  itemscope=\"itemscope\" itemtype=\"https:\/\/schema.org\/BlogPosting\" itemprop=\"blogPost\" ><div class='avia_textblock  '   itemprop=\"text\" ><p style=\"text-align: justify;\">La Fiscal\u00eda Local de Coyhaique solicit\u00f3 la prisi\u00f3n preventiva de dos imputados, provenientes de Concepci\u00f3n, por el delito de robo con intimidaci\u00f3n, medida cautelar que fue acogida por el Juzgado de Garant\u00eda.<\/p>\n<p style=\"text-align: justify;\">As\u00ed lo explic\u00f3 el abogado asistente, Mat\u00edas Manzano, quien a\u00f1adi\u00f3 que los hechos ocurrieron el viernes pasado cerca de las 04.00 de la madrugada, cuando la v\u00edctima -un repartidor de comida delivery-, recibi\u00f3 un llamado para concurrir hasta un domicilio de calle Isla Picton, sector alto de la ciudad.<\/p>\n<p style=\"text-align: justify;\">\u201cLa v\u00edctima concurre con el pedido al domicilio, lugar en el cual fue abordado por dos sujetos quienes lo intimidaron para que haga entrega del encargo y adem\u00e1s, uno de los imputados, lo intimid\u00f3 con un cuchillo. En ese mismo acto proceden a sustraerle, desde el interior de su veh\u00edculo, un tel\u00e9fono celular y dinero en efectivo\u201d, coment\u00f3 el abogado de la Fiscal\u00eda.<\/p>\n<p style=\"text-align: justify;\">Posterior a esto, a\u00f1adi\u00f3 Mat\u00edas Manzano, \u201cla v\u00edctima huye, concurre Carabineros al lugar de los hechos y se encuentran con ambos imputados, los cuales adem\u00e1s se resistieron a la detenci\u00f3n\u201d. Uno de los sujetos, lanz\u00f3 l\u00edquido a los funcionarios, cuya composici\u00f3n se est\u00e1 investigando, adem\u00e1s de proferir amenazas de muerte contra ambos polic\u00edas.<\/p>\n<p style=\"text-align: justify;\">Los imputados fueron formalizados por el Ministerio P\u00fablico y permanecen en prisi\u00f3n preventiva por los delitos de robo con intimidaci\u00f3n y a uno de ellos, adem\u00e1s, se le comunicaron cargos por da\u00f1os simples y amenazas de muerte.<\/p>\n<p style=\"text-align: justify;\">El plazo para el t\u00e9rmino de las diligencias, que desarrolla la SIP y Labocar de Carabineros en conjunto con la Fiscal\u00eda Local de Coyhaique, es de 90 d\u00edas.<\/p>\n<\/div><\/section><\/div><div  style='height:50px' class='hr hr-invisible   avia-builder-el-6  el_after_av_one_full  el_before_av_social_share '><span class='hr-inner ' ><span class='hr-inner-style'><\/span><\/span><\/div><\/p>\n<div  class='av-social-sharing-box  avia-builder-el-7  el_after_av_hr  el_before_av_hr  '><div class='av-share-box'><h5 class='av-share-link-description av-no-toc '>Compartir esta noticia<\/h5><ul class='av-share-box-list noLightbox'><li class='av-share-link av-social-link-facebook' ><a target=\"_blank\" aria-label=\"Compartir en Facebook\" href='https:\/\/www.facebook.com\/sharer.php?u=https:\/\/radiorevelacionfm.cl\/?p=18911&#038;t=Solicitan%20prisi%C3%B3n%20preventiva%20para%20dos%20imputados%20por%20robo%20con%20intimidaci%C3%B3n%20contra%20repartidor%20de%20delivery' aria-hidden='false' data-av_icon='\ue8f3' data-av_iconfont='entypo-fontello' title='' data-avia-related-tooltip='Compartir en Facebook' rel=\"noopener\"><span class='avia_hidden_link_text'>Compartir en Facebook<\/span><\/a><\/li><li class='av-share-link av-social-link-twitter' ><a target=\"_blank\" aria-label=\"Compartir en Twitter\" href='https:\/\/twitter.com\/share?text=Solicitan%20prisi%C3%B3n%20preventiva%20para%20dos%20imputados%20por%20robo%20con%20intimidaci%C3%B3n%20contra%20repartidor%20de%20delivery&#038;url=https:\/\/radiorevelacionfm.cl\/?p=18911' aria-hidden='false' data-av_icon='\ue8f1' data-av_iconfont='entypo-fontello' title='' data-avia-related-tooltip='Compartir en Twitter' rel=\"noopener\"><span class='avia_hidden_link_text'>Compartir en Twitter<\/span><\/a><\/li><li class='av-share-link av-social-link-whatsapp' ><a target=\"_blank\" aria-label=\"Compartir en Whatsapp\" href='https:\/\/api.whatsapp.com\/send?text=https:\/\/radiorevelacionfm.cl\/?p=18911' aria-hidden='false' data-av_icon='\uf232' data-av_iconfont='entypo-fontello' title='' data-avia-related-tooltip='Compartir en Whatsapp' rel=\"noopener\"><span class='avia_hidden_link_text'>Compartir en Whatsapp<\/span><\/a><\/li><li class='av-share-link av-social-link-linkedin' ><a target=\"_blank\" aria-label=\"Compartir en LinkedIn\" href='https:\/\/linkedin.com\/shareArticle?mini=true&#038;title=Solicitan%20prisi%C3%B3n%20preventiva%20para%20dos%20imputados%20por%20robo%20con%20intimidaci%C3%B3n%20contra%20repartidor%20de%20delivery&#038;url=https:\/\/radiorevelacionfm.cl\/?p=18911' aria-hidden='false' data-av_icon='\ue8fc' data-av_iconfont='entypo-fontello' title='' data-avia-related-tooltip='Compartir en LinkedIn' rel=\"noopener\"><span class='avia_hidden_link_text'>Compartir en LinkedIn<\/span><\/a><\/li><li class='av-share-link av-social-link-mail' ><a  aria-label=\"Compartir por correo\" href='mailto:?subject=Solicitan%20prisi%C3%B3n%20preventiva%20para%20dos%20imputados%20por%20robo%20con%20intimidaci%C3%B3n%20contra%20repartidor%20de%20delivery&#038;body=https:\/\/radiorevelacionfm.cl\/?p=18911' aria-hidden='false' data-av_icon='\ue805' data-av_iconfont='entypo-fontello' title='' data-avia-related-tooltip='Compartir por correo'><span class='avia_hidden_link_text'>Compartir por correo<\/span><\/a><\/li><\/ul><\/div><\/div>\n<div  style='height:50px' class='hr hr-invisible   avia-builder-el-8  el_after_av_social_share  el_before_av_comments_list '><span class='hr-inner ' ><span class='hr-inner-style'><\/span><\/span><\/div>\n<div  class='av-buildercomment  av-blog-meta-html-info-disabled av-blog-meta-tag-disabled  '><\/div>\n","protected":false},"excerpt":{"rendered":"","protected":false},"author":1,"featured_media":3217,"comment_status":"open","ping_status":"open","sticky":false,"template":"","format":"standard","meta":{"footnotes":""},"categories":[55],"tags":[],"class_list":["post-18911","post","type-post","status-publish","format-standard","has-post-thumbnail","hentry","category-justicia"],"jetpack_featured_media_url":"https:\/\/radiorevelacionfm.cl\/wp-content\/uploads\/2021\/04\/FISCALIA1.jpg","_links":{"self":[{"href":"https:\/\/radiorevelacionfm.cl\/index.php?rest_route=\/wp\/v2\/posts\/18911","targetHints":{"allow":["GET"]}}],"collection":[{"href":"https:\/\/radiorevelacionfm.cl\/index.php?rest_route=\/wp\/v2\/posts"}],"about":[{"href":"https:\/\/radiorevelacionfm.cl\/index.php?rest_route=\/wp\/v2\/types\/post"}],"author":[{"embeddable":true,"href":"https:\/\/radiorevelacionfm.cl\/index.php?rest_route=\/wp\/v2\/users\/1"}],"replies":[{"embeddable":true,"href":"https:\/\/radiorevelacionfm.cl\/index.php?rest_route=%2Fwp%2Fv2%2Fcomments&post=18911"}],"version-history":[{"count":2,"href":"https:\/\/radiorevelacionfm.cl\/index.php?rest_route=\/wp\/v2\/posts\/18911\/revisions"}],"predecessor-version":[{"id":18913,"href":"https:\/\/radiorevelacionfm.cl\/index.php?rest_route=\/wp\/v2\/posts\/18911\/revisions\/18913"}],"wp:featuredmedia":[{"embeddable":true,"href":"https:\/\/radiorevelacionfm.cl\/index.php?rest_route=\/wp\/v2\/media\/3217"}],"wp:attachment":[{"href":"https:\/\/radiorevelacionfm.cl\/index.php?rest_route=%2Fwp%2Fv2%2Fmedia&parent=18911"}],"wp:term":[{"taxonomy":"category","embeddable":true,"href":"https:\/\/radiorevelacionfm.cl\/index.php?rest_route=%2Fwp%2Fv2%2Fcategories&post=18911"},{"taxonomy":"post_tag","embeddable":true,"href":"https:\/\/radiorevelacionfm.cl\/index.php?rest_route=%2Fwp%2Fv2%2Ftags&post=18911"}],"curies":[{"name":"wp","href":"https:\/\/api.w.org\/{rel}","templated":true}]}}