{"id":18908,"date":"2022-07-07T10:03:34","date_gmt":"2022-07-07T13:03:34","guid":{"rendered":"https:\/\/radiorevelacionfm.cl\/?p=18908"},"modified":"2022-07-07T10:03:34","modified_gmt":"2022-07-07T13:03:34","slug":"parlamentarios-de-aysen-solicitan-al-gobierno-soluciones-definitivas-para-la-conectividad-del-lago-general-carrera","status":"publish","type":"post","link":"https:\/\/radiorevelacionfm.cl\/?p=18908","title":{"rendered":"Parlamentarios de Ays\u00e9n solicitan al Gobierno \u201csoluciones definitivas\u201d para la conectividad del Lago General Carrera"},"content":{"rendered":"<div class=\"flex_column av_one_full  flex_column_div av-zero-column-padding first  avia-builder-el-0  el_before_av_one_full  avia-builder-el-first  \" style='border-radius:0px; '><div  class='avia-image-container  av-styling-    avia-builder-el-1  avia-builder-el-no-sibling  avia-align-center '  itemprop=\"image\" itemscope=\"itemscope\" itemtype=\"https:\/\/schema.org\/ImageObject\"  ><div class='avia-image-container-inner'><div class='avia-image-overlay-wrap'><img decoding=\"async\" class='wp-image-18909 avia-img-lazy-loading-not-18909 avia_image' src=\"https:\/\/radiorevelacionfm.cl\/wp-content\/uploads\/2022\/07\/reunion-parlamentarios-aysen-1-1.jpeg\" alt='' title='reunion parlamentarios aysen (1) (1)' height=\"600\" width=\"900\"  itemprop=\"thumbnailUrl\" srcset=\"https:\/\/radiorevelacionfm.cl\/wp-content\/uploads\/2022\/07\/reunion-parlamentarios-aysen-1-1.jpeg 900w, https:\/\/radiorevelacionfm.cl\/wp-content\/uploads\/2022\/07\/reunion-parlamentarios-aysen-1-1-300x200.jpeg 300w, https:\/\/radiorevelacionfm.cl\/wp-content\/uploads\/2022\/07\/reunion-parlamentarios-aysen-1-1-768x512.jpeg 768w, https:\/\/radiorevelacionfm.cl\/wp-content\/uploads\/2022\/07\/reunion-parlamentarios-aysen-1-1-705x470.jpeg 705w, https:\/\/radiorevelacionfm.cl\/wp-content\/uploads\/2022\/07\/reunion-parlamentarios-aysen-1-1-600x400.jpeg 600w\" sizes=\"(max-width: 900px) 100vw, 900px\" \/><\/div><\/div><\/div><\/div><div class=\"flex_column av_one_full  flex_column_div av-zero-column-padding first  avia-builder-el-2  el_after_av_one_full  el_before_av_one_full  column-top-margin\" style='border-radius:0px; '><section class=\"av_textblock_section \"  itemscope=\"itemscope\" itemtype=\"https:\/\/schema.org\/BlogPosting\" itemprop=\"blogPost\" ><div class='avia_textblock  '   itemprop=\"text\" ><p style=\"text-align: center;\"><span style=\"font-size: 18pt;\"><strong>Parlamentarios de Ays\u00e9n solicitan al Gobierno \u201csoluciones definitivas\u201d para la conectividad del Lago General Carrera<\/strong><\/span><\/p>\n<div id=\"gtx-trans\" style=\"position: absolute; left: -50px; top: 4.31534px;\">\n<div class=\"gtx-trans-icon\"><\/div>\n<\/div>\n<\/div><\/section><\/div><div class=\"flex_column av_one_full  flex_column_div av-zero-column-padding first  avia-builder-el-4  el_after_av_one_full  el_before_av_hr  column-top-margin\" style='border-radius:0px; '><section class=\"av_textblock_section \"  itemscope=\"itemscope\" itemtype=\"https:\/\/schema.org\/BlogPosting\" itemprop=\"blogPost\" ><div class='avia_textblock  '   itemprop=\"text\" ><p style=\"font-weight: 400; text-align: justify;\">\u201cLa situaci\u00f3n de conectividad en Chile Chico es insostenible\u201d plantearon desde el Congreso este mi\u00e9rcoles 6 de julio \u00a0los cinco parlamentarios de la regi\u00f3n en reuni\u00f3n con el Ministerio de Transportes y el Ministerio de Obras P\u00fablicas, donde se analizaron los problemas con las barcazas y los planes de contingencia que deben implementarse.<\/p>\n<p style=\"font-weight: 400; text-align: justify;\">\u201cLa idea es juntarnos el d\u00eda lunes para tener claridad respecto a varios temas. Por un lado, el plan de contingencia, el plan de mantenci\u00f3n de la nave principal, la Tehuelche, que est\u00e1 fuera de circulaci\u00f3n, conocer tambi\u00e9n que se va a hacer con la Pilchero y mirar en un largo plazo una soluci\u00f3n definitiva, que tiene que ver con una nueva nave, con un est\u00e1ndar que, a mi juicio, tiene que ser superior a lo que constituye la Tehuelche hoy\u201d, expres\u00f3 la presidenta de la Comisi\u00f3n de Transporte y Telecomunicaciones del Senado, Ximena Ordenes Neira.<\/p>\n<p style=\"font-weight: 400; text-align: justify;\">El senador David Sandoval, en tanto, destac\u00f3 el trabajo conjunto de todos los parlamentarios de la regi\u00f3n de Ays\u00e9n en este tema que afecta a la conectividad lacustre. \u201cCuando los temas son de regi\u00f3n, este es el mejor ejercicio para enfrentar estos problemas\u201d, se\u00f1al\u00f3. \u201cLo que nos dicen (las autoridades) es que la barcaza Tehuelche tiene hasta diciembre todav\u00eda para efectos de su mantenci\u00f3n y se\u00f1alan que all\u00ed reci\u00e9n va a estar cien por ciento operativa\u201d, puntualiz\u00f3.<\/p>\n<p style=\"font-weight: 400; text-align: justify;\">Seg\u00fan el diputado Miguel \u00c1ngel Calisto \u201cplanteamos que es urgente habilitar el paso Pallavicini para el paso de buses y camiones, como tambi\u00e9n garantizar que el subsidio que hoy en d\u00eda opera para el transporte de pasajeros, sirva para pasar por Argentina, porque por Chile son m\u00e1s de ocho horas de viaje. Tambi\u00e9n planteamos necesidad que los camiones tengan acceso a subsidios y apoyos por parte del Gobierno, tomando en cuenta que los seguros internacionales son muy altos. Ac\u00e1 se requiere de una nueva barcaza, pero eso es algo para muchos a\u00f1os m\u00e1s, por eso requerimos soluciones inmediatas\u201d.<\/p>\n<p style=\"font-weight: 400; text-align: justify;\">Por su parte, la diputada Marcia Raphael afirm\u00f3 que \u201cefectivamente el ministro nos ha presentado las soluciones que han dado para el tema de la contingencia puntual, las que son lamentablemente medidas a corto plazo, debemos aumentar las alternativas. Nosotros le solicitamos que si bien la frecuencia se aument\u00f3 en dos vuelos diarios, es necesario que \u00e9stos cuenten con mayor capacidad de pasajeros junto con ver tambi\u00e9n una cotizaci\u00f3n de barcaza r\u00e1pida s\u00f3lo para transporte de pasajeros. Aqu\u00ed el costo en que pueden incurrir para sortear esta contingencia, sin duda es intranscendente. Como autoridades parlamentarias, necesitamos que los habitantes de Chile Chico tengan una soluci\u00f3n r\u00e1pida y que no sea s\u00f3lo a mediano plazo.\u201d<\/p>\n<p style=\"font-weight: 400; text-align: justify;\">Al finalizar, la senadora Ordenes\u00a0 afirm\u00f3 que \u201cla afectaci\u00f3n no es s\u00f3lo a la comunidad, a su acceso a servicios y derechos sino que tambi\u00e9n a los emprendedores y a la actividad econ\u00f3mica del lugar. Yo espero que podamos tener una agenda de trabajo, incorporando a todos los actores locales. Tiene que haber una instancia interministerial coherente, como lo hicimos con el plan de conectividad austral, cuando construimos la nave Tehuelche. En esa misma l\u00f3gica hay que pensar lo que queremos en el siglo XXI para la conectividad del lago General Carrera.\u201d<\/p>\n<\/div><\/section><\/div><div  style='height:50px' class='hr hr-invisible   avia-builder-el-6  el_after_av_one_full  el_before_av_social_share '><span class='hr-inner ' ><span class='hr-inner-style'><\/span><\/span><\/div><\/p>\n<div  class='av-social-sharing-box  avia-builder-el-7  el_after_av_hr  el_before_av_hr  '><div class='av-share-box'><h5 class='av-share-link-description av-no-toc '>Compartir esta noticia<\/h5><ul class='av-share-box-list noLightbox'><li class='av-share-link av-social-link-facebook' ><a target=\"_blank\" aria-label=\"Compartir en Facebook\" href='https:\/\/www.facebook.com\/sharer.php?u=https:\/\/radiorevelacionfm.cl\/?p=18908&#038;t=Parlamentarios%20de%20Ays%C3%A9n%20solicitan%20al%20Gobierno%20%E2%80%9Csoluciones%20definitivas%E2%80%9D%20para%20la%20conectividad%20del%20Lago%20General%20Carrera' aria-hidden='false' data-av_icon='\ue8f3' data-av_iconfont='entypo-fontello' title='' data-avia-related-tooltip='Compartir en Facebook' rel=\"noopener\"><span class='avia_hidden_link_text'>Compartir en Facebook<\/span><\/a><\/li><li class='av-share-link av-social-link-twitter' ><a target=\"_blank\" aria-label=\"Compartir en Twitter\" href='https:\/\/twitter.com\/share?text=Parlamentarios%20de%20Ays%C3%A9n%20solicitan%20al%20Gobierno%20%E2%80%9Csoluciones%20definitivas%E2%80%9D%20para%20la%20conectividad%20del%20Lago%20General%20Carrera&#038;url=https:\/\/radiorevelacionfm.cl\/?p=18908' aria-hidden='false' data-av_icon='\ue8f1' data-av_iconfont='entypo-fontello' title='' data-avia-related-tooltip='Compartir en Twitter' rel=\"noopener\"><span class='avia_hidden_link_text'>Compartir en Twitter<\/span><\/a><\/li><li class='av-share-link av-social-link-whatsapp' ><a target=\"_blank\" aria-label=\"Compartir en Whatsapp\" href='https:\/\/api.whatsapp.com\/send?text=https:\/\/radiorevelacionfm.cl\/?p=18908' aria-hidden='false' data-av_icon='\uf232' data-av_iconfont='entypo-fontello' title='' data-avia-related-tooltip='Compartir en Whatsapp' rel=\"noopener\"><span class='avia_hidden_link_text'>Compartir en Whatsapp<\/span><\/a><\/li><li class='av-share-link av-social-link-linkedin' ><a target=\"_blank\" aria-label=\"Compartir en LinkedIn\" href='https:\/\/linkedin.com\/shareArticle?mini=true&#038;title=Parlamentarios%20de%20Ays%C3%A9n%20solicitan%20al%20Gobierno%20%E2%80%9Csoluciones%20definitivas%E2%80%9D%20para%20la%20conectividad%20del%20Lago%20General%20Carrera&#038;url=https:\/\/radiorevelacionfm.cl\/?p=18908' aria-hidden='false' data-av_icon='\ue8fc' data-av_iconfont='entypo-fontello' title='' data-avia-related-tooltip='Compartir en LinkedIn' rel=\"noopener\"><span class='avia_hidden_link_text'>Compartir en LinkedIn<\/span><\/a><\/li><li class='av-share-link av-social-link-mail' ><a  aria-label=\"Compartir por correo\" href='mailto:?subject=Parlamentarios%20de%20Ays%C3%A9n%20solicitan%20al%20Gobierno%20%E2%80%9Csoluciones%20definitivas%E2%80%9D%20para%20la%20conectividad%20del%20Lago%20General%20Carrera&#038;body=https:\/\/radiorevelacionfm.cl\/?p=18908' aria-hidden='false' data-av_icon='\ue805' data-av_iconfont='entypo-fontello' title='' data-avia-related-tooltip='Compartir por correo'><span class='avia_hidden_link_text'>Compartir por correo<\/span><\/a><\/li><\/ul><\/div><\/div>\n<div  style='height:50px' class='hr hr-invisible   avia-builder-el-8  el_after_av_social_share  el_before_av_comments_list '><span class='hr-inner ' ><span class='hr-inner-style'><\/span><\/span><\/div>\n<div  class='av-buildercomment  av-blog-meta-html-info-disabled av-blog-meta-tag-disabled  '><\/div>\n","protected":false},"excerpt":{"rendered":"","protected":false},"author":1,"featured_media":18909,"comment_status":"open","ping_status":"open","sticky":false,"template":"","format":"standard","meta":{"footnotes":""},"categories":[35],"tags":[],"class_list":["post-18908","post","type-post","status-publish","format-standard","has-post-thumbnail","hentry","category-politica"],"jetpack_featured_media_url":"https:\/\/radiorevelacionfm.cl\/wp-content\/uploads\/2022\/07\/reunion-parlamentarios-aysen-1-1.jpeg","_links":{"self":[{"href":"https:\/\/radiorevelacionfm.cl\/index.php?rest_route=\/wp\/v2\/posts\/18908","targetHints":{"allow":["GET"]}}],"collection":[{"href":"https:\/\/radiorevelacionfm.cl\/index.php?rest_route=\/wp\/v2\/posts"}],"about":[{"href":"https:\/\/radiorevelacionfm.cl\/index.php?rest_route=\/wp\/v2\/types\/post"}],"author":[{"embeddable":true,"href":"https:\/\/radiorevelacionfm.cl\/index.php?rest_route=\/wp\/v2\/users\/1"}],"replies":[{"embeddable":true,"href":"https:\/\/radiorevelacionfm.cl\/index.php?rest_route=%2Fwp%2Fv2%2Fcomments&post=18908"}],"version-history":[{"count":2,"href":"https:\/\/radiorevelacionfm.cl\/index.php?rest_route=\/wp\/v2\/posts\/18908\/revisions"}],"predecessor-version":[{"id":18914,"href":"https:\/\/radiorevelacionfm.cl\/index.php?rest_route=\/wp\/v2\/posts\/18908\/revisions\/18914"}],"wp:featuredmedia":[{"embeddable":true,"href":"https:\/\/radiorevelacionfm.cl\/index.php?rest_route=\/wp\/v2\/media\/18909"}],"wp:attachment":[{"href":"https:\/\/radiorevelacionfm.cl\/index.php?rest_route=%2Fwp%2Fv2%2Fmedia&parent=18908"}],"wp:term":[{"taxonomy":"category","embeddable":true,"href":"https:\/\/radiorevelacionfm.cl\/index.php?rest_route=%2Fwp%2Fv2%2Fcategories&post=18908"},{"taxonomy":"post_tag","embeddable":true,"href":"https:\/\/radiorevelacionfm.cl\/index.php?rest_route=%2Fwp%2Fv2%2Ftags&post=18908"}],"curies":[{"name":"wp","href":"https:\/\/api.w.org\/{rel}","templated":true}]}}