{"id":18905,"date":"2022-07-07T10:37:55","date_gmt":"2022-07-07T13:37:55","guid":{"rendered":"https:\/\/radiorevelacionfm.cl\/?p=18905"},"modified":"2022-07-07T10:37:55","modified_gmt":"2022-07-07T13:37:55","slug":"seremi-de-vivienda-haremos-todos-los-esfuerzos-para-superar-las-trabas-que-nos-dejaron-y-disminuir-al-maximo-los-plazos-para-iniciar-obras-en-la-chacra-g","status":"publish","type":"post","link":"https:\/\/radiorevelacionfm.cl\/?p=18905","title":{"rendered":"Seremi de Vivienda: \u201cHaremos todos los esfuerzos para superar las trabas que nos dejaron y disminuir al m\u00e1ximo los plazos para iniciar obras en la Chacra G\u201d"},"content":{"rendered":"<div class=\"flex_column av_one_full  flex_column_div av-zero-column-padding first  avia-builder-el-0  el_before_av_one_full  avia-builder-el-first  \" style='border-radius:0px; '><div  class='avia-image-container  av-styling-    avia-builder-el-1  avia-builder-el-no-sibling  avia-align-center '  itemprop=\"image\" itemscope=\"itemscope\" itemtype=\"https:\/\/schema.org\/ImageObject\"  ><div class='avia-image-container-inner'><div class='avia-image-overlay-wrap'><img decoding=\"async\" class='wp-image-18906 avia-img-lazy-loading-not-18906 avia_image' src=\"https:\/\/radiorevelacionfm.cl\/wp-content\/uploads\/2022\/07\/1-imagen-virtual-chacra-g-1_optimized-1.jpg\" alt='' title='1-imagen-virtual-chacra-g-(1)_optimized (1)' height=\"600\" width=\"1103\"  itemprop=\"thumbnailUrl\" srcset=\"https:\/\/radiorevelacionfm.cl\/wp-content\/uploads\/2022\/07\/1-imagen-virtual-chacra-g-1_optimized-1.jpg 1103w, https:\/\/radiorevelacionfm.cl\/wp-content\/uploads\/2022\/07\/1-imagen-virtual-chacra-g-1_optimized-1-300x163.jpg 300w, https:\/\/radiorevelacionfm.cl\/wp-content\/uploads\/2022\/07\/1-imagen-virtual-chacra-g-1_optimized-1-1030x560.jpg 1030w, https:\/\/radiorevelacionfm.cl\/wp-content\/uploads\/2022\/07\/1-imagen-virtual-chacra-g-1_optimized-1-768x418.jpg 768w, https:\/\/radiorevelacionfm.cl\/wp-content\/uploads\/2022\/07\/1-imagen-virtual-chacra-g-1_optimized-1-705x383.jpg 705w, https:\/\/radiorevelacionfm.cl\/wp-content\/uploads\/2022\/07\/1-imagen-virtual-chacra-g-1_optimized-1-600x326.jpg 600w\" sizes=\"(max-width: 1103px) 100vw, 1103px\" \/><\/div><\/div><\/div><\/div><div class=\"flex_column av_one_full  flex_column_div av-zero-column-padding first  avia-builder-el-2  el_after_av_one_full  el_before_av_one_full  column-top-margin\" style='border-radius:0px; '><section class=\"av_textblock_section \"  itemscope=\"itemscope\" itemtype=\"https:\/\/schema.org\/BlogPosting\" itemprop=\"blogPost\" ><div class='avia_textblock  '   itemprop=\"text\" ><p style=\"text-align: center;\"><strong><span style=\"font-size: 18pt;\">Seremi de Vivienda: \u201cHaremos todos los esfuerzos para superar las trabas que nos dejaron y disminuir al m\u00e1ximo los plazos para iniciar obras en la Chacra G\u201d<\/span><\/strong><\/p>\n<div id=\"gtx-trans\" style=\"position: absolute; left: -50px; top: 4.31534px;\">\n<div class=\"gtx-trans-icon\"><\/div>\n<\/div>\n<\/div><\/section><\/div><div class=\"flex_column av_one_full  flex_column_div av-zero-column-padding first  avia-builder-el-4  el_after_av_one_full  el_before_av_hr  column-top-margin\" style='border-radius:0px; '><section class=\"av_textblock_section \"  itemscope=\"itemscope\" itemtype=\"https:\/\/schema.org\/BlogPosting\" itemprop=\"blogPost\" ><div class='avia_textblock  '   itemprop=\"text\" ><p style=\"text-align: justify;\">Tras sostener reuniones con el nivel central del Ministerio de Vivienda y Urbanismo, la Seremi de Ays\u00e9n, Paulina Ruz Delf\u00edn, se refiri\u00f3 a la situaci\u00f3n actual y los \u00faltimos avances respecto del mega proyecto habitacional conocido como la \u201cChacra G\u201d de Coyhaique, tema de actualidad y preocupaci\u00f3n para cerca de mil familias que esperan concretar all\u00ed la construcci\u00f3n de sus viviendas.<\/p>\n<p style=\"text-align: justify;\">La autoridad sectorial reconoci\u00f3 que hoy existe preocupaci\u00f3n y molestia de dirigentes y familias debido a que en una reciente reuni\u00f3n se les inform\u00f3 que la construcci\u00f3n de sus viviendas no partir\u00eda a fines de este a\u00f1o, como habr\u00edan indicado las autoridades anteriores en el 2021, ya que no existen los recursos ni se dan los tiempos necesarios para superar las etapas que se debe completar, considerando lo que hab\u00eda avanzado hace cuatro meses atr\u00e1s cuando se inici\u00f3 la gesti\u00f3n del actual Gobierno.<\/p>\n<p style=\"text-align: justify;\">La Seremi enfatiz\u00f3 en que un punto fundamental en este nuevo escenario radica en que las autoridades sectoriales del Gobierno anterior hicieron promesas y fijaron fechas, pero no gestionaron los recursos que se requieren en el presupuesto de este a\u00f1o 2022 para comenzar con la construcci\u00f3n de las obras de la macro infraestructura y menos de las primeras soluciones habitacionales contempladas en el plan.<\/p>\n<p style=\"text-align: justify;\">\u201cAun en ese adverso escenario decir que la Chacra G se posterga hasta el 2025 es absolutamente falso, adem\u00e1s es algo que nunca hemos planteado de esa forma. Lo que si ocurre es que las obras no comenzar\u00e1n a fines de este a\u00f1o, como se prometi\u00f3 falsamente a las familias, sino que tendremos que hacer este a\u00f1o todas las gestiones que sean necesarias a nivel regional y nacional para que el 2023 tengamos los recursos para avanzar en las etapas que van faltando para iniciar m\u00e1s adelante la construcci\u00f3n de los primeros conjuntos habitacionales en terrenos de la Chacra G1. Lo que debe quedar claro es que no se trata de buena o mala voluntad, se trata de que hay que cumplir requisitos y etapas que cuando llegamos no estaban listos y que estamos ahora poniendo en marcha para agilizar todo lo que sea posible\u201d, manifest\u00f3 la Seremi.<\/p>\n<p style=\"text-align: justify;\">Es en ese contexto es que la autoridad pidi\u00f3 a todos los parlamentarios de la regi\u00f3n sumar desde ya su apoyo en la tramitaci\u00f3n y votaci\u00f3n del pr\u00f3ximo presupuesto de la naci\u00f3n, el cual esta vez s\u00ed deber\u00eda considerar los recursos para seguir avanzando en este que es el proyecto habitacional m\u00e1s grande de la regi\u00f3n de Ays\u00e9n.<\/p>\n<p style=\"text-align: justify;\">Respecto de la magnitud de esta iniciativa record\u00f3 Paulina Ruz que la Chacra G es parte de un Plan Urbano Habitacional que no solo incluye viviendas, sino que tambi\u00e9n la mencionada macro infraestructura, que contempla un centro asistencial de salud, una sala cuna, un lugar para Bomberos, Carabineros y todo lo que exige asegurar desde ya las condiciones adecuadas de calidad, seguridad y bienestar para la futura vida de las m\u00e1s de mil familias que se proyectan en el sector.<\/p>\n<p style=\"text-align: justify;\">\u201cEntonces hay que tener muy en claro que no se trata solo de construir las casas, como hemos explicado muchas veces, sino que tambi\u00e9n se necesita alcantarillado, pavimentaci\u00f3n, alumbrado p\u00fablico, red de agua potable, parques y todo lo que implica la urbanizaci\u00f3n. Hoy nos encontramos trabajando en el dise\u00f1o, para que el pr\u00f3ximo a\u00f1o se pueda licitar, ejecutar y contratar estas obras de macro infraestructura que son tan necesarias para la vida futura de esta gran comunidad\u201d, puntualiz\u00f3.<\/p>\n<p style=\"text-align: justify;\">Agreg\u00f3 finalmente la Seremi paulina Ruz que es muy importante que la comunidad tenga claro que est\u00e1n trabajando desde un comienzo en este tema, buscando formas de acortar los tiempos y de superar las trabas con las que se encontraron al asumir sus cargos. \u201cLo que si tenemos claro es que no le podemos mentir a la gente, debemos ser sinceros y claros con la informaci\u00f3n que se entrega a los comit\u00e9s y las familias, porque si hay algo inaceptable es prometer falsedades o jugar con las expectativas y las necesidades de la gente. Desde el Gobierno del Presidente Boric no estamos ni vamos a estar nunca para eso, nuestro compromiso est\u00e1 con la gente y entendiendo que tenemos un Plan de Emergencia Habitacional que nos obliga a doblegar esfuerzos, invitamos a las familias, dirigentes, autoridades de todo nivel y tambi\u00e9n a nuestros socios del sector privado a sumar fuerzas para que de aqu\u00ed en el futuro entre todos saquemos adelante este gran proyecto en los menores tiempos posibles\u201d, concluy\u00f3.<\/p>\n<\/div><\/section><\/div><div  style='height:50px' class='hr hr-invisible   avia-builder-el-6  el_after_av_one_full  el_before_av_social_share '><span class='hr-inner ' ><span class='hr-inner-style'><\/span><\/span><\/div><\/p>\n<div  class='av-social-sharing-box  avia-builder-el-7  el_after_av_hr  el_before_av_hr  '><div class='av-share-box'><h5 class='av-share-link-description av-no-toc '>Compartir esta noticia<\/h5><ul class='av-share-box-list noLightbox'><li class='av-share-link av-social-link-facebook' ><a target=\"_blank\" aria-label=\"Compartir en Facebook\" href='https:\/\/www.facebook.com\/sharer.php?u=https:\/\/radiorevelacionfm.cl\/?p=18905&#038;t=Seremi%20de%20Vivienda%3A%20%E2%80%9CHaremos%20todos%20los%20esfuerzos%20para%20superar%20las%20trabas%20que%20nos%20dejaron%20y%20disminuir%20al%20m%C3%A1ximo%20los%20plazos%20para%20iniciar%20obras%20en%20la%20Chacra%20G%E2%80%9D' aria-hidden='false' data-av_icon='\ue8f3' data-av_iconfont='entypo-fontello' title='' data-avia-related-tooltip='Compartir en Facebook' rel=\"noopener\"><span class='avia_hidden_link_text'>Compartir en Facebook<\/span><\/a><\/li><li class='av-share-link av-social-link-twitter' ><a target=\"_blank\" aria-label=\"Compartir en Twitter\" href='https:\/\/twitter.com\/share?text=Seremi%20de%20Vivienda%3A%20%E2%80%9CHaremos%20todos%20los%20esfuerzos%20para%20superar%20las%20trabas%20que%20nos%20dejaron%20y%20disminuir%20al%20m%C3%A1ximo%20los%20plazos%20para%20iniciar%20obras%20en%20la%20Chacra%20G%E2%80%9D&#038;url=https:\/\/radiorevelacionfm.cl\/?p=18905' aria-hidden='false' data-av_icon='\ue8f1' data-av_iconfont='entypo-fontello' title='' data-avia-related-tooltip='Compartir en Twitter' rel=\"noopener\"><span class='avia_hidden_link_text'>Compartir en Twitter<\/span><\/a><\/li><li class='av-share-link av-social-link-whatsapp' ><a target=\"_blank\" aria-label=\"Compartir en Whatsapp\" href='https:\/\/api.whatsapp.com\/send?text=https:\/\/radiorevelacionfm.cl\/?p=18905' aria-hidden='false' data-av_icon='\uf232' data-av_iconfont='entypo-fontello' title='' data-avia-related-tooltip='Compartir en Whatsapp' rel=\"noopener\"><span class='avia_hidden_link_text'>Compartir en Whatsapp<\/span><\/a><\/li><li class='av-share-link av-social-link-linkedin' ><a target=\"_blank\" aria-label=\"Compartir en LinkedIn\" href='https:\/\/linkedin.com\/shareArticle?mini=true&#038;title=Seremi%20de%20Vivienda%3A%20%E2%80%9CHaremos%20todos%20los%20esfuerzos%20para%20superar%20las%20trabas%20que%20nos%20dejaron%20y%20disminuir%20al%20m%C3%A1ximo%20los%20plazos%20para%20iniciar%20obras%20en%20la%20Chacra%20G%E2%80%9D&#038;url=https:\/\/radiorevelacionfm.cl\/?p=18905' aria-hidden='false' data-av_icon='\ue8fc' data-av_iconfont='entypo-fontello' title='' data-avia-related-tooltip='Compartir en LinkedIn' rel=\"noopener\"><span class='avia_hidden_link_text'>Compartir en LinkedIn<\/span><\/a><\/li><li class='av-share-link av-social-link-mail' ><a  aria-label=\"Compartir por correo\" href='mailto:?subject=Seremi%20de%20Vivienda%3A%20%E2%80%9CHaremos%20todos%20los%20esfuerzos%20para%20superar%20las%20trabas%20que%20nos%20dejaron%20y%20disminuir%20al%20m%C3%A1ximo%20los%20plazos%20para%20iniciar%20obras%20en%20la%20Chacra%20G%E2%80%9D&#038;body=https:\/\/radiorevelacionfm.cl\/?p=18905' aria-hidden='false' data-av_icon='\ue805' data-av_iconfont='entypo-fontello' title='' data-avia-related-tooltip='Compartir por correo'><span class='avia_hidden_link_text'>Compartir por correo<\/span><\/a><\/li><\/ul><\/div><\/div>\n<div  style='height:50px' class='hr hr-invisible   avia-builder-el-8  el_after_av_social_share  el_before_av_comments_list '><span class='hr-inner ' ><span class='hr-inner-style'><\/span><\/span><\/div>\n<div  class='av-buildercomment  av-blog-meta-html-info-disabled av-blog-meta-tag-disabled  '><\/div>\n","protected":false},"excerpt":{"rendered":"","protected":false},"author":1,"featured_media":18906,"comment_status":"open","ping_status":"open","sticky":false,"template":"","format":"standard","meta":{"footnotes":""},"categories":[57],"tags":[],"class_list":["post-18905","post","type-post","status-publish","format-standard","has-post-thumbnail","hentry","category-vivienda"],"jetpack_featured_media_url":"https:\/\/radiorevelacionfm.cl\/wp-content\/uploads\/2022\/07\/1-imagen-virtual-chacra-g-1_optimized-1.jpg","_links":{"self":[{"href":"https:\/\/radiorevelacionfm.cl\/index.php?rest_route=\/wp\/v2\/posts\/18905","targetHints":{"allow":["GET"]}}],"collection":[{"href":"https:\/\/radiorevelacionfm.cl\/index.php?rest_route=\/wp\/v2\/posts"}],"about":[{"href":"https:\/\/radiorevelacionfm.cl\/index.php?rest_route=\/wp\/v2\/types\/post"}],"author":[{"embeddable":true,"href":"https:\/\/radiorevelacionfm.cl\/index.php?rest_route=\/wp\/v2\/users\/1"}],"replies":[{"embeddable":true,"href":"https:\/\/radiorevelacionfm.cl\/index.php?rest_route=%2Fwp%2Fv2%2Fcomments&post=18905"}],"version-history":[{"count":2,"href":"https:\/\/radiorevelacionfm.cl\/index.php?rest_route=\/wp\/v2\/posts\/18905\/revisions"}],"predecessor-version":[{"id":18916,"href":"https:\/\/radiorevelacionfm.cl\/index.php?rest_route=\/wp\/v2\/posts\/18905\/revisions\/18916"}],"wp:featuredmedia":[{"embeddable":true,"href":"https:\/\/radiorevelacionfm.cl\/index.php?rest_route=\/wp\/v2\/media\/18906"}],"wp:attachment":[{"href":"https:\/\/radiorevelacionfm.cl\/index.php?rest_route=%2Fwp%2Fv2%2Fmedia&parent=18905"}],"wp:term":[{"taxonomy":"category","embeddable":true,"href":"https:\/\/radiorevelacionfm.cl\/index.php?rest_route=%2Fwp%2Fv2%2Fcategories&post=18905"},{"taxonomy":"post_tag","embeddable":true,"href":"https:\/\/radiorevelacionfm.cl\/index.php?rest_route=%2Fwp%2Fv2%2Ftags&post=18905"}],"curies":[{"name":"wp","href":"https:\/\/api.w.org\/{rel}","templated":true}]}}