{"id":18901,"date":"2022-07-06T19:27:12","date_gmt":"2022-07-06T22:27:12","guid":{"rendered":"https:\/\/radiorevelacionfm.cl\/?p=18901"},"modified":"2022-07-06T19:27:12","modified_gmt":"2022-07-06T22:27:12","slug":"diputados-piden-concretar-ayuda-economica-a-campesinos-ante-grave-crisis-que-afecta-al-sector","status":"publish","type":"post","link":"https:\/\/radiorevelacionfm.cl\/?p=18901","title":{"rendered":"Diputados piden concretar ayuda econ\u00f3mica a campesinos ante grave crisis que afecta al sector"},"content":{"rendered":"<div class=\"flex_column av_one_full  flex_column_div av-zero-column-padding first  avia-builder-el-0  el_before_av_one_full  avia-builder-el-first  \" style='border-radius:0px; '><div  class='avia-image-container  av-styling-    avia-builder-el-1  avia-builder-el-no-sibling  avia-align-center '  itemprop=\"image\" itemscope=\"itemscope\" itemtype=\"https:\/\/schema.org\/ImageObject\"  ><div class='avia-image-container-inner'><div class='avia-image-overlay-wrap'><img decoding=\"async\" class='wp-image-18902 avia-img-lazy-loading-not-18902 avia_image' src=\"https:\/\/radiorevelacionfm.cl\/wp-content\/uploads\/2022\/07\/CALISTO-MARCIA-RAPHAEL-1-1.jpeg\" alt='' title='CALISTO MARCIA RAPHAEL (1) (1)' height=\"600\" width=\"900\"  itemprop=\"thumbnailUrl\" srcset=\"https:\/\/radiorevelacionfm.cl\/wp-content\/uploads\/2022\/07\/CALISTO-MARCIA-RAPHAEL-1-1.jpeg 900w, https:\/\/radiorevelacionfm.cl\/wp-content\/uploads\/2022\/07\/CALISTO-MARCIA-RAPHAEL-1-1-300x200.jpeg 300w, https:\/\/radiorevelacionfm.cl\/wp-content\/uploads\/2022\/07\/CALISTO-MARCIA-RAPHAEL-1-1-768x512.jpeg 768w, https:\/\/radiorevelacionfm.cl\/wp-content\/uploads\/2022\/07\/CALISTO-MARCIA-RAPHAEL-1-1-705x470.jpeg 705w, https:\/\/radiorevelacionfm.cl\/wp-content\/uploads\/2022\/07\/CALISTO-MARCIA-RAPHAEL-1-1-600x400.jpeg 600w\" sizes=\"(max-width: 900px) 100vw, 900px\" \/><\/div><\/div><\/div><\/div><div class=\"flex_column av_one_full  flex_column_div av-zero-column-padding first  avia-builder-el-2  el_after_av_one_full  el_before_av_one_full  column-top-margin\" style='border-radius:0px; '><section class=\"av_textblock_section \"  itemscope=\"itemscope\" itemtype=\"https:\/\/schema.org\/BlogPosting\" itemprop=\"blogPost\" ><div class='avia_textblock  '   itemprop=\"text\" ><p style=\"text-align: center;\"><span style=\"font-size: 18pt;\"><b><span lang=\"ES-US\">Diputados piden concretar ayuda econ\u00f3mica a campesinos ante grave crisis que afecta al sector<\/span><\/b><\/span><\/p>\n<div id=\"gtx-trans\" style=\"position: absolute; left: -50px; top: 4.31534px;\">\n<div class=\"gtx-trans-icon\"><\/div>\n<\/div>\n<\/div><\/section><\/div><div class=\"flex_column av_one_full  flex_column_div av-zero-column-padding first  avia-builder-el-4  el_after_av_one_full  el_before_av_hr  column-top-margin\" style='border-radius:0px; '><section class=\"av_textblock_section \"  itemscope=\"itemscope\" itemtype=\"https:\/\/schema.org\/BlogPosting\" itemprop=\"blogPost\" ><div class='avia_textblock  '   itemprop=\"text\" ><p style=\"font-weight: 400; text-align: justify;\">Ante la dif\u00edcil situaci\u00f3n que est\u00e1n viviendo los campesinos producto de las intensas nevazones y heladas que afectan a la regi\u00f3n de Ays\u00e9n, los diputados Marcia Raphael, Miguel \u00c1ngel Calisto y Ren\u00e9 Alinco enviaron un oficio al Gobierno donde solicitan que se agilice el pague del bono correspondiente al decreto de Emergencia Agr\u00edcola, beneficio que seg\u00fan los parlamentarios no ha llegado a la totalidad de los campesinos.<\/p>\n<p style=\"font-weight: 400; text-align: justify;\">Recordemos que en marzo de este a\u00f1o, el Gobierno decreto Emergencia Agr\u00edcola para cinco comunas de la Regi\u00f3n; Coyhaique, Cochrane, R\u00edo Ib\u00e1\u00f1ez, Chile Chico y Lago Verde. Este mandato involucra el pago de un bono para los campesinos, el que aun no ha sido entregado a todos los beneficiarios.<\/p>\n<p style=\"font-weight: 400; text-align: justify;\">Seg\u00fan la diputada Marcia Raphael, \u201cestamos muy preocupados porque hemos recibido una serie de llamados de campesinos, agricultores y ganaderos de la Regi\u00f3n que no lo est\u00e1n pasando bien. Hay un decreto de Emergencia Agr\u00edcola realizado en marzo de este a\u00f1o, el que va en ayuda de 5 comunas de la regi\u00f3n, pero que lamentablemente al d\u00eda de hoy a muchos no les ha llegado\u201d.<\/p>\n<p style=\"font-weight: 400; text-align: justify;\">\u201cEstamos hablando de un bono que, sin duda va a beneficiar a los agricultores de la regi\u00f3n, pero que estando a julio a\u00fan no llega a esas familias. O sea, estamos hablando de una negligencia de parte del Estado y de las autoridades regionales, particularmente de la seremi de agricultura, por lo que hacemos un llamado a que esto pueda hacerse realidad, pero adem\u00e1s veamos tambi\u00e9n la realidad de toda la regi\u00f3n\u201d, afirm\u00f3 la legisladora.<\/p>\n<p style=\"font-weight: 400; text-align: justify;\">Por su parte, el diputado Miguel \u00c1ngel Calisto se\u00f1al\u00f3 que \u201cestamos preocupados, porque hoy la zona campesina est\u00e1 afectada por las condiciones clim\u00e1ticas y las bajas temperaturas. Hay comunas que hace bastantes semanas est\u00e1n con nieve, lo que dificulta enormemente la vida en el campo. A esto hay que sumarle que a muchas personas aun no se les paga el bono correspondiente al Estado de Emergencia\u201d.<\/p>\n<p style=\"font-weight: 400; text-align: justify;\">\u201cEnviamos un oficio para solicitar que se concrete el pago de este bono para todos los campesinos, entendiendo la gravedad de lo que sucede hoy en d\u00eda y tomando en cuenta que hay muchos a los cuales no les ha llegado ning\u00fan tipo de ayuda. Hay que recordar adem\u00e1s que nosotros este a\u00f1o tuvimos d\u00e9ficit de pasto, entonces los animales no est\u00e1n teniendo comida\u201d, declar\u00f3.<\/p>\n<p style=\"font-weight: 400; text-align: justify;\">Finalmente, el diputado Calisto declar\u00f3 que \u201cesto afecta principalmente a aquellos que tienen 10, o 20 animales y que no tienen acceso a alimento, producto de la sequ\u00eda que afect\u00f3 a la regi\u00f3n, las actuales condiciones clim\u00e1ticas, el estado de los caminos y otros factores. En este sentido el Gobierno tiene que llegar con ayuda directa al campesinado frente a esta grave emergencia\u201d.<\/p>\n<\/div><\/section><\/div><div  style='height:50px' class='hr hr-invisible   avia-builder-el-6  el_after_av_one_full  el_before_av_social_share '><span class='hr-inner ' ><span class='hr-inner-style'><\/span><\/span><\/div><\/p>\n<div  class='av-social-sharing-box  avia-builder-el-7  el_after_av_hr  el_before_av_hr  '><div class='av-share-box'><h5 class='av-share-link-description av-no-toc '>Compartir esta noticia<\/h5><ul class='av-share-box-list noLightbox'><li class='av-share-link av-social-link-facebook' ><a target=\"_blank\" aria-label=\"Compartir en Facebook\" href='https:\/\/www.facebook.com\/sharer.php?u=https:\/\/radiorevelacionfm.cl\/?p=18901&#038;t=Diputados%20piden%20concretar%20ayuda%20econ%C3%B3mica%20a%20campesinos%20ante%20grave%20crisis%20que%20afecta%20al%20sector' aria-hidden='false' data-av_icon='\ue8f3' data-av_iconfont='entypo-fontello' title='' data-avia-related-tooltip='Compartir en Facebook' rel=\"noopener\"><span class='avia_hidden_link_text'>Compartir en Facebook<\/span><\/a><\/li><li class='av-share-link av-social-link-twitter' ><a target=\"_blank\" aria-label=\"Compartir en Twitter\" href='https:\/\/twitter.com\/share?text=Diputados%20piden%20concretar%20ayuda%20econ%C3%B3mica%20a%20campesinos%20ante%20grave%20crisis%20que%20afecta%20al%20sector&#038;url=https:\/\/radiorevelacionfm.cl\/?p=18901' aria-hidden='false' data-av_icon='\ue8f1' data-av_iconfont='entypo-fontello' title='' data-avia-related-tooltip='Compartir en Twitter' rel=\"noopener\"><span class='avia_hidden_link_text'>Compartir en Twitter<\/span><\/a><\/li><li class='av-share-link av-social-link-whatsapp' ><a target=\"_blank\" aria-label=\"Compartir en Whatsapp\" href='https:\/\/api.whatsapp.com\/send?text=https:\/\/radiorevelacionfm.cl\/?p=18901' aria-hidden='false' data-av_icon='\uf232' data-av_iconfont='entypo-fontello' title='' data-avia-related-tooltip='Compartir en Whatsapp' rel=\"noopener\"><span class='avia_hidden_link_text'>Compartir en Whatsapp<\/span><\/a><\/li><li class='av-share-link av-social-link-linkedin' ><a target=\"_blank\" aria-label=\"Compartir en LinkedIn\" href='https:\/\/linkedin.com\/shareArticle?mini=true&#038;title=Diputados%20piden%20concretar%20ayuda%20econ%C3%B3mica%20a%20campesinos%20ante%20grave%20crisis%20que%20afecta%20al%20sector&#038;url=https:\/\/radiorevelacionfm.cl\/?p=18901' aria-hidden='false' data-av_icon='\ue8fc' data-av_iconfont='entypo-fontello' title='' data-avia-related-tooltip='Compartir en LinkedIn' rel=\"noopener\"><span class='avia_hidden_link_text'>Compartir en LinkedIn<\/span><\/a><\/li><li class='av-share-link av-social-link-mail' ><a  aria-label=\"Compartir por correo\" href='mailto:?subject=Diputados%20piden%20concretar%20ayuda%20econ%C3%B3mica%20a%20campesinos%20ante%20grave%20crisis%20que%20afecta%20al%20sector&#038;body=https:\/\/radiorevelacionfm.cl\/?p=18901' aria-hidden='false' data-av_icon='\ue805' data-av_iconfont='entypo-fontello' title='' data-avia-related-tooltip='Compartir por correo'><span class='avia_hidden_link_text'>Compartir por correo<\/span><\/a><\/li><\/ul><\/div><\/div>\n<div  style='height:50px' class='hr hr-invisible   avia-builder-el-8  el_after_av_social_share  el_before_av_comments_list '><span class='hr-inner ' ><span class='hr-inner-style'><\/span><\/span><\/div>\n<div  class='av-buildercomment  av-blog-meta-html-info-disabled av-blog-meta-tag-disabled  '><\/div>\n","protected":false},"excerpt":{"rendered":"","protected":false},"author":1,"featured_media":18902,"comment_status":"open","ping_status":"open","sticky":false,"template":"","format":"standard","meta":{"footnotes":""},"categories":[35],"tags":[],"class_list":["post-18901","post","type-post","status-publish","format-standard","has-post-thumbnail","hentry","category-politica"],"jetpack_featured_media_url":"https:\/\/radiorevelacionfm.cl\/wp-content\/uploads\/2022\/07\/CALISTO-MARCIA-RAPHAEL-1-1.jpeg","_links":{"self":[{"href":"https:\/\/radiorevelacionfm.cl\/index.php?rest_route=\/wp\/v2\/posts\/18901","targetHints":{"allow":["GET"]}}],"collection":[{"href":"https:\/\/radiorevelacionfm.cl\/index.php?rest_route=\/wp\/v2\/posts"}],"about":[{"href":"https:\/\/radiorevelacionfm.cl\/index.php?rest_route=\/wp\/v2\/types\/post"}],"author":[{"embeddable":true,"href":"https:\/\/radiorevelacionfm.cl\/index.php?rest_route=\/wp\/v2\/users\/1"}],"replies":[{"embeddable":true,"href":"https:\/\/radiorevelacionfm.cl\/index.php?rest_route=%2Fwp%2Fv2%2Fcomments&post=18901"}],"version-history":[{"count":2,"href":"https:\/\/radiorevelacionfm.cl\/index.php?rest_route=\/wp\/v2\/posts\/18901\/revisions"}],"predecessor-version":[{"id":18904,"href":"https:\/\/radiorevelacionfm.cl\/index.php?rest_route=\/wp\/v2\/posts\/18901\/revisions\/18904"}],"wp:featuredmedia":[{"embeddable":true,"href":"https:\/\/radiorevelacionfm.cl\/index.php?rest_route=\/wp\/v2\/media\/18902"}],"wp:attachment":[{"href":"https:\/\/radiorevelacionfm.cl\/index.php?rest_route=%2Fwp%2Fv2%2Fmedia&parent=18901"}],"wp:term":[{"taxonomy":"category","embeddable":true,"href":"https:\/\/radiorevelacionfm.cl\/index.php?rest_route=%2Fwp%2Fv2%2Fcategories&post=18901"},{"taxonomy":"post_tag","embeddable":true,"href":"https:\/\/radiorevelacionfm.cl\/index.php?rest_route=%2Fwp%2Fv2%2Ftags&post=18901"}],"curies":[{"name":"wp","href":"https:\/\/api.w.org\/{rel}","templated":true}]}}