{"id":18898,"date":"2022-07-07T10:08:11","date_gmt":"2022-07-07T13:08:11","guid":{"rendered":"https:\/\/radiorevelacionfm.cl\/?p=18898"},"modified":"2022-07-07T10:08:11","modified_gmt":"2022-07-07T13:08:11","slug":"con-un-positivo-balance-concluye-la-primera-aplicacion-de-invierno-de-las-pruebas-de-acceso-a-las-universidades","status":"publish","type":"post","link":"https:\/\/radiorevelacionfm.cl\/?p=18898","title":{"rendered":"Con un positivo balance concluye la primera aplicaci\u00f3n de invierno de las pruebas de acceso a las universidades"},"content":{"rendered":"<div class=\"flex_column av_one_full  flex_column_div av-zero-column-padding first  avia-builder-el-0  el_before_av_one_full  avia-builder-el-first  \" style='border-radius:0px; '><div  class='avia-image-container  av-styling-    avia-builder-el-1  avia-builder-el-no-sibling  avia-align-center '  itemprop=\"image\" itemscope=\"itemscope\" itemtype=\"https:\/\/schema.org\/ImageObject\"  ><div class='avia-image-container-inner'><div class='avia-image-overlay-wrap'><img decoding=\"async\" class='wp-image-18899 avia-img-lazy-loading-not-18899 avia_image' src=\"https:\/\/radiorevelacionfm.cl\/wp-content\/uploads\/2022\/07\/balance-pdt-invierno-1-1.jpg\" alt='' title='balance pdt invierno (1) (1)' height=\"600\" width=\"900\"  itemprop=\"thumbnailUrl\" srcset=\"https:\/\/radiorevelacionfm.cl\/wp-content\/uploads\/2022\/07\/balance-pdt-invierno-1-1.jpg 900w, https:\/\/radiorevelacionfm.cl\/wp-content\/uploads\/2022\/07\/balance-pdt-invierno-1-1-300x200.jpg 300w, https:\/\/radiorevelacionfm.cl\/wp-content\/uploads\/2022\/07\/balance-pdt-invierno-1-1-768x512.jpg 768w, https:\/\/radiorevelacionfm.cl\/wp-content\/uploads\/2022\/07\/balance-pdt-invierno-1-1-705x470.jpg 705w, https:\/\/radiorevelacionfm.cl\/wp-content\/uploads\/2022\/07\/balance-pdt-invierno-1-1-600x400.jpg 600w\" sizes=\"(max-width: 900px) 100vw, 900px\" \/><\/div><\/div><\/div><\/div><div class=\"flex_column av_one_full  flex_column_div av-zero-column-padding first  avia-builder-el-2  el_after_av_one_full  el_before_av_one_full  column-top-margin\" style='border-radius:0px; '><section class=\"av_textblock_section \"  itemscope=\"itemscope\" itemtype=\"https:\/\/schema.org\/BlogPosting\" itemprop=\"blogPost\" ><div class='avia_textblock  '   itemprop=\"text\" ><p style=\"text-align: center;\"><span style=\"font-size: 18pt;\"><b><span lang=\"ES\">Con un positivo balance concluye la primera aplicaci\u00f3n de invierno de las pruebas de acceso a las universidades\u00a0<\/span><\/b><\/span><\/p>\n<div id=\"gtx-trans\" style=\"position: absolute; left: -50px; top: 4.31534px;\">\n<div class=\"gtx-trans-icon\"><\/div>\n<\/div>\n<\/div><\/section><\/div><div class=\"flex_column av_one_full  flex_column_div av-zero-column-padding first  avia-builder-el-4  el_after_av_one_full  el_before_av_hr  column-top-margin\" style='border-radius:0px; '><section class=\"av_textblock_section \"  itemscope=\"itemscope\" itemtype=\"https:\/\/schema.org\/BlogPosting\" itemprop=\"blogPost\" ><div class='avia_textblock  '   itemprop=\"text\" ><p class=\"v1MsoNormal\" style=\"text-align: justify;\">Tras la rendici\u00f3n de la prueba de Historia y Ciencias Sociales este martes, el Ministerio de Educaci\u00f3n y el DEMRE de la Universidad de Chile entregaron un positivo balance de la primera aplicaci\u00f3n de invierno de las pruebas de acceso a las universidades, que a su vez fue la \u00faltima versi\u00f3n de la Prueba de Transici\u00f3n (PDT), pues ahora ser\u00e1 reemplazada por la nueva Prueba de Acceso a la Educaci\u00f3n Superior (PAES).<\/p>\n<p class=\"v1MsoNormal\" style=\"text-align: justify;\">En esta ocasi\u00f3n se inscribieron m\u00e1s 33 mil personas, que rindieron los ex\u00e1menes en sedes ubicadas en todas las capitales regionales, adem\u00e1s de 13 sedes adicionales, entre las que se incluye Rapa Nui, y que en total sumaron m\u00e1s de 70 locales de rendici\u00f3n. Tal como se ha informado previamente, los resultados estar\u00e1n disponibles el 5 de agosto de 2022.<\/p>\n<p class=\"v1MsoNormal\" style=\"text-align: justify;\">Al respecto, el ministro de Educaci\u00f3n, Marco Antonio \u00c1vila, destac\u00f3 que tener dos rendiciones al a\u00f1o le entrega a las y los postulantes mejores opciones para ingresar a las universidades y record\u00f3 que la PAES, que reemplazar\u00e1 a la PDT, \u201cunificar\u00e1 la manera en que se eval\u00faan los aprendizajes relacionados con el curr\u00edculum escolar. Es importante que la ense\u00f1anza no est\u00e9 centrada \u00fanicamente en la adquisici\u00f3n de contenidos, sino que incorpore tambi\u00e9n habilidades y la aplicaci\u00f3n de ese conocimiento\u201d.<\/p>\n<p class=\"v1MsoNormal\" style=\"text-align: justify;\">Por su parte, la subsecretaria de Educaci\u00f3n Superior, Ver\u00f3nica Figueroa Huencho, destac\u00f3 el trabajo colaborativo entre los ministerios del Interior y Seguridad P\u00fablica, de Salud y de Educaci\u00f3n, con sus respectivas Seremi, las delegaciones presidenciales, el apoyo de Carabineros de Chile y la destacada labor de organizaci\u00f3n del DEMRE de la Universidad de Chile.<\/p>\n<p class=\"v1MsoNormal\" style=\"text-align: justify;\">\u201cLos resultados impecables de este proceso dan cuenta del compromiso y profesionalismo con que los equipos de la Subsecretar\u00eda de Educaci\u00f3n Superior han trabajado. Seguiremos avanzando en una pol\u00edtica permanente de acceso para mantener y mejorar las condiciones y oportunidades de las y los postulantes. Solo nos resta agradecer a todas y todos quienes, desde sus respectivas funciones, permitieron que esta in\u00e9dita aplicaci\u00f3n haya tenido el \u00e9xito que estamos celebrando hoy\u201d.<\/p>\n<p class=\"v1MsoNormal\" style=\"text-align: justify;\"><b>Aplicaci\u00f3n en la Regi\u00f3n de Ays\u00e9n<\/b><\/p>\n<p class=\"v1MsoNormal\" style=\"text-align: justify;\">La Seremi de Educaci\u00f3n Isabel Garrido inform\u00f3 que la Prueba de Transici\u00f3n Invierno 2022 que se aplic\u00f3 los d\u00edas lunes 4 y martes 5 de Julio fue rendida con normalidad y por un amplio porcentaje de los j\u00f3venes inscritos.<\/p>\n<p class=\"v1MsoNormal\" style=\"text-align: justify;\">El local de aplicaci\u00f3n de la PDT de Invierno en la regi\u00f3n fue el Liceo Josefina Aguirre Montenegro de Coyhaique.<\/p>\n<p class=\"v1MsoNormal\" style=\"text-align: justify;\">De acuerdo informaciones entregada por los encargados de supervisar el examen, la prueba de Ciencias (Lunes PM)\u00a0 fue rendida por 112 personas (87%); la prueba de Matem\u00e1tica (Martes AM) fue rendida por 170 personas (86%).\u00a0 La prueba de Historia (Martes PM) fue rendida por 86 personas (90%). Por otra parte, el d\u00eda lunes 4 se solicit\u00f3 autorizaci\u00f3n para comenzar la aplicaci\u00f3n con 30 minutos de retraso, dada las complicaciones clim\u00e1ticas. De todas formas, algunos\/as estudiantes llegaron con alg\u00fan retraso.\u00a0Todas las dem\u00e1s aplicaciones se desarrollaron con normalidad.<\/p>\n<p class=\"v1MsoNormal\" style=\"text-align: justify;\"><span lang=\"ES\">La Seremi Isabel Garrido record\u00f3 que los resultados de la Prueba de Transici\u00f3n de Invierno estar\u00e1n disponibles el 5 de agosto del presente en la p\u00e1gina acceso.mineduc.cl. Los puntajes obtenidos podr\u00e1n ser utilizados para los procesos de admisi\u00f3n 2023 y 2024.<\/span><\/p>\n<p class=\"v1MsoNormal\" style=\"text-align: justify;\">Adicionalmente, se inform\u00f3 que la nueva PAES ser\u00e1 rendida entre el 28 y el 30 de noviembre, cuyas inscripciones ya est\u00e1n abiertas y cerrar\u00e1n ineludiblemente el mi\u00e9rcoles 10 de agosto, porque no habr\u00e1 otro proceso de inscripci\u00f3n extraordinario.<\/p>\n<p class=\"v1MsoNormal\" style=\"text-align: justify;\">Para el proceso de admisi\u00f3n 2023 a las universidades adscritas al Sistema de Acceso, las personas podr\u00e1n ocupar los mejores puntajes que hayan obtenido en la PDT rendida en diciembre de 2021, en la PDT de invierno, o en la PAES que se rendir\u00e1 en noviembre de 2022.<\/p>\n<p class=\"v1MsoNormal\"><b>Pr\u00f3ximas fechas importantes:\u00a0<\/b><\/p>\n<table class=\"v1MsoNormalTable\" border=\"0\" cellspacing=\"0\" cellpadding=\"0\">\n<tbody>\n<tr>\n<td valign=\"top\" width=\"208\">\n<p class=\"v1MsoNormal\">5 de agosto 2022<\/p>\n<\/td>\n<td valign=\"top\" width=\"381\">\n<p class=\"v1MsoNormal\">Entrega de puntajes PDT de invierno<\/p>\n<\/td>\n<\/tr>\n<tr>\n<td valign=\"top\" width=\"208\">\n<p class=\"v1MsoNormal\">10 de agosto 2022<\/p>\n<\/td>\n<td valign=\"top\" width=\"381\">\n<p class=\"v1MsoNormal\">Finaliza inscripci\u00f3n para la PAES<\/p>\n<\/td>\n<\/tr>\n<tr>\n<td valign=\"top\" width=\"208\">\n<p class=\"v1MsoNormal\">28, 29 y 30 de noviembre 2022<\/p>\n<\/td>\n<td valign=\"top\" width=\"381\">\n<p class=\"v1MsoNormal\">Rendici\u00f3n de la PAES<\/p>\n<\/td>\n<\/tr>\n<tr>\n<td valign=\"top\" width=\"208\">\n<p class=\"v1MsoNormal\">3 de enero 2023<\/p>\n<\/td>\n<td valign=\"top\" width=\"381\">\n<p class=\"v1MsoNormal\">Entrega de puntajes PAES e inicio postulaci\u00f3n centralizada<\/p>\n<\/td>\n<\/tr>\n<tr>\n<td valign=\"top\" width=\"208\">\n<p class=\"v1MsoNormal\">6 de enero 2023<\/p>\n<\/td>\n<td valign=\"top\" width=\"381\">\n<p class=\"v1MsoNormal\">Finaliza la postulaci\u00f3n centralizada<\/p>\n<\/td>\n<\/tr>\n<tr>\n<td valign=\"top\" width=\"208\">\n<p class=\"v1MsoNormal\">17 de enero 2023<\/p>\n<\/td>\n<td valign=\"top\" width=\"381\">\n<p class=\"v1MsoNormal\">Resultado de selecci\u00f3n en las universidades<\/p>\n<\/td>\n<\/tr>\n<\/tbody>\n<\/table>\n<\/div><\/section><\/div><div  style='height:50px' class='hr hr-invisible   avia-builder-el-6  el_after_av_one_full  el_before_av_social_share '><span class='hr-inner ' ><span class='hr-inner-style'><\/span><\/span><\/div><\/p>\n<div  class='av-social-sharing-box  avia-builder-el-7  el_after_av_hr  el_before_av_hr  '><div class='av-share-box'><h5 class='av-share-link-description av-no-toc '>Compartir esta noticia<\/h5><ul class='av-share-box-list noLightbox'><li class='av-share-link av-social-link-facebook' ><a target=\"_blank\" aria-label=\"Compartir en Facebook\" href='https:\/\/www.facebook.com\/sharer.php?u=https:\/\/radiorevelacionfm.cl\/?p=18898&#038;t=Con%20un%20positivo%20balance%20concluye%20la%20primera%20aplicaci%C3%B3n%20de%20invierno%20de%20las%20pruebas%20de%20acceso%20a%20las%20universidades' aria-hidden='false' data-av_icon='\ue8f3' data-av_iconfont='entypo-fontello' title='' data-avia-related-tooltip='Compartir en Facebook' rel=\"noopener\"><span class='avia_hidden_link_text'>Compartir en Facebook<\/span><\/a><\/li><li class='av-share-link av-social-link-twitter' ><a target=\"_blank\" aria-label=\"Compartir en Twitter\" href='https:\/\/twitter.com\/share?text=Con%20un%20positivo%20balance%20concluye%20la%20primera%20aplicaci%C3%B3n%20de%20invierno%20de%20las%20pruebas%20de%20acceso%20a%20las%20universidades&#038;url=https:\/\/radiorevelacionfm.cl\/?p=18898' aria-hidden='false' data-av_icon='\ue8f1' data-av_iconfont='entypo-fontello' title='' data-avia-related-tooltip='Compartir en Twitter' rel=\"noopener\"><span class='avia_hidden_link_text'>Compartir en Twitter<\/span><\/a><\/li><li class='av-share-link av-social-link-whatsapp' ><a target=\"_blank\" aria-label=\"Compartir en Whatsapp\" href='https:\/\/api.whatsapp.com\/send?text=https:\/\/radiorevelacionfm.cl\/?p=18898' aria-hidden='false' data-av_icon='\uf232' data-av_iconfont='entypo-fontello' title='' data-avia-related-tooltip='Compartir en Whatsapp' rel=\"noopener\"><span class='avia_hidden_link_text'>Compartir en Whatsapp<\/span><\/a><\/li><li class='av-share-link av-social-link-linkedin' ><a target=\"_blank\" aria-label=\"Compartir en LinkedIn\" href='https:\/\/linkedin.com\/shareArticle?mini=true&#038;title=Con%20un%20positivo%20balance%20concluye%20la%20primera%20aplicaci%C3%B3n%20de%20invierno%20de%20las%20pruebas%20de%20acceso%20a%20las%20universidades&#038;url=https:\/\/radiorevelacionfm.cl\/?p=18898' aria-hidden='false' data-av_icon='\ue8fc' data-av_iconfont='entypo-fontello' title='' data-avia-related-tooltip='Compartir en LinkedIn' rel=\"noopener\"><span class='avia_hidden_link_text'>Compartir en LinkedIn<\/span><\/a><\/li><li class='av-share-link av-social-link-mail' ><a  aria-label=\"Compartir por correo\" href='mailto:?subject=Con%20un%20positivo%20balance%20concluye%20la%20primera%20aplicaci%C3%B3n%20de%20invierno%20de%20las%20pruebas%20de%20acceso%20a%20las%20universidades&#038;body=https:\/\/radiorevelacionfm.cl\/?p=18898' aria-hidden='false' data-av_icon='\ue805' data-av_iconfont='entypo-fontello' title='' data-avia-related-tooltip='Compartir por correo'><span class='avia_hidden_link_text'>Compartir por correo<\/span><\/a><\/li><\/ul><\/div><\/div>\n<div  style='height:50px' class='hr hr-invisible   avia-builder-el-8  el_after_av_social_share  el_before_av_comments_list '><span class='hr-inner ' ><span class='hr-inner-style'><\/span><\/span><\/div>\n<div  class='av-buildercomment  av-blog-meta-html-info-disabled av-blog-meta-tag-disabled  '><\/div>\n","protected":false},"excerpt":{"rendered":"","protected":false},"author":1,"featured_media":18899,"comment_status":"open","ping_status":"open","sticky":false,"template":"","format":"standard","meta":{"footnotes":""},"categories":[49],"tags":[],"class_list":["post-18898","post","type-post","status-publish","format-standard","has-post-thumbnail","hentry","category-educacion"],"jetpack_featured_media_url":"https:\/\/radiorevelacionfm.cl\/wp-content\/uploads\/2022\/07\/balance-pdt-invierno-1-1.jpg","_links":{"self":[{"href":"https:\/\/radiorevelacionfm.cl\/index.php?rest_route=\/wp\/v2\/posts\/18898","targetHints":{"allow":["GET"]}}],"collection":[{"href":"https:\/\/radiorevelacionfm.cl\/index.php?rest_route=\/wp\/v2\/posts"}],"about":[{"href":"https:\/\/radiorevelacionfm.cl\/index.php?rest_route=\/wp\/v2\/types\/post"}],"author":[{"embeddable":true,"href":"https:\/\/radiorevelacionfm.cl\/index.php?rest_route=\/wp\/v2\/users\/1"}],"replies":[{"embeddable":true,"href":"https:\/\/radiorevelacionfm.cl\/index.php?rest_route=%2Fwp%2Fv2%2Fcomments&post=18898"}],"version-history":[{"count":2,"href":"https:\/\/radiorevelacionfm.cl\/index.php?rest_route=\/wp\/v2\/posts\/18898\/revisions"}],"predecessor-version":[{"id":18915,"href":"https:\/\/radiorevelacionfm.cl\/index.php?rest_route=\/wp\/v2\/posts\/18898\/revisions\/18915"}],"wp:featuredmedia":[{"embeddable":true,"href":"https:\/\/radiorevelacionfm.cl\/index.php?rest_route=\/wp\/v2\/media\/18899"}],"wp:attachment":[{"href":"https:\/\/radiorevelacionfm.cl\/index.php?rest_route=%2Fwp%2Fv2%2Fmedia&parent=18898"}],"wp:term":[{"taxonomy":"category","embeddable":true,"href":"https:\/\/radiorevelacionfm.cl\/index.php?rest_route=%2Fwp%2Fv2%2Fcategories&post=18898"},{"taxonomy":"post_tag","embeddable":true,"href":"https:\/\/radiorevelacionfm.cl\/index.php?rest_route=%2Fwp%2Fv2%2Ftags&post=18898"}],"curies":[{"name":"wp","href":"https:\/\/api.w.org\/{rel}","templated":true}]}}