{"id":18894,"date":"2022-07-06T18:13:44","date_gmt":"2022-07-06T21:13:44","guid":{"rendered":"https:\/\/radiorevelacionfm.cl\/?p=18894"},"modified":"2022-07-06T18:13:44","modified_gmt":"2022-07-06T21:13:44","slug":"seremi-de-educacion-realizo-balance-del-dia-de-contingencia-por-nevada","status":"publish","type":"post","link":"https:\/\/radiorevelacionfm.cl\/?p=18894","title":{"rendered":"Seremi de Educaci\u00f3n realiz\u00f3 balance del d\u00eda de contingencia por nevada"},"content":{"rendered":"<div class=\"flex_column av_one_full  flex_column_div av-zero-column-padding first  avia-builder-el-0  el_before_av_one_full  avia-builder-el-first  \" style='border-radius:0px; '><div  class='avia-image-container  av-styling-    avia-builder-el-1  avia-builder-el-no-sibling  avia-align-center '  itemprop=\"image\" itemscope=\"itemscope\" itemtype=\"https:\/\/schema.org\/ImageObject\"  ><div class='avia-image-container-inner'><div class='avia-image-overlay-wrap'><img decoding=\"async\" class='wp-image-18895 avia-img-lazy-loading-not-18895 avia_image' src=\"https:\/\/radiorevelacionfm.cl\/wp-content\/uploads\/2022\/07\/seremi-isabel-garrido-3-1_optimized.jpeg\" alt='' title='seremi-isabel-garrido-(3)-(1)_optimized' height=\"600\" width=\"896\"  itemprop=\"thumbnailUrl\" srcset=\"https:\/\/radiorevelacionfm.cl\/wp-content\/uploads\/2022\/07\/seremi-isabel-garrido-3-1_optimized.jpeg 896w, https:\/\/radiorevelacionfm.cl\/wp-content\/uploads\/2022\/07\/seremi-isabel-garrido-3-1_optimized-300x201.jpeg 300w, https:\/\/radiorevelacionfm.cl\/wp-content\/uploads\/2022\/07\/seremi-isabel-garrido-3-1_optimized-768x514.jpeg 768w, https:\/\/radiorevelacionfm.cl\/wp-content\/uploads\/2022\/07\/seremi-isabel-garrido-3-1_optimized-705x472.jpeg 705w, https:\/\/radiorevelacionfm.cl\/wp-content\/uploads\/2022\/07\/seremi-isabel-garrido-3-1_optimized-600x402.jpeg 600w\" sizes=\"(max-width: 896px) 100vw, 896px\" \/><\/div><\/div><\/div><\/div><div class=\"flex_column av_one_full  flex_column_div av-zero-column-padding first  avia-builder-el-2  el_after_av_one_full  el_before_av_one_full  column-top-margin\" style='border-radius:0px; '><section class=\"av_textblock_section \"  itemscope=\"itemscope\" itemtype=\"https:\/\/schema.org\/BlogPosting\" itemprop=\"blogPost\" ><div class='avia_textblock  '   itemprop=\"text\" ><p style=\"text-align: center;\"><span style=\"font-size: 18pt;\"><b>Seremi de Educaci\u00f3n realiz\u00f3 balance del d\u00eda de contingencia por nevada<\/b><\/span><\/p>\n<div id=\"gtx-trans\" style=\"position: absolute; left: -50px; top: 4.31534px;\">\n<div class=\"gtx-trans-icon\"><\/div>\n<\/div>\n<\/div><\/section><\/div><div class=\"flex_column av_one_full  flex_column_div av-zero-column-padding first  avia-builder-el-4  el_after_av_one_full  el_before_av_hr  column-top-margin\" style='border-radius:0px; '><section class=\"av_textblock_section \"  itemscope=\"itemscope\" itemtype=\"https:\/\/schema.org\/BlogPosting\" itemprop=\"blogPost\" ><div class='avia_textblock  '   itemprop=\"text\" ><p class=\"v1MsoNormal\" style=\"text-align: justify;\">La Seremi de Educaci\u00f3n Isabel Garrido Casassa inform\u00f3 que hoy mi\u00e9rcoles 06 de julio del presente a ra\u00edz de las adversas condiciones clim\u00e1ticas imperantes en la regi\u00f3n se adopt\u00f3 la decisi\u00f3n de suspender las clases de escuelas, liceos y jardines infantiles VTF en la comuna de Coyhaique, sector urbano y rural para prevenir accidentes de trayecto.<\/p>\n<p class=\"v1MsoNormal\" style=\"text-align: justify;\">Isabel Garrido precis\u00f3 que esta medida rige para los establecimientos de dependencia municipal y particular subvencionado. En el caso de instituciones de educaci\u00f3n superior: universidades, institutos profesionales y centros de formaci\u00f3n t\u00e9cnica, CFTs; \u00e9stas son aut\u00f3nomas para tomar dicha decisi\u00f3n.<\/p>\n<p class=\"v1MsoNormal\" style=\"text-align: justify;\">La autoridad sectorial record\u00f3 que esta determinaci\u00f3n se adopt\u00f3 para el resguardo de la seguridad de las y los estudiantes, profesores, asistentes de la educaci\u00f3n y apoderados, y debe ser acompa\u00f1ada por la prevenci\u00f3n y autocuidado de todos, teniendo en cuenta que estamos frente a un invierno riguroso que ha estado marcado por eventos de nevadas, escarcha y consecuentes bajas temperaturas.<\/p>\n<p class=\"v1MsoNormal\" style=\"text-align: justify;\">Isabel Garrido se\u00f1al\u00f3 que \u201cDurante la presente jornada existi\u00f3 comunicaci\u00f3n de la SECREDUC con los establecimientos educacionales de la capital regional para informar esta decisi\u00f3n, y solicitar a sus sostenedores y directivos reportar su situaci\u00f3n particular frente a la contingencia e informar si estaban con clases y asistencia de alumnos o trabajadores en este \u00faltimo d\u00eda lectivo del primer semestre. El reporte que tenemos hasta las 13:00 horas\u00a0 se\u00f1ala que\u00a0 de un total de 22 colegios particulares subvencionados de Coyhaique 13 realizaron actividades hoy con dispares porcentajes de asistencia\u201d.<\/p>\n<p class=\"v1MsoNormal\" style=\"text-align: justify;\">Finalmente, la titular de Educaci\u00f3n invit\u00f3 a a la comunidad escolar a informarse a trav\u00e9s de los canales oficiales y conductos regulares sobre esta y otras orientaciones o determinaciones frente a diversas contingencias que se presentan durante el a\u00f1o escolar. Asimismo, llam\u00f3 a las autoridades locales a coordinarse con la autoridad sectorial para que entre todos actuemos en beneficio y bien superior de nuestros ni\u00f1os, ni\u00f1as y adolescentes.<\/p>\n<\/div><\/section><\/div><div  style='height:50px' class='hr hr-invisible   avia-builder-el-6  el_after_av_one_full  el_before_av_social_share '><span class='hr-inner ' ><span class='hr-inner-style'><\/span><\/span><\/div><\/p>\n<div  class='av-social-sharing-box  avia-builder-el-7  el_after_av_hr  el_before_av_hr  '><div class='av-share-box'><h5 class='av-share-link-description av-no-toc '>Compartir esta noticia<\/h5><ul class='av-share-box-list noLightbox'><li class='av-share-link av-social-link-facebook' ><a target=\"_blank\" aria-label=\"Compartir en Facebook\" href='https:\/\/www.facebook.com\/sharer.php?u=https:\/\/radiorevelacionfm.cl\/?p=18894&#038;t=Seremi%20de%20Educaci%C3%B3n%20realiz%C3%B3%20balance%20del%20d%C3%ADa%20de%20contingencia%20por%20nevada' aria-hidden='false' data-av_icon='\ue8f3' data-av_iconfont='entypo-fontello' title='' data-avia-related-tooltip='Compartir en Facebook' rel=\"noopener\"><span class='avia_hidden_link_text'>Compartir en Facebook<\/span><\/a><\/li><li class='av-share-link av-social-link-twitter' ><a target=\"_blank\" aria-label=\"Compartir en Twitter\" href='https:\/\/twitter.com\/share?text=Seremi%20de%20Educaci%C3%B3n%20realiz%C3%B3%20balance%20del%20d%C3%ADa%20de%20contingencia%20por%20nevada&#038;url=https:\/\/radiorevelacionfm.cl\/?p=18894' aria-hidden='false' data-av_icon='\ue8f1' data-av_iconfont='entypo-fontello' title='' data-avia-related-tooltip='Compartir en Twitter' rel=\"noopener\"><span class='avia_hidden_link_text'>Compartir en Twitter<\/span><\/a><\/li><li class='av-share-link av-social-link-whatsapp' ><a target=\"_blank\" aria-label=\"Compartir en Whatsapp\" href='https:\/\/api.whatsapp.com\/send?text=https:\/\/radiorevelacionfm.cl\/?p=18894' aria-hidden='false' data-av_icon='\uf232' data-av_iconfont='entypo-fontello' title='' data-avia-related-tooltip='Compartir en Whatsapp' rel=\"noopener\"><span class='avia_hidden_link_text'>Compartir en Whatsapp<\/span><\/a><\/li><li class='av-share-link av-social-link-linkedin' ><a target=\"_blank\" aria-label=\"Compartir en LinkedIn\" href='https:\/\/linkedin.com\/shareArticle?mini=true&#038;title=Seremi%20de%20Educaci%C3%B3n%20realiz%C3%B3%20balance%20del%20d%C3%ADa%20de%20contingencia%20por%20nevada&#038;url=https:\/\/radiorevelacionfm.cl\/?p=18894' aria-hidden='false' data-av_icon='\ue8fc' data-av_iconfont='entypo-fontello' title='' data-avia-related-tooltip='Compartir en LinkedIn' rel=\"noopener\"><span class='avia_hidden_link_text'>Compartir en LinkedIn<\/span><\/a><\/li><li class='av-share-link av-social-link-mail' ><a  aria-label=\"Compartir por correo\" href='mailto:?subject=Seremi%20de%20Educaci%C3%B3n%20realiz%C3%B3%20balance%20del%20d%C3%ADa%20de%20contingencia%20por%20nevada&#038;body=https:\/\/radiorevelacionfm.cl\/?p=18894' aria-hidden='false' data-av_icon='\ue805' data-av_iconfont='entypo-fontello' title='' data-avia-related-tooltip='Compartir por correo'><span class='avia_hidden_link_text'>Compartir por correo<\/span><\/a><\/li><\/ul><\/div><\/div>\n<div  style='height:50px' class='hr hr-invisible   avia-builder-el-8  el_after_av_social_share  el_before_av_comments_list '><span class='hr-inner ' ><span class='hr-inner-style'><\/span><\/span><\/div>\n<div  class='av-buildercomment  av-blog-meta-html-info-disabled av-blog-meta-tag-disabled  '><\/div>\n","protected":false},"excerpt":{"rendered":"","protected":false},"author":1,"featured_media":18895,"comment_status":"open","ping_status":"open","sticky":false,"template":"","format":"standard","meta":{"footnotes":""},"categories":[49],"tags":[],"class_list":["post-18894","post","type-post","status-publish","format-standard","has-post-thumbnail","hentry","category-educacion"],"jetpack_featured_media_url":"https:\/\/radiorevelacionfm.cl\/wp-content\/uploads\/2022\/07\/seremi-isabel-garrido-3-1_optimized.jpeg","_links":{"self":[{"href":"https:\/\/radiorevelacionfm.cl\/index.php?rest_route=\/wp\/v2\/posts\/18894","targetHints":{"allow":["GET"]}}],"collection":[{"href":"https:\/\/radiorevelacionfm.cl\/index.php?rest_route=\/wp\/v2\/posts"}],"about":[{"href":"https:\/\/radiorevelacionfm.cl\/index.php?rest_route=\/wp\/v2\/types\/post"}],"author":[{"embeddable":true,"href":"https:\/\/radiorevelacionfm.cl\/index.php?rest_route=\/wp\/v2\/users\/1"}],"replies":[{"embeddable":true,"href":"https:\/\/radiorevelacionfm.cl\/index.php?rest_route=%2Fwp%2Fv2%2Fcomments&post=18894"}],"version-history":[{"count":2,"href":"https:\/\/radiorevelacionfm.cl\/index.php?rest_route=\/wp\/v2\/posts\/18894\/revisions"}],"predecessor-version":[{"id":18897,"href":"https:\/\/radiorevelacionfm.cl\/index.php?rest_route=\/wp\/v2\/posts\/18894\/revisions\/18897"}],"wp:featuredmedia":[{"embeddable":true,"href":"https:\/\/radiorevelacionfm.cl\/index.php?rest_route=\/wp\/v2\/media\/18895"}],"wp:attachment":[{"href":"https:\/\/radiorevelacionfm.cl\/index.php?rest_route=%2Fwp%2Fv2%2Fmedia&parent=18894"}],"wp:term":[{"taxonomy":"category","embeddable":true,"href":"https:\/\/radiorevelacionfm.cl\/index.php?rest_route=%2Fwp%2Fv2%2Fcategories&post=18894"},{"taxonomy":"post_tag","embeddable":true,"href":"https:\/\/radiorevelacionfm.cl\/index.php?rest_route=%2Fwp%2Fv2%2Ftags&post=18894"}],"curies":[{"name":"wp","href":"https:\/\/api.w.org\/{rel}","templated":true}]}}