{"id":1889,"date":"2021-01-18T12:29:55","date_gmt":"2021-01-18T15:29:55","guid":{"rendered":"https:\/\/radiorevelacionfm.cl\/?p=1889"},"modified":"2021-01-18T12:29:55","modified_gmt":"2021-01-18T15:29:55","slug":"diputado-calisto-por-inicio-de-obligatoriedad-del-uso-de-boletas-electronicas-la-boleta-electronica-afecta-a-los-pequenos-comerciantes-de-la-region-y-a-las-zonas-sin-internet","status":"publish","type":"post","link":"https:\/\/radiorevelacionfm.cl\/?p=1889","title":{"rendered":"Diputado Calisto por inicio de obligatoriedad del uso de boletas electr\u00f3nicas: \u201cLa boleta electr\u00f3nica afecta a los peque\u00f1os comerciantes de la regi\u00f3n y a las zonas sin internet\u201d"},"content":{"rendered":"<div class=\"flex_column av_one_full  flex_column_div av-zero-column-padding first  avia-builder-el-0  el_before_av_one_full  avia-builder-el-first  \" style='border-radius:0px; '><div  class='avia-image-container  av-styling-    avia-builder-el-1  avia-builder-el-no-sibling  avia-align-center '  itemprop=\"image\" itemscope=\"itemscope\" itemtype=\"https:\/\/schema.org\/ImageObject\"  ><div class='avia-image-container-inner'><div class='avia-image-overlay-wrap'><img decoding=\"async\" class='wp-image-0 avia-img-lazy-loading-not-0 avia_image' src=\"https:\/\/radiorevelacionfm.cl\/wp-content\/uploads\/2021\/01\/CALISTO-MICROEMPRESARIOS.jpg\" alt='' title=''   itemprop=\"thumbnailUrl\"  \/><\/div><\/div><\/div><\/div><div class=\"flex_column av_one_full  flex_column_div av-zero-column-padding first  avia-builder-el-2  el_after_av_one_full  el_before_av_one_full  column-top-margin\" style='border-radius:0px; '><section class=\"av_textblock_section \"  itemscope=\"itemscope\" itemtype=\"https:\/\/schema.org\/BlogPosting\" itemprop=\"blogPost\" ><div class='avia_textblock  '   itemprop=\"text\" ><p style=\"text-align: center;\"><strong><span style=\"font-size: 18pt;\">Diputado Calisto por inicio de obligatoriedad del uso de boletas electr\u00f3nicas: \u201cLa boleta electr\u00f3nica afecta a los peque\u00f1os comerciantes de la regi\u00f3n y a las zonas sin internet\u201d<\/span><\/strong><\/p>\n<div id=\"gtx-trans\" style=\"position: absolute; left: -50px; top: 4.31534px;\">\n<div class=\"gtx-trans-icon\"><\/div>\n<\/div>\n<\/div><\/section><\/div><div class=\"flex_column av_one_full  flex_column_div av-zero-column-padding first  avia-builder-el-4  el_after_av_one_full  el_before_av_hr  column-top-margin\" style='border-radius:0px; '><section class=\"av_textblock_section \"  itemscope=\"itemscope\" itemtype=\"https:\/\/schema.org\/BlogPosting\" itemprop=\"blogPost\" ><div class='avia_textblock  '   itemprop=\"text\" ><p style=\"font-weight: 400; text-align: justify;\"><em>El legislador, que se reuni\u00f3 con un grupo de comerciantes, pidi\u00f3 al Gobierno \u201cterminar con la improvisaci\u00f3n\u201d y acusa falta de una capacitaci\u00f3n adecuada.<\/em><\/p>\n<p style=\"font-weight: 400; text-align: justify;\">Ante la serie de problemas que le est\u00e1 generando a los microempresarios y peque\u00f1os comerciantes la obligatoriedad del uso de boletas electr\u00f3nicas establecidas en la Reforma de Modernizaci\u00f3n Tributaria, el diputado Miguel \u00c1ngel Calisto acus\u00f3 cierta improvisaci\u00f3n por parte del Gobierno y la falta de una capacitaci\u00f3n adecuada para el uso de estas nuevas tecnolog\u00edas.<\/p>\n<p style=\"font-weight: 400; text-align: justify;\">Seg\u00fan el diputado, quien se reuni\u00f3 con peque\u00f1os empresarios y comerciantes de la regi\u00f3n, \u201cestamos bastante preocupados por la situaci\u00f3n que afecta a peque\u00f1os empresarios y comerciantes de la regi\u00f3n. Ellos tienen diversos inconvenientes por la nueva normativa que implica emitir boletas electr\u00f3nicas.<\/p>\n<p style=\"font-weight: 400; text-align: justify;\">El legislador agreg\u00f3 que \u201cuno de ellos tiene que ver con un tema generacional, porque hay muchos peque\u00f1os comerciantes, artesanos y emprendedores, que no saben usar estas tecnolog\u00edas, y menos emitir boletas electr\u00f3nicas, adem\u00e1s de no saber manejar el software al cual tienen que ingresar para validar este procedimiento. Veo tambi\u00e9n que hay una falta de capacitaci\u00f3n por parte de las instituciones del Estado paran nuestros peque\u00f1os emprendedores\u201d.<\/p>\n<p style=\"font-weight: 400; text-align: justify;\">\u201cTambi\u00e9n ac\u00e1 tenemos problemas con el internet. Se requiere una buena conexi\u00f3n para poder ejecutar este nuevo sistema. Es sabido que en muchos sectores de nuestra regi\u00f3n hay serios problemas de conectividad, lo que hace inviable esta nueva normativa\u201d, afirm\u00f3.<\/p>\n<p style=\"font-weight: 400; text-align: justify;\">El parlamentario se\u00f1al\u00f3 que \u201cadem\u00e1s, est\u00e1 el rol que cumple Transbank. Esta empresa est\u00e1 pasando a ser un instrumento p\u00fablico de retenci\u00f3n de impuestos. Creo que ellos si son un medio de pago, pero no un fiador al servicio de Impuestos Internos. Esta dualidad y el rol de transbank, generan una preocupaci\u00f3n respecto al doble impuesto\u201d.<\/p>\n<p style=\"font-weight: 400; text-align: justify;\">Finalmente, el diputado Calisto se\u00f1al\u00f3 que \u201cespero que el Gobierno termine la improvisaci\u00f3n, termine con este tipo de situaciones que generan incertidumbre m\u00e1s que certezas y sobre todo cuando no tenemos todos los peque\u00f1os emprendedores, peque\u00f1os comerciantes capacitados en estas nuevas tecnolog\u00edas que son las boletas electr\u00f3nicas.<\/p>\n<\/div><\/section><\/div><div  style='height:50px' class='hr hr-invisible   avia-builder-el-6  el_after_av_one_full  el_before_av_social_share '><span class='hr-inner ' ><span class='hr-inner-style'><\/span><\/span><\/div><\/p>\n<div  class='av-social-sharing-box  avia-builder-el-7  el_after_av_hr  el_before_av_hr  '><div class='av-share-box'><h5 class='av-share-link-description av-no-toc '>Compartir esta noticia<\/h5><ul class='av-share-box-list noLightbox'><li class='av-share-link av-social-link-facebook' ><a target=\"_blank\" aria-label=\"Compartir en Facebook\" href='https:\/\/www.facebook.com\/sharer.php?u=https:\/\/radiorevelacionfm.cl\/?p=1889&#038;t=Diputado%20Calisto%20por%20inicio%20de%20obligatoriedad%20del%20uso%20de%20boletas%20electr%C3%B3nicas%3A%20%E2%80%9CLa%20boleta%20electr%C3%B3nica%20afecta%20a%20los%20peque%C3%B1os%20comerciantes%20de%20la%20regi%C3%B3n%20y%20a%20las%20zonas%20sin%20internet%E2%80%9D' aria-hidden='false' data-av_icon='\ue8f3' data-av_iconfont='entypo-fontello' title='' data-avia-related-tooltip='Compartir en Facebook' rel=\"noopener\"><span class='avia_hidden_link_text'>Compartir en Facebook<\/span><\/a><\/li><li class='av-share-link av-social-link-twitter' ><a target=\"_blank\" aria-label=\"Compartir en Twitter\" href='https:\/\/twitter.com\/share?text=Diputado%20Calisto%20por%20inicio%20de%20obligatoriedad%20del%20uso%20de%20boletas%20electr%C3%B3nicas%3A%20%E2%80%9CLa%20boleta%20electr%C3%B3nica%20afecta%20a%20los%20peque%C3%B1os%20comerciantes%20de%20la%20regi%C3%B3n%20y%20a%20las%20zonas%20sin%20internet%E2%80%9D&#038;url=https:\/\/radiorevelacionfm.cl\/?p=1889' aria-hidden='false' data-av_icon='\ue8f1' data-av_iconfont='entypo-fontello' title='' data-avia-related-tooltip='Compartir en Twitter' rel=\"noopener\"><span class='avia_hidden_link_text'>Compartir en Twitter<\/span><\/a><\/li><li class='av-share-link av-social-link-whatsapp' ><a target=\"_blank\" aria-label=\"Compartir en Whatsapp\" href='https:\/\/api.whatsapp.com\/send?text=https:\/\/radiorevelacionfm.cl\/?p=1889' aria-hidden='false' data-av_icon='\uf232' data-av_iconfont='entypo-fontello' title='' data-avia-related-tooltip='Compartir en Whatsapp' rel=\"noopener\"><span class='avia_hidden_link_text'>Compartir en Whatsapp<\/span><\/a><\/li><li class='av-share-link av-social-link-linkedin' ><a target=\"_blank\" aria-label=\"Compartir en LinkedIn\" href='https:\/\/linkedin.com\/shareArticle?mini=true&#038;title=Diputado%20Calisto%20por%20inicio%20de%20obligatoriedad%20del%20uso%20de%20boletas%20electr%C3%B3nicas%3A%20%E2%80%9CLa%20boleta%20electr%C3%B3nica%20afecta%20a%20los%20peque%C3%B1os%20comerciantes%20de%20la%20regi%C3%B3n%20y%20a%20las%20zonas%20sin%20internet%E2%80%9D&#038;url=https:\/\/radiorevelacionfm.cl\/?p=1889' aria-hidden='false' data-av_icon='\ue8fc' data-av_iconfont='entypo-fontello' title='' data-avia-related-tooltip='Compartir en LinkedIn' rel=\"noopener\"><span class='avia_hidden_link_text'>Compartir en LinkedIn<\/span><\/a><\/li><li class='av-share-link av-social-link-mail' ><a  aria-label=\"Compartir por correo\" href='mailto:?subject=Diputado%20Calisto%20por%20inicio%20de%20obligatoriedad%20del%20uso%20de%20boletas%20electr%C3%B3nicas%3A%20%E2%80%9CLa%20boleta%20electr%C3%B3nica%20afecta%20a%20los%20peque%C3%B1os%20comerciantes%20de%20la%20regi%C3%B3n%20y%20a%20las%20zonas%20sin%20internet%E2%80%9D&#038;body=https:\/\/radiorevelacionfm.cl\/?p=1889' aria-hidden='false' data-av_icon='\ue805' data-av_iconfont='entypo-fontello' title='' data-avia-related-tooltip='Compartir por correo'><span class='avia_hidden_link_text'>Compartir por correo<\/span><\/a><\/li><\/ul><\/div><\/div>\n<div  style='height:50px' class='hr hr-invisible   avia-builder-el-8  el_after_av_social_share  el_before_av_comments_list '><span class='hr-inner ' ><span class='hr-inner-style'><\/span><\/span><\/div>\n<div  class='av-buildercomment  av-blog-meta-html-info-disabled av-blog-meta-tag-disabled  '><\/div>\n","protected":false},"excerpt":{"rendered":"","protected":false},"author":1,"featured_media":0,"comment_status":"open","ping_status":"open","sticky":false,"template":"","format":"standard","meta":{"footnotes":""},"categories":[35],"tags":[],"class_list":["post-1889","post","type-post","status-publish","format-standard","hentry","category-politica"],"jetpack_featured_media_url":"","_links":{"self":[{"href":"https:\/\/radiorevelacionfm.cl\/index.php?rest_route=\/wp\/v2\/posts\/1889","targetHints":{"allow":["GET"]}}],"collection":[{"href":"https:\/\/radiorevelacionfm.cl\/index.php?rest_route=\/wp\/v2\/posts"}],"about":[{"href":"https:\/\/radiorevelacionfm.cl\/index.php?rest_route=\/wp\/v2\/types\/post"}],"author":[{"embeddable":true,"href":"https:\/\/radiorevelacionfm.cl\/index.php?rest_route=\/wp\/v2\/users\/1"}],"replies":[{"embeddable":true,"href":"https:\/\/radiorevelacionfm.cl\/index.php?rest_route=%2Fwp%2Fv2%2Fcomments&post=1889"}],"version-history":[{"count":1,"href":"https:\/\/radiorevelacionfm.cl\/index.php?rest_route=\/wp\/v2\/posts\/1889\/revisions"}],"predecessor-version":[{"id":1891,"href":"https:\/\/radiorevelacionfm.cl\/index.php?rest_route=\/wp\/v2\/posts\/1889\/revisions\/1891"}],"wp:attachment":[{"href":"https:\/\/radiorevelacionfm.cl\/index.php?rest_route=%2Fwp%2Fv2%2Fmedia&parent=1889"}],"wp:term":[{"taxonomy":"category","embeddable":true,"href":"https:\/\/radiorevelacionfm.cl\/index.php?rest_route=%2Fwp%2Fv2%2Fcategories&post=1889"},{"taxonomy":"post_tag","embeddable":true,"href":"https:\/\/radiorevelacionfm.cl\/index.php?rest_route=%2Fwp%2Fv2%2Ftags&post=1889"}],"curies":[{"name":"wp","href":"https:\/\/api.w.org\/{rel}","templated":true}]}}