{"id":18888,"date":"2022-07-09T11:05:56","date_gmt":"2022-07-09T14:05:56","guid":{"rendered":"https:\/\/radiorevelacionfm.cl\/?p=18888"},"modified":"2022-07-09T11:05:56","modified_gmt":"2022-07-09T14:05:56","slug":"opinion-martin-andrade-como-visibilizamos-la-cultura-y-el-patrimonio-de-coyhaique","status":"publish","type":"post","link":"https:\/\/radiorevelacionfm.cl\/?p=18888","title":{"rendered":"OPINI\u00d3N &#8211; Mart\u00edn Andrade | C\u00f3mo visibilizamos la cultura y el patrimonio de Coyhaique"},"content":{"rendered":"<div class=\"flex_column av_one_full  flex_column_div av-zero-column-padding first  avia-builder-el-0  el_before_av_one_full  avia-builder-el-first  \" style='border-radius:0px; '><div  class='avia-image-container  av-styling-    avia-builder-el-1  avia-builder-el-no-sibling  avia-align-center '  itemprop=\"image\" itemscope=\"itemscope\" itemtype=\"https:\/\/schema.org\/ImageObject\"  ><div class='avia-image-container-inner'><div class='avia-image-overlay-wrap'><img decoding=\"async\" class='wp-image-17257 avia-img-lazy-loading-not-17257 avia_image' src=\"https:\/\/radiorevelacionfm.cl\/wp-content\/uploads\/2022\/05\/MA-COY-1-1.jpg\" alt='' title='MA COY (1) (1)' height=\"600\" width=\"816\"  itemprop=\"thumbnailUrl\" srcset=\"https:\/\/radiorevelacionfm.cl\/wp-content\/uploads\/2022\/05\/MA-COY-1-1.jpg 816w, https:\/\/radiorevelacionfm.cl\/wp-content\/uploads\/2022\/05\/MA-COY-1-1-300x221.jpg 300w, https:\/\/radiorevelacionfm.cl\/wp-content\/uploads\/2022\/05\/MA-COY-1-1-768x565.jpg 768w, https:\/\/radiorevelacionfm.cl\/wp-content\/uploads\/2022\/05\/MA-COY-1-1-705x518.jpg 705w, https:\/\/radiorevelacionfm.cl\/wp-content\/uploads\/2022\/05\/MA-COY-1-1-600x441.jpg 600w\" sizes=\"(max-width: 816px) 100vw, 816px\" \/><\/div><\/div><\/div><\/div><div class=\"flex_column av_one_full  flex_column_div av-zero-column-padding first  avia-builder-el-2  el_after_av_one_full  el_before_av_one_full  column-top-margin\" style='border-radius:0px; '><section class=\"av_textblock_section \"  itemscope=\"itemscope\" itemtype=\"https:\/\/schema.org\/BlogPosting\" itemprop=\"blogPost\" ><div class='avia_textblock  '   itemprop=\"text\" ><p style=\"text-align: center;\"><strong><span style=\"font-size: 18pt;\">OPINI\u00d3N &#8211; Mart\u00edn Andrade | C\u00f3mo visibilizamos la cultura y el patrimonio de Coyhaique<\/span><\/strong><\/p>\n<div id=\"gtx-trans\" style=\"position: absolute; left: -50px; top: 4.31534px;\">\n<div class=\"gtx-trans-icon\"><\/div>\n<\/div>\n<\/div><\/section><\/div><div class=\"flex_column av_one_full  flex_column_div av-zero-column-padding first  avia-builder-el-4  el_after_av_one_full  el_before_av_hr  column-top-margin\" style='border-radius:0px; '><section class=\"av_textblock_section \"  itemscope=\"itemscope\" itemtype=\"https:\/\/schema.org\/BlogPosting\" itemprop=\"blogPost\" ><div class='avia_textblock  '   itemprop=\"text\" ><p style=\"font-weight: 400; text-align: justify;\">Si le consult\u00e1semos a cualquier for\u00e1neo, \u00bfqu\u00e9 es lo primero que piensa cuando le preguntan por Coyhaique?, tal vez dir\u00eda \u201cturismo\u201d, \u201cPatagonia\u201d, \u201cCarretera Austral\u201d o \u201cdestino para salir a recorrer la maravillosa naturaleza de la regi\u00f3n\u201d. Hicimos ese mismo ejercicio, pero con los coyhaiquinos. Los mayores sue\u00f1os expresados por quienes participaron fueron tener una ciudad limpia, ordenada, sustentable, verde y amigable. Pocos comentaron como prioritario la cultura, el arte o el patrimonio construido.<\/p>\n<p style=\"font-weight: 400; text-align: justify;\">En agosto del a\u00f1o pasado iniciamos una Mesa de planificaci\u00f3n urbana denominada \u201cCoyhaique: la ciudad que queremos\u201d, que es impulsada por Corporaci\u00f3n Ciudades gracias al apoyo de la CChC local y la Municipalidad de la capital de Ays\u00e9n. Uno de los diagn\u00f3sticos a los que hemos llegado en este espacio, es que Coyhaique es una ciudad donde la cultura est\u00e1 a\u00fan invisibilizada. En este proceso de an\u00e1lisis y di\u00e1logo que se produce en una instancia en que participan distintas entidades p\u00fablicas y privadas, con una activa presencia de ONGs, hemos concluido que esto ocurre a pesar de la riqueza dada por el origen de los asentamientos de este vasto territorio.<\/p>\n<p style=\"font-weight: 400; text-align: justify;\">Coyhaique est\u00e1 arraigada en la historia de pioneros que, condicionados por el clima y el aislamiento, crearon un patrimonio \u00fanico, marcado por costumbres, tradiciones, comidas y una cultura propia que se deben preservar y promover, m\u00e1s all\u00e1 del esfuerzo que en este sentido realiza el gran Museo Regional con que cuenta esta ciudad.<\/p>\n<p style=\"font-weight: 400; text-align: justify;\">A trav\u00e9s de redes sociales, en mayo de este a\u00f1o preguntamos a los coyhaiquinos qu\u00e9 iniciativas suger\u00edan fueran priorizadas para cuidar y difundir la cultura, el arte y el patrimonio de su ciudad. En una consulta en donde participaron m\u00e1s de 2.000 personas en que pod\u00edan escoger hasta tres opciones prioritarias por tem\u00e1tica, casi un 55% contest\u00f3 que se inclinaban por el dise\u00f1o de un sistema de rutas patrimoniales, naturales y culturales, que conectara hitos dentro de la ciudad a trav\u00e9s de una accesibilidad universal, con transporte y se\u00f1al\u00e9tica garantizados. Muy valorada tambi\u00e9n fueron las propuestas de levantar un mercado gastron\u00f3mico y la definici\u00f3n de una zona de conservaci\u00f3n hist\u00f3rica e inter\u00e9s tur\u00edstico, ordenando fachadas, perfiles y veredas con identidad local. Es decir, dos de las tres principales alternativas entregadas por los propios habitantes de la ciudad, tienen que ver con mejorar las condiciones para recorrerla conectando puntos de inter\u00e9s.<\/p>\n<p style=\"font-weight: 400; text-align: justify;\">Estas visiones de la ciudad nos empujan hacia el cuidado y difusi\u00f3n de su patrimonio paisaj\u00edstico y cultural, desaf\u00edo que debe ser tomado por la planificaci\u00f3n urbana para dise\u00f1ar y promover los proyectos que, mirando hacia su centenario y sus pr\u00f3ximos 30 a\u00f1os, ayuden a impregnar esta identidad a la capital de Ays\u00e9n. \u00bfQu\u00e9 identidad? Pues la de ser una ciudad\u00a0cultural y tur\u00edstica, que pone en valor tanto lo patag\u00f3n como aquellos aspectos patrimoniales -naturales y construidos- que son propios de Coyhaique.<\/p>\n<\/div><\/section><\/div><div  style='height:50px' class='hr hr-invisible   avia-builder-el-6  el_after_av_one_full  el_before_av_social_share '><span class='hr-inner ' ><span class='hr-inner-style'><\/span><\/span><\/div><\/p>\n<div  class='av-social-sharing-box  avia-builder-el-7  el_after_av_hr  el_before_av_hr  '><div class='av-share-box'><h5 class='av-share-link-description av-no-toc '>Compartir esta noticia<\/h5><ul class='av-share-box-list noLightbox'><li class='av-share-link av-social-link-facebook' ><a target=\"_blank\" aria-label=\"Compartir en Facebook\" href='https:\/\/www.facebook.com\/sharer.php?u=https:\/\/radiorevelacionfm.cl\/?p=18888&#038;t=OPINI%C3%93N%20%E2%80%93%20Mart%C3%ADn%20Andrade%20%7C%20C%C3%B3mo%20visibilizamos%20la%20cultura%20y%20el%20patrimonio%20de%20Coyhaique' aria-hidden='false' data-av_icon='\ue8f3' data-av_iconfont='entypo-fontello' title='' data-avia-related-tooltip='Compartir en Facebook' rel=\"noopener\"><span class='avia_hidden_link_text'>Compartir en Facebook<\/span><\/a><\/li><li class='av-share-link av-social-link-twitter' ><a target=\"_blank\" aria-label=\"Compartir en Twitter\" href='https:\/\/twitter.com\/share?text=OPINI%C3%93N%20%E2%80%93%20Mart%C3%ADn%20Andrade%20%7C%20C%C3%B3mo%20visibilizamos%20la%20cultura%20y%20el%20patrimonio%20de%20Coyhaique&#038;url=https:\/\/radiorevelacionfm.cl\/?p=18888' aria-hidden='false' data-av_icon='\ue8f1' data-av_iconfont='entypo-fontello' title='' data-avia-related-tooltip='Compartir en Twitter' rel=\"noopener\"><span class='avia_hidden_link_text'>Compartir en Twitter<\/span><\/a><\/li><li class='av-share-link av-social-link-whatsapp' ><a target=\"_blank\" aria-label=\"Compartir en Whatsapp\" href='https:\/\/api.whatsapp.com\/send?text=https:\/\/radiorevelacionfm.cl\/?p=18888' aria-hidden='false' data-av_icon='\uf232' data-av_iconfont='entypo-fontello' title='' data-avia-related-tooltip='Compartir en Whatsapp' rel=\"noopener\"><span class='avia_hidden_link_text'>Compartir en Whatsapp<\/span><\/a><\/li><li class='av-share-link av-social-link-linkedin' ><a target=\"_blank\" aria-label=\"Compartir en LinkedIn\" href='https:\/\/linkedin.com\/shareArticle?mini=true&#038;title=OPINI%C3%93N%20%E2%80%93%20Mart%C3%ADn%20Andrade%20%7C%20C%C3%B3mo%20visibilizamos%20la%20cultura%20y%20el%20patrimonio%20de%20Coyhaique&#038;url=https:\/\/radiorevelacionfm.cl\/?p=18888' aria-hidden='false' data-av_icon='\ue8fc' data-av_iconfont='entypo-fontello' title='' data-avia-related-tooltip='Compartir en LinkedIn' rel=\"noopener\"><span class='avia_hidden_link_text'>Compartir en LinkedIn<\/span><\/a><\/li><li class='av-share-link av-social-link-mail' ><a  aria-label=\"Compartir por correo\" href='mailto:?subject=OPINI%C3%93N%20%E2%80%93%20Mart%C3%ADn%20Andrade%20%7C%20C%C3%B3mo%20visibilizamos%20la%20cultura%20y%20el%20patrimonio%20de%20Coyhaique&#038;body=https:\/\/radiorevelacionfm.cl\/?p=18888' aria-hidden='false' data-av_icon='\ue805' data-av_iconfont='entypo-fontello' title='' data-avia-related-tooltip='Compartir por correo'><span class='avia_hidden_link_text'>Compartir por correo<\/span><\/a><\/li><\/ul><\/div><\/div>\n<div  style='height:50px' class='hr hr-invisible   avia-builder-el-8  el_after_av_social_share  el_before_av_comments_list '><span class='hr-inner ' ><span class='hr-inner-style'><\/span><\/span><\/div>\n<div  class='av-buildercomment  av-blog-meta-html-info-disabled av-blog-meta-tag-disabled  '><\/div>\n","protected":false},"excerpt":{"rendered":"","protected":false},"author":1,"featured_media":17257,"comment_status":"open","ping_status":"open","sticky":false,"template":"","format":"standard","meta":{"footnotes":""},"categories":[50],"tags":[],"class_list":["post-18888","post","type-post","status-publish","format-standard","has-post-thumbnail","hentry","category-cartas-y-opinion"],"jetpack_featured_media_url":"https:\/\/radiorevelacionfm.cl\/wp-content\/uploads\/2022\/05\/MA-COY-1-1.jpg","_links":{"self":[{"href":"https:\/\/radiorevelacionfm.cl\/index.php?rest_route=\/wp\/v2\/posts\/18888","targetHints":{"allow":["GET"]}}],"collection":[{"href":"https:\/\/radiorevelacionfm.cl\/index.php?rest_route=\/wp\/v2\/posts"}],"about":[{"href":"https:\/\/radiorevelacionfm.cl\/index.php?rest_route=\/wp\/v2\/types\/post"}],"author":[{"embeddable":true,"href":"https:\/\/radiorevelacionfm.cl\/index.php?rest_route=\/wp\/v2\/users\/1"}],"replies":[{"embeddable":true,"href":"https:\/\/radiorevelacionfm.cl\/index.php?rest_route=%2Fwp%2Fv2%2Fcomments&post=18888"}],"version-history":[{"count":2,"href":"https:\/\/radiorevelacionfm.cl\/index.php?rest_route=\/wp\/v2\/posts\/18888\/revisions"}],"predecessor-version":[{"id":19005,"href":"https:\/\/radiorevelacionfm.cl\/index.php?rest_route=\/wp\/v2\/posts\/18888\/revisions\/19005"}],"wp:featuredmedia":[{"embeddable":true,"href":"https:\/\/radiorevelacionfm.cl\/index.php?rest_route=\/wp\/v2\/media\/17257"}],"wp:attachment":[{"href":"https:\/\/radiorevelacionfm.cl\/index.php?rest_route=%2Fwp%2Fv2%2Fmedia&parent=18888"}],"wp:term":[{"taxonomy":"category","embeddable":true,"href":"https:\/\/radiorevelacionfm.cl\/index.php?rest_route=%2Fwp%2Fv2%2Fcategories&post=18888"},{"taxonomy":"post_tag","embeddable":true,"href":"https:\/\/radiorevelacionfm.cl\/index.php?rest_route=%2Fwp%2Fv2%2Ftags&post=18888"}],"curies":[{"name":"wp","href":"https:\/\/api.w.org\/{rel}","templated":true}]}}