{"id":18877,"date":"2022-07-06T16:33:10","date_gmt":"2022-07-06T19:33:10","guid":{"rendered":"https:\/\/radiorevelacionfm.cl\/?p=18877"},"modified":"2022-07-06T17:08:59","modified_gmt":"2022-07-06T20:08:59","slug":"sesenta-mujeres-de-aysen-aprenden-a-ahorrar-energia-y-reciben-kits-eficientes","status":"publish","type":"post","link":"https:\/\/radiorevelacionfm.cl\/?p=18877","title":{"rendered":"Sesenta mujeres de Ays\u00e9n se capacitan en ahorro de energ\u00eda y reciben kits eficientes"},"content":{"rendered":"<div class=\"flex_column av_one_full  flex_column_div av-zero-column-padding first  avia-builder-el-0  el_before_av_one_full  avia-builder-el-first  \" style='border-radius:0px; '><div  class='avia-image-container  av-styling-    avia-builder-el-1  avia-builder-el-no-sibling  avia-align-center '  itemprop=\"image\" itemscope=\"itemscope\" itemtype=\"https:\/\/schema.org\/ImageObject\"  ><div class='avia-image-container-inner'><div class='avia-image-overlay-wrap'><img decoding=\"async\" class='wp-image-18878 avia-img-lazy-loading-not-18878 avia_image' src=\"https:\/\/radiorevelacionfm.cl\/wp-content\/uploads\/2022\/07\/foto-2-cbe-1_optimized.jpeg\" alt='' title='foto-2-cbe-(1)_optimized' height=\"600\" width=\"922\"  itemprop=\"thumbnailUrl\" srcset=\"https:\/\/radiorevelacionfm.cl\/wp-content\/uploads\/2022\/07\/foto-2-cbe-1_optimized.jpeg 922w, https:\/\/radiorevelacionfm.cl\/wp-content\/uploads\/2022\/07\/foto-2-cbe-1_optimized-300x195.jpeg 300w, https:\/\/radiorevelacionfm.cl\/wp-content\/uploads\/2022\/07\/foto-2-cbe-1_optimized-768x500.jpeg 768w, https:\/\/radiorevelacionfm.cl\/wp-content\/uploads\/2022\/07\/foto-2-cbe-1_optimized-705x459.jpeg 705w, https:\/\/radiorevelacionfm.cl\/wp-content\/uploads\/2022\/07\/foto-2-cbe-1_optimized-600x390.jpeg 600w\" sizes=\"(max-width: 922px) 100vw, 922px\" \/><\/div><\/div><\/div><\/div>\n<div class=\"flex_column av_one_full  flex_column_div av-zero-column-padding first  avia-builder-el-2  el_after_av_one_full  el_before_av_one_full  column-top-margin\" style='border-radius:0px; '><section class=\"av_textblock_section \"  itemscope=\"itemscope\" itemtype=\"https:\/\/schema.org\/BlogPosting\" itemprop=\"blogPost\" ><div class='avia_textblock  '   itemprop=\"text\" ><p style=\"text-align: center;\"><strong><span style=\"font-size: 18pt;\">Sesenta mujeres de Ays\u00e9n se capacitan en ahorro de energ\u00eda y reciben kits eficientes<\/span><\/strong><\/p>\n<div id=\"gtx-trans\" style=\"position: absolute; left: -50px; top: 4.31534px;\">\n<div class=\"gtx-trans-icon\"><\/div>\n<\/div>\n<\/div><\/section><\/div><div class=\"flex_column av_one_full  flex_column_div av-zero-column-padding first  avia-builder-el-4  el_after_av_one_full  el_before_av_hr  column-top-margin\" style='border-radius:0px; '><section class=\"av_textblock_section \"  itemscope=\"itemscope\" itemtype=\"https:\/\/schema.org\/BlogPosting\" itemprop=\"blogPost\" ><div class='avia_textblock  '   itemprop=\"text\" ><p style=\"text-align: justify;\">Cuarenta mujeres de Villa Ma\u00f1ihuales y 20 de Puerto Ays\u00e9n se capacitaron sobre el buen uso de la energ\u00eda gracias al programa \u201cCon Buena Energ\u00eda\u201d, que apunta a fomentar el uso eficiente y responsable de la energ\u00eda en los diversos consumidores y busca generar un cambio cultural en dicha materia.<\/p>\n<p style=\"text-align: justify;\">En el \u00e1mbito residencial, el programa contempla traspasar a la comunidad los conocimientos y experiencias en el \u00e1rea de la energ\u00eda, a trav\u00e9s de capacitaciones en eficiencia energ\u00e9tica y la entrega de un kit eficiente que incluye dos ampolletas LED 9W, un alargador con interruptor, una pegatina con consejos de eficiencia energ\u00e9tica y un sello para puertas y ventanas.<\/p>\n<p style=\"text-align: justify;\">Las dos actividades formativas enmarcadas en el convenio entre el Ministerio de Energ\u00eda y Fundaci\u00f3n PRODEMU, fueron encabezadas por el Seremi de Energ\u00eda de Ays\u00e9n, Carlos D\u00edaz, quien destac\u00f3 que \u201cestamos muy contentos por haber realizado charlas de capacitaci\u00f3n en Ma\u00f1ihuales y Puerto Ays\u00e9n, ya que pudimos entregar a 60 mujeres jefas de hogar, nuevas herramientas que les permitir\u00e1n generar importantes ahorros en sus cuentas de electricidad. Nuestro compromiso es seguir promoviendo la eficiencia energ\u00e9tica en los hogares Ays\u00e9n, ya que cuando se hace un mejor uso de la energ\u00eda en el hogar reducimos consumos, generamos ahorro y ayudamos al medio ambiente\u201d.<\/p>\n<p style=\"text-align: justify;\">Entre los contenidos de los talleres se destaca el aprendizaje sobre consumos energ\u00e9ticos de los principales artefactos del hogar, aislaci\u00f3n t\u00e9rmica de la vivienda, consejos para el uso eficiente de electrodom\u00e9sticos, lectura de la boleta electricidad entre otras tem\u00e1ticas.<\/p>\n<p style=\"text-align: justify;\">Ana Ojeda Mu\u00f1oz, participante del taller de Villa Ma\u00f1ihuales dijo que \u201cestoy muy contenta por la invitaci\u00f3n que me hicieron para participar en este taller, ya que fue muy \u00fatil y aclaramos muchas dudas que ten\u00edamos sobre consumos energ\u00e9ticos, nos vamos todas muy contentas con nuestros kits y llegando a la casa comenzaremos a aplicar los consejos aprendidos\u201d.<\/p>\n<p style=\"text-align: justify;\">Por su parte, Jaqueline Vergara, beneficiaria de Puerto Ays\u00e9n indic\u00f3 que \u201cla actividad me pareci\u00f3 muy significativa para todas las mujeres que participamos, ya que pudimos aprender algunas t\u00e9cnicas b\u00e1sicas para ahorrar energ\u00eda y con ello ser m\u00e1s sustentables, por lo que fue muy educativo el taller\u201d.<\/p>\n<p style=\"text-align: justify;\">Adem\u00e1s, en la jornada el Seremi D\u00edaz convers\u00f3 con las asistentes sobre las distintas iniciativas jur\u00eddicas impulsadas por el Gobierno del Presidente Boric y el Ministerio de Energ\u00eda. \u00a0\u201cQuisimos aprovechar la ocasi\u00f3n para generar un espacio de conversaci\u00f3n con las vecinas sobre temas locales y tambi\u00e9n sobre las iniciativas de estabilizaci\u00f3n de precios de los combustibles y de la electricidad, que van en beneficio directo de las familias chilenas. Adem\u00e1s, me gustar\u00eda destacar que estamos impulsando el enfoque de g\u00e9nero en todo el quehacer de nuestra instituci\u00f3n, por lo que seguiremos desarrollando acciones que vayan en esa l\u00ednea\u201d recalc\u00f3 el Seremi D\u00edaz.<\/p>\n<p style=\"text-align: justify;\">Cabe se\u00f1alar, que en lo que resta del a\u00f1o el equipo de la Seremi de Energ\u00eda continuar\u00e1 despleg\u00e1ndose por el territorio con focalizaci\u00f3n en la zona norte y litoral de la regi\u00f3n de Ays\u00e9n.<\/p>\n<\/div><\/section><\/div><\/p>\n<div  style='height:50px' class='hr hr-invisible   avia-builder-el-6  el_after_av_one_full  el_before_av_social_share '><span class='hr-inner ' ><span class='hr-inner-style'><\/span><\/span><\/div>\n<div  class='av-social-sharing-box  avia-builder-el-7  el_after_av_hr  el_before_av_hr  '><div class='av-share-box'><h5 class='av-share-link-description av-no-toc '>Compartir esta noticia<\/h5><ul class='av-share-box-list noLightbox'><li class='av-share-link av-social-link-facebook' ><a target=\"_blank\" aria-label=\"Compartir en Facebook\" href='https:\/\/www.facebook.com\/sharer.php?u=https:\/\/radiorevelacionfm.cl\/?p=18877&#038;t=Sesenta%20mujeres%20de%20Ays%C3%A9n%20se%20capacitan%20en%20ahorro%20de%20energ%C3%ADa%20y%20reciben%20kits%20eficientes' aria-hidden='false' data-av_icon='\ue8f3' data-av_iconfont='entypo-fontello' title='' data-avia-related-tooltip='Compartir en Facebook' rel=\"noopener\"><span class='avia_hidden_link_text'>Compartir en Facebook<\/span><\/a><\/li><li class='av-share-link av-social-link-twitter' ><a target=\"_blank\" aria-label=\"Compartir en Twitter\" href='https:\/\/twitter.com\/share?text=Sesenta%20mujeres%20de%20Ays%C3%A9n%20se%20capacitan%20en%20ahorro%20de%20energ%C3%ADa%20y%20reciben%20kits%20eficientes&#038;url=https:\/\/radiorevelacionfm.cl\/?p=18877' aria-hidden='false' data-av_icon='\ue8f1' data-av_iconfont='entypo-fontello' title='' data-avia-related-tooltip='Compartir en Twitter' rel=\"noopener\"><span class='avia_hidden_link_text'>Compartir en Twitter<\/span><\/a><\/li><li class='av-share-link av-social-link-whatsapp' ><a target=\"_blank\" aria-label=\"Compartir en Whatsapp\" href='https:\/\/api.whatsapp.com\/send?text=https:\/\/radiorevelacionfm.cl\/?p=18877' aria-hidden='false' data-av_icon='\uf232' data-av_iconfont='entypo-fontello' title='' data-avia-related-tooltip='Compartir en Whatsapp' rel=\"noopener\"><span class='avia_hidden_link_text'>Compartir en Whatsapp<\/span><\/a><\/li><li class='av-share-link av-social-link-linkedin' ><a target=\"_blank\" aria-label=\"Compartir en LinkedIn\" href='https:\/\/linkedin.com\/shareArticle?mini=true&#038;title=Sesenta%20mujeres%20de%20Ays%C3%A9n%20se%20capacitan%20en%20ahorro%20de%20energ%C3%ADa%20y%20reciben%20kits%20eficientes&#038;url=https:\/\/radiorevelacionfm.cl\/?p=18877' aria-hidden='false' data-av_icon='\ue8fc' data-av_iconfont='entypo-fontello' title='' data-avia-related-tooltip='Compartir en LinkedIn' rel=\"noopener\"><span class='avia_hidden_link_text'>Compartir en LinkedIn<\/span><\/a><\/li><li class='av-share-link av-social-link-mail' ><a  aria-label=\"Compartir por correo\" href='mailto:?subject=Sesenta%20mujeres%20de%20Ays%C3%A9n%20se%20capacitan%20en%20ahorro%20de%20energ%C3%ADa%20y%20reciben%20kits%20eficientes&#038;body=https:\/\/radiorevelacionfm.cl\/?p=18877' aria-hidden='false' data-av_icon='\ue805' data-av_iconfont='entypo-fontello' title='' data-avia-related-tooltip='Compartir por correo'><span class='avia_hidden_link_text'>Compartir por correo<\/span><\/a><\/li><\/ul><\/div><\/div>\n<div  style='height:50px' class='hr hr-invisible   avia-builder-el-8  el_after_av_social_share  el_before_av_comments_list '><span class='hr-inner ' ><span class='hr-inner-style'><\/span><\/span><\/div>\n<div  class='av-buildercomment  av-blog-meta-html-info-disabled av-blog-meta-tag-disabled  '><\/div>\n","protected":false},"excerpt":{"rendered":"","protected":false},"author":1,"featured_media":18878,"comment_status":"open","ping_status":"open","sticky":false,"template":"","format":"standard","meta":{"footnotes":""},"categories":[38],"tags":[],"class_list":["post-18877","post","type-post","status-publish","format-standard","has-post-thumbnail","hentry","category-regional"],"jetpack_featured_media_url":"https:\/\/radiorevelacionfm.cl\/wp-content\/uploads\/2022\/07\/foto-2-cbe-1_optimized.jpeg","_links":{"self":[{"href":"https:\/\/radiorevelacionfm.cl\/index.php?rest_route=\/wp\/v2\/posts\/18877","targetHints":{"allow":["GET"]}}],"collection":[{"href":"https:\/\/radiorevelacionfm.cl\/index.php?rest_route=\/wp\/v2\/posts"}],"about":[{"href":"https:\/\/radiorevelacionfm.cl\/index.php?rest_route=\/wp\/v2\/types\/post"}],"author":[{"embeddable":true,"href":"https:\/\/radiorevelacionfm.cl\/index.php?rest_route=\/wp\/v2\/users\/1"}],"replies":[{"embeddable":true,"href":"https:\/\/radiorevelacionfm.cl\/index.php?rest_route=%2Fwp%2Fv2%2Fcomments&post=18877"}],"version-history":[{"count":3,"href":"https:\/\/radiorevelacionfm.cl\/index.php?rest_route=\/wp\/v2\/posts\/18877\/revisions"}],"predecessor-version":[{"id":18892,"href":"https:\/\/radiorevelacionfm.cl\/index.php?rest_route=\/wp\/v2\/posts\/18877\/revisions\/18892"}],"wp:featuredmedia":[{"embeddable":true,"href":"https:\/\/radiorevelacionfm.cl\/index.php?rest_route=\/wp\/v2\/media\/18878"}],"wp:attachment":[{"href":"https:\/\/radiorevelacionfm.cl\/index.php?rest_route=%2Fwp%2Fv2%2Fmedia&parent=18877"}],"wp:term":[{"taxonomy":"category","embeddable":true,"href":"https:\/\/radiorevelacionfm.cl\/index.php?rest_route=%2Fwp%2Fv2%2Fcategories&post=18877"},{"taxonomy":"post_tag","embeddable":true,"href":"https:\/\/radiorevelacionfm.cl\/index.php?rest_route=%2Fwp%2Fv2%2Ftags&post=18877"}],"curies":[{"name":"wp","href":"https:\/\/api.w.org\/{rel}","templated":true}]}}