{"id":18873,"date":"2022-07-06T14:53:11","date_gmt":"2022-07-06T17:53:11","guid":{"rendered":"https:\/\/radiorevelacionfm.cl\/?p=18873"},"modified":"2022-07-06T14:53:11","modified_gmt":"2022-07-06T17:53:11","slug":"como-alimentar-saludablemente-a-ninas-os-en-vacaciones-de-invierno","status":"publish","type":"post","link":"https:\/\/radiorevelacionfm.cl\/?p=18873","title":{"rendered":"\u00bfC\u00f3mo alimentar saludablemente a ni\u00f1as\/os en vacaciones de invierno?"},"content":{"rendered":"<div class=\"flex_column av_one_full  flex_column_div av-zero-column-padding first  avia-builder-el-0  el_before_av_one_full  avia-builder-el-first  \" style='border-radius:0px; '><div  class='avia-image-container  av-styling-    avia-builder-el-1  avia-builder-el-no-sibling  avia-align-center '  itemprop=\"image\" itemscope=\"itemscope\" itemtype=\"https:\/\/schema.org\/ImageObject\"  ><div class='avia-image-container-inner'><div class='avia-image-overlay-wrap'><img decoding=\"async\" class='wp-image-18874 avia-img-lazy-loading-not-18874 avia_image' src=\"https:\/\/radiorevelacionfm.cl\/wp-content\/uploads\/2022\/07\/integra-2022-07-06-at-11_optimized.00.19-am-1.jpeg\" alt='' title='integra-2022-07-06-at-11_optimized.00.19-am-(1)' height=\"600\" width=\"900\"  itemprop=\"thumbnailUrl\" srcset=\"https:\/\/radiorevelacionfm.cl\/wp-content\/uploads\/2022\/07\/integra-2022-07-06-at-11_optimized.00.19-am-1.jpeg 900w, https:\/\/radiorevelacionfm.cl\/wp-content\/uploads\/2022\/07\/integra-2022-07-06-at-11_optimized.00.19-am-1-300x200.jpeg 300w, https:\/\/radiorevelacionfm.cl\/wp-content\/uploads\/2022\/07\/integra-2022-07-06-at-11_optimized.00.19-am-1-768x512.jpeg 768w, https:\/\/radiorevelacionfm.cl\/wp-content\/uploads\/2022\/07\/integra-2022-07-06-at-11_optimized.00.19-am-1-705x470.jpeg 705w, https:\/\/radiorevelacionfm.cl\/wp-content\/uploads\/2022\/07\/integra-2022-07-06-at-11_optimized.00.19-am-1-600x400.jpeg 600w\" sizes=\"(max-width: 900px) 100vw, 900px\" \/><\/div><\/div><\/div><\/div><div class=\"flex_column av_one_full  flex_column_div av-zero-column-padding first  avia-builder-el-2  el_after_av_one_full  el_before_av_one_full  column-top-margin\" style='border-radius:0px; '><section class=\"av_textblock_section \"  itemscope=\"itemscope\" itemtype=\"https:\/\/schema.org\/BlogPosting\" itemprop=\"blogPost\" ><div class='avia_textblock  '   itemprop=\"text\" ><p style=\"text-align: center;\"><strong><span style=\"font-size: 18pt;\">\u00bfC\u00f3mo alimentar saludablemente a ni\u00f1as\/os en vacaciones de invierno?<\/span><\/strong><\/p>\n<div id=\"gtx-trans\" style=\"position: absolute; left: -50px; top: 4.31534px;\">\n<div class=\"gtx-trans-icon\"><\/div>\n<\/div>\n<\/div><\/section><\/div><div class=\"flex_column av_one_full  flex_column_div av-zero-column-padding first  avia-builder-el-4  el_after_av_one_full  el_before_av_hr  column-top-margin\" style='border-radius:0px; '><section class=\"av_textblock_section \"  itemscope=\"itemscope\" itemtype=\"https:\/\/schema.org\/BlogPosting\" itemprop=\"blogPost\" ><div class='avia_textblock  '   itemprop=\"text\" ><p style=\"text-align: justify;\">Junto con las vacaciones de invierno, aumentan las enfermedades respiratorias, y para enfrentarlas es fundamental mantener una alimentaci\u00f3n saludable de ni\u00f1as y ni\u00f1os, que es la base para lograr buenas defensas. Sin embargo, la tarea no es f\u00e1cil, debido a que por lo general, este periodo se asocia con romper las rutinas y dietas alimenticias.<\/p>\n<p style=\"text-align: justify;\">Viviana Vera Gonz\u00e1lez, nutricionista de Fundaci\u00f3n Integra en la regi\u00f3n de Ays\u00e9n, menciona que para tener un tiempo de descanso en familia, donde las ni\u00f1as\/os no resulten afectados en su nutrici\u00f3n, los adultos podemos tomar en cuenta algunos consejos para poner en pr\u00e1ctica.<\/p>\n<p style=\"text-align: justify;\">La nutricionista de Fundaci\u00f3n Integra destaca que \u201cla planificaci\u00f3n de la alimentaci\u00f3n familiar es relevante para poder mantener una alimentaci\u00f3n saludable. Podemos organizarnos el d\u00eda lunes con la alimentaci\u00f3n semanal, para mantener controlados los desayunos, almuerzos, onces y colaciones del d\u00eda y con esto evitar la selecci\u00f3n de alimentos que no son tan saludables. El alimento que debiese estar a libre disposici\u00f3n de todos son frutas y verduras\u201d.<\/p>\n<p style=\"text-align: justify;\">La profesional de la salud recalca que para combatir el fr\u00edo los ni\u00f1os y ni\u00f1as necesitan consumir platos que contengan l\u00edquidos calientes preparados en base a caldos o guisos y que adem\u00e1s tengan un aporte importante de energ\u00eda como, por ejemplo, las legumbres.<\/p>\n<p style=\"text-align: justify;\">Viviana Vera Gonz\u00e1lez explica que \u201chay distintas alternativas para lograr controlar el consumo de verduras el que puede ser a trav\u00e9s de \u00a0sopas, \u00a0guisos, sopas, crema o budines, as\u00ed como tambi\u00e9n con las legumbres. Del mismo modo, el consumo de frutas debe ser diario y estas tienen que ser de distintos colores y sabores permiti\u00e9ndonos con esto aportar fibras, vitaminas, minerales, entre otros\u201d.<\/p>\n<p style=\"text-align: justify;\">Del mismo modo, la profesional recalca que el agua corriente es la mejor opci\u00f3n de bebida para los ni\u00f1os, ya que tiene cero calor\u00edas y no tiene az\u00facar agregada. Es buena para el cuerpo ya que mantiene las articulaciones, los huesos y los dientes sanos, ayuda a la circulaci\u00f3n de la sangre y puede ayudar a los ni\u00f1os a mantener un peso saludable hasta la edad adulta.<\/p>\n<p style=\"text-align: justify;\">La profesional de Fundaci\u00f3n Integra, a continuaci\u00f3n entrega diversos consejos para el cuidado de la alimentaci\u00f3n de ni\u00f1as y ni\u00f1os durante este receso invernal.<\/p>\n<ul style=\"text-align: justify;\">\n<li>Incorpore distintos ali\u00f1os, como or\u00e9gano, cilantro, perejil, curry, pimienta a las preparaciones y reduzca la cantidad de sal al cocinar. Esto ayuda a cuidar el coraz\u00f3n de adultos y ni\u00f1as\/os<\/li>\n<li>El alto contenido de Omega 3 en el pescado, lo convierte en un alimento muy nutritivo, que permite que el coraz\u00f3n y cerebro funcionen bien. Se puede preparar al horno o en caldillo para conservar sus propiedades. Otra alternativa es consumir at\u00fan o jurel en conserva, con el que es posible hacer budines, croquetas o incluirlo en ensaladas.<\/li>\n<li>Recuerde que en el jard\u00edn infantil ni\u00f1os y ni\u00f1as reciben 1\/3 de pan. Esa cantidad es suficiente para que sigan creciendo sanos.<\/li>\n<li>Evite ofrecer a ni\u00f1as\/os alimentos con sellos durante estas vacaciones. Puede preparar en familia colaciones en base a frutas, verduras o l\u00e1cteos.<\/li>\n<li>Incorpore a las ni\u00f1as\/os en la planificaci\u00f3n y preparaci\u00f3n de frutas y verduras durante estas vacaciones, para que aprendan a comerlos y disfrutarlos en familia.<\/li>\n<li>Organice caminatas familiares de al menos 30 minutos diarios o juegos activos al aire libre o dentro del hogar. De esta manera, ni\u00f1as y ni\u00f1os consumir\u00e1n m\u00e1s energ\u00eda y estar\u00e1n m\u00e1s sanos.<\/li>\n<\/ul>\n<p style=\"text-align: justify;\">Finalmente, la profesional de la salud recalca que \u201cla invitaci\u00f3n a las familias es a aprovechar estas vacaciones de invierno y poder realizar distintas preparaciones con las ni\u00f1as y ni\u00f1os en sus casas, procurando que estos espacios sean entretenidos, divertidos y seguros para todos. Lo importante es que las familias completas se puedan involucrar en estas preparaciones, porque es a trav\u00e9s de estas acciones se van incorporando estilos de vida saludable para todos en el hogar\u201d.<\/p>\n<\/div><\/section><\/div><div  style='height:50px' class='hr hr-invisible   avia-builder-el-6  el_after_av_one_full  el_before_av_social_share '><span class='hr-inner ' ><span class='hr-inner-style'><\/span><\/span><\/div><\/p>\n<div  class='av-social-sharing-box  avia-builder-el-7  el_after_av_hr  el_before_av_hr  '><div class='av-share-box'><h5 class='av-share-link-description av-no-toc '>Compartir esta noticia<\/h5><ul class='av-share-box-list noLightbox'><li class='av-share-link av-social-link-facebook' ><a target=\"_blank\" aria-label=\"Compartir en Facebook\" href='https:\/\/www.facebook.com\/sharer.php?u=https:\/\/radiorevelacionfm.cl\/?p=18873&#038;t=%C2%BFC%C3%B3mo%20alimentar%20saludablemente%20a%20ni%C3%B1as%2Fos%20en%20vacaciones%20de%20invierno%3F' aria-hidden='false' data-av_icon='\ue8f3' data-av_iconfont='entypo-fontello' title='' data-avia-related-tooltip='Compartir en Facebook' rel=\"noopener\"><span class='avia_hidden_link_text'>Compartir en Facebook<\/span><\/a><\/li><li class='av-share-link av-social-link-twitter' ><a target=\"_blank\" aria-label=\"Compartir en Twitter\" href='https:\/\/twitter.com\/share?text=%C2%BFC%C3%B3mo%20alimentar%20saludablemente%20a%20ni%C3%B1as%2Fos%20en%20vacaciones%20de%20invierno%3F&#038;url=https:\/\/radiorevelacionfm.cl\/?p=18873' aria-hidden='false' data-av_icon='\ue8f1' data-av_iconfont='entypo-fontello' title='' data-avia-related-tooltip='Compartir en Twitter' rel=\"noopener\"><span class='avia_hidden_link_text'>Compartir en Twitter<\/span><\/a><\/li><li class='av-share-link av-social-link-whatsapp' ><a target=\"_blank\" aria-label=\"Compartir en Whatsapp\" href='https:\/\/api.whatsapp.com\/send?text=https:\/\/radiorevelacionfm.cl\/?p=18873' aria-hidden='false' data-av_icon='\uf232' data-av_iconfont='entypo-fontello' title='' data-avia-related-tooltip='Compartir en Whatsapp' rel=\"noopener\"><span class='avia_hidden_link_text'>Compartir en Whatsapp<\/span><\/a><\/li><li class='av-share-link av-social-link-linkedin' ><a target=\"_blank\" aria-label=\"Compartir en LinkedIn\" href='https:\/\/linkedin.com\/shareArticle?mini=true&#038;title=%C2%BFC%C3%B3mo%20alimentar%20saludablemente%20a%20ni%C3%B1as%2Fos%20en%20vacaciones%20de%20invierno%3F&#038;url=https:\/\/radiorevelacionfm.cl\/?p=18873' aria-hidden='false' data-av_icon='\ue8fc' data-av_iconfont='entypo-fontello' title='' data-avia-related-tooltip='Compartir en LinkedIn' rel=\"noopener\"><span class='avia_hidden_link_text'>Compartir en LinkedIn<\/span><\/a><\/li><li class='av-share-link av-social-link-mail' ><a  aria-label=\"Compartir por correo\" href='mailto:?subject=%C2%BFC%C3%B3mo%20alimentar%20saludablemente%20a%20ni%C3%B1as%2Fos%20en%20vacaciones%20de%20invierno%3F&#038;body=https:\/\/radiorevelacionfm.cl\/?p=18873' aria-hidden='false' data-av_icon='\ue805' data-av_iconfont='entypo-fontello' title='' data-avia-related-tooltip='Compartir por correo'><span class='avia_hidden_link_text'>Compartir por correo<\/span><\/a><\/li><\/ul><\/div><\/div>\n<div  style='height:50px' class='hr hr-invisible   avia-builder-el-8  el_after_av_social_share  el_before_av_comments_list '><span class='hr-inner ' ><span class='hr-inner-style'><\/span><\/span><\/div>\n<div  class='av-buildercomment  av-blog-meta-html-info-disabled av-blog-meta-tag-disabled  '><\/div>\n","protected":false},"excerpt":{"rendered":"","protected":false},"author":1,"featured_media":18874,"comment_status":"open","ping_status":"open","sticky":false,"template":"","format":"standard","meta":{"footnotes":""},"categories":[49],"tags":[],"class_list":["post-18873","post","type-post","status-publish","format-standard","has-post-thumbnail","hentry","category-educacion"],"jetpack_featured_media_url":"https:\/\/radiorevelacionfm.cl\/wp-content\/uploads\/2022\/07\/integra-2022-07-06-at-11_optimized.00.19-am-1.jpeg","_links":{"self":[{"href":"https:\/\/radiorevelacionfm.cl\/index.php?rest_route=\/wp\/v2\/posts\/18873","targetHints":{"allow":["GET"]}}],"collection":[{"href":"https:\/\/radiorevelacionfm.cl\/index.php?rest_route=\/wp\/v2\/posts"}],"about":[{"href":"https:\/\/radiorevelacionfm.cl\/index.php?rest_route=\/wp\/v2\/types\/post"}],"author":[{"embeddable":true,"href":"https:\/\/radiorevelacionfm.cl\/index.php?rest_route=\/wp\/v2\/users\/1"}],"replies":[{"embeddable":true,"href":"https:\/\/radiorevelacionfm.cl\/index.php?rest_route=%2Fwp%2Fv2%2Fcomments&post=18873"}],"version-history":[{"count":2,"href":"https:\/\/radiorevelacionfm.cl\/index.php?rest_route=\/wp\/v2\/posts\/18873\/revisions"}],"predecessor-version":[{"id":18880,"href":"https:\/\/radiorevelacionfm.cl\/index.php?rest_route=\/wp\/v2\/posts\/18873\/revisions\/18880"}],"wp:featuredmedia":[{"embeddable":true,"href":"https:\/\/radiorevelacionfm.cl\/index.php?rest_route=\/wp\/v2\/media\/18874"}],"wp:attachment":[{"href":"https:\/\/radiorevelacionfm.cl\/index.php?rest_route=%2Fwp%2Fv2%2Fmedia&parent=18873"}],"wp:term":[{"taxonomy":"category","embeddable":true,"href":"https:\/\/radiorevelacionfm.cl\/index.php?rest_route=%2Fwp%2Fv2%2Fcategories&post=18873"},{"taxonomy":"post_tag","embeddable":true,"href":"https:\/\/radiorevelacionfm.cl\/index.php?rest_route=%2Fwp%2Fv2%2Ftags&post=18873"}],"curies":[{"name":"wp","href":"https:\/\/api.w.org\/{rel}","templated":true}]}}