{"id":18847,"date":"2022-07-06T10:51:29","date_gmt":"2022-07-06T13:51:29","guid":{"rendered":"https:\/\/radiorevelacionfm.cl\/?p=18847"},"modified":"2022-07-06T10:51:29","modified_gmt":"2022-07-06T13:51:29","slug":"preocupante-situacion-ganadera-aqueja-a-las-familias-de-la-provincia-capitan-prat","status":"publish","type":"post","link":"https:\/\/radiorevelacionfm.cl\/?p=18847","title":{"rendered":"Preocupante situaci\u00f3n ganadera aqueja a las familias de la Provincia Capit\u00e1n Prat"},"content":{"rendered":"<div class=\"flex_column av_one_full  flex_column_div av-zero-column-padding first  avia-builder-el-0  el_before_av_one_full  avia-builder-el-first  \" style='border-radius:0px; '><div  class='avia-image-container  av-styling-    avia-builder-el-1  avia-builder-el-no-sibling  avia-align-center '  itemprop=\"image\" itemscope=\"itemscope\" itemtype=\"https:\/\/schema.org\/ImageObject\"  ><div class='avia-image-container-inner'><div class='avia-image-overlay-wrap'><img decoding=\"async\" class='wp-image-18848 avia-img-lazy-loading-not-18848 avia_image' src=\"https:\/\/radiorevelacionfm.cl\/wp-content\/uploads\/2022\/07\/jpg-bovino-1-1.jpg\" alt='' title='jpg bovino (1) (1)' height=\"600\" width=\"1068\"  itemprop=\"thumbnailUrl\" srcset=\"https:\/\/radiorevelacionfm.cl\/wp-content\/uploads\/2022\/07\/jpg-bovino-1-1.jpg 1068w, https:\/\/radiorevelacionfm.cl\/wp-content\/uploads\/2022\/07\/jpg-bovino-1-1-300x169.jpg 300w, https:\/\/radiorevelacionfm.cl\/wp-content\/uploads\/2022\/07\/jpg-bovino-1-1-1030x579.jpg 1030w, https:\/\/radiorevelacionfm.cl\/wp-content\/uploads\/2022\/07\/jpg-bovino-1-1-768x431.jpg 768w, https:\/\/radiorevelacionfm.cl\/wp-content\/uploads\/2022\/07\/jpg-bovino-1-1-705x396.jpg 705w, https:\/\/radiorevelacionfm.cl\/wp-content\/uploads\/2022\/07\/jpg-bovino-1-1-600x337.jpg 600w\" sizes=\"(max-width: 1068px) 100vw, 1068px\" \/><\/div><\/div><\/div><\/div><div class=\"flex_column av_one_full  flex_column_div av-zero-column-padding first  avia-builder-el-2  el_after_av_one_full  el_before_av_one_full  column-top-margin\" style='border-radius:0px; '><section class=\"av_textblock_section \"  itemscope=\"itemscope\" itemtype=\"https:\/\/schema.org\/BlogPosting\" itemprop=\"blogPost\" ><div class='avia_textblock  '   itemprop=\"text\" ><p style=\"text-align: center;\"><strong><span style=\"font-size: 18pt;\">Preocupante situaci\u00f3n ganadera aqueja a las familias de la Provincia Capit\u00e1n Prat<\/span><\/strong><\/p>\n<div id=\"gtx-trans\" style=\"position: absolute; left: -50px; top: 4.31534px;\">\n<div class=\"gtx-trans-icon\"><\/div>\n<\/div>\n<\/div><\/section><\/div><div class=\"flex_column av_one_full  flex_column_div av-zero-column-padding first  avia-builder-el-4  el_after_av_one_full  el_before_av_hr  column-top-margin\" style='border-radius:0px; '><section class=\"av_textblock_section \"  itemscope=\"itemscope\" itemtype=\"https:\/\/schema.org\/BlogPosting\" itemprop=\"blogPost\" ><div class='avia_textblock  '   itemprop=\"text\" ><p style=\"text-align: justify;\">El Consejero Escobar se refiri\u00f3 a esta situaci\u00f3n. Dado que, a la fecha, la regi\u00f3n de Ays\u00e9n presenta una compleja situaci\u00f3n clim\u00e1tica con temperaturas bajo cero, lo que hace a\u00f1os en la regi\u00f3n no se presentaba, con presencia significativa de escarcha y nieve, condiciones que estar\u00e1n presente por varios meses y que afectar\u00e1 a los peque\u00f1os campesinos y sus familias referido a la productividad ganadera tanto ovino como bovino.<\/p>\n<p style=\"text-align: justify;\">Desde que se declara situaci\u00f3n de emergencia agr\u00edcola el 16 de Marzo 2022 por parte\u00a0 del Ministerio de Agricultura para la Regi\u00f3n de Ays\u00e9n, espec\u00edficamente para algunas comunas como Coyhaique, Lago Verde, Rio Ib\u00e1\u00f1ez, Chile Chico y Cochrane, donde se alerta del d\u00e9ficit h\u00eddrico y por consiguiente la baja en la productividad agr\u00edcola, lo que claramente se observa en cada una de las comunas, se hace necesario identificar el efecto negativo que al d\u00eda de hoy est\u00e1 presentando\u00a0 la Provincia Capit\u00e1n Prat, reflejado\u00a0 en el alza de los alimentos para el ganado y una preocupaci\u00f3n latente en el futuro que deber\u00e1n enfrentar los campesinos para la subsistencia de sus animales.<\/p>\n<p style=\"text-align: justify;\">La mayor\u00eda de los peque\u00f1os productores de la actividad ganadera, han tenido que lidiar por muchos a\u00f1os contra diferentes factores como aislamiento, conectividad, depredadores naturales y adem\u00e1s de la gran lucha contra los perros asilvestrados, algunos de estos factores hasta el d\u00eda de hoy sin soluci\u00f3n, donde gran parte de los peque\u00f1os productores han preferido vender o deshacerse de sus animales para no ver el tr\u00e1gico final de un rubro que d\u00eda a d\u00eda es m\u00e1s dif\u00edcil de mantener.<\/p>\n<p style=\"text-align: justify;\">El Ministerio de Agricultura representado en la Regi\u00f3n por la seremi de agricultura y en las provincias por INDAP, si bien entregan diferentes ayudas, esto no es suficiente debido al constante alza combustibles, por ende, en el transporte de los alimentos para las comunas mas aisladas de la Regi\u00f3n, los cr\u00e9ditos que ofrece INDAP no reflejan la necesidad integral y la verdad no son la soluci\u00f3n para mitigar un efecto que ser\u00e1 devastador para la producci\u00f3n ganadera de las familias de la Provincia Capit\u00e1n Prat.<\/p>\n<p style=\"text-align: justify;\">Esperamos que las ayudas del Gobierno y por parte de las autoridades locales de turno sean oportunas y con gestiones estrat\u00e9gicas, las que se anticipen a las contingencias que involucran a las familias de una provincia que requiere de un trato especial y una mirada descentralizada, donde los recursos deben ser integrales, causando un impacto positivo en el campesinado.<\/p>\n<\/div><\/section><\/div><div  style='height:50px' class='hr hr-invisible   avia-builder-el-6  el_after_av_one_full  el_before_av_social_share '><span class='hr-inner ' ><span class='hr-inner-style'><\/span><\/span><\/div><\/p>\n<div  class='av-social-sharing-box  avia-builder-el-7  el_after_av_hr  el_before_av_hr  '><div class='av-share-box'><h5 class='av-share-link-description av-no-toc '>Compartir esta noticia<\/h5><ul class='av-share-box-list noLightbox'><li class='av-share-link av-social-link-facebook' ><a target=\"_blank\" aria-label=\"Compartir en Facebook\" href='https:\/\/www.facebook.com\/sharer.php?u=https:\/\/radiorevelacionfm.cl\/?p=18847&#038;t=Preocupante%20situaci%C3%B3n%20ganadera%20aqueja%20a%20las%20familias%20de%20la%20Provincia%20Capit%C3%A1n%20Prat' aria-hidden='false' data-av_icon='\ue8f3' data-av_iconfont='entypo-fontello' title='' data-avia-related-tooltip='Compartir en Facebook' rel=\"noopener\"><span class='avia_hidden_link_text'>Compartir en Facebook<\/span><\/a><\/li><li class='av-share-link av-social-link-twitter' ><a target=\"_blank\" aria-label=\"Compartir en Twitter\" href='https:\/\/twitter.com\/share?text=Preocupante%20situaci%C3%B3n%20ganadera%20aqueja%20a%20las%20familias%20de%20la%20Provincia%20Capit%C3%A1n%20Prat&#038;url=https:\/\/radiorevelacionfm.cl\/?p=18847' aria-hidden='false' data-av_icon='\ue8f1' data-av_iconfont='entypo-fontello' title='' data-avia-related-tooltip='Compartir en Twitter' rel=\"noopener\"><span class='avia_hidden_link_text'>Compartir en Twitter<\/span><\/a><\/li><li class='av-share-link av-social-link-whatsapp' ><a target=\"_blank\" aria-label=\"Compartir en Whatsapp\" href='https:\/\/api.whatsapp.com\/send?text=https:\/\/radiorevelacionfm.cl\/?p=18847' aria-hidden='false' data-av_icon='\uf232' data-av_iconfont='entypo-fontello' title='' data-avia-related-tooltip='Compartir en Whatsapp' rel=\"noopener\"><span class='avia_hidden_link_text'>Compartir en Whatsapp<\/span><\/a><\/li><li class='av-share-link av-social-link-linkedin' ><a target=\"_blank\" aria-label=\"Compartir en LinkedIn\" href='https:\/\/linkedin.com\/shareArticle?mini=true&#038;title=Preocupante%20situaci%C3%B3n%20ganadera%20aqueja%20a%20las%20familias%20de%20la%20Provincia%20Capit%C3%A1n%20Prat&#038;url=https:\/\/radiorevelacionfm.cl\/?p=18847' aria-hidden='false' data-av_icon='\ue8fc' data-av_iconfont='entypo-fontello' title='' data-avia-related-tooltip='Compartir en LinkedIn' rel=\"noopener\"><span class='avia_hidden_link_text'>Compartir en LinkedIn<\/span><\/a><\/li><li class='av-share-link av-social-link-mail' ><a  aria-label=\"Compartir por correo\" href='mailto:?subject=Preocupante%20situaci%C3%B3n%20ganadera%20aqueja%20a%20las%20familias%20de%20la%20Provincia%20Capit%C3%A1n%20Prat&#038;body=https:\/\/radiorevelacionfm.cl\/?p=18847' aria-hidden='false' data-av_icon='\ue805' data-av_iconfont='entypo-fontello' title='' data-avia-related-tooltip='Compartir por correo'><span class='avia_hidden_link_text'>Compartir por correo<\/span><\/a><\/li><\/ul><\/div><\/div>\n<div  style='height:50px' class='hr hr-invisible   avia-builder-el-8  el_after_av_social_share  el_before_av_comments_list '><span class='hr-inner ' ><span class='hr-inner-style'><\/span><\/span><\/div>\n<div  class='av-buildercomment  av-blog-meta-html-info-disabled av-blog-meta-tag-disabled  '><\/div>\n","protected":false},"excerpt":{"rendered":"","protected":false},"author":1,"featured_media":18848,"comment_status":"open","ping_status":"open","sticky":false,"template":"","format":"standard","meta":{"footnotes":""},"categories":[38],"tags":[],"class_list":["post-18847","post","type-post","status-publish","format-standard","has-post-thumbnail","hentry","category-regional"],"jetpack_featured_media_url":"https:\/\/radiorevelacionfm.cl\/wp-content\/uploads\/2022\/07\/jpg-bovino-1-1.jpg","_links":{"self":[{"href":"https:\/\/radiorevelacionfm.cl\/index.php?rest_route=\/wp\/v2\/posts\/18847","targetHints":{"allow":["GET"]}}],"collection":[{"href":"https:\/\/radiorevelacionfm.cl\/index.php?rest_route=\/wp\/v2\/posts"}],"about":[{"href":"https:\/\/radiorevelacionfm.cl\/index.php?rest_route=\/wp\/v2\/types\/post"}],"author":[{"embeddable":true,"href":"https:\/\/radiorevelacionfm.cl\/index.php?rest_route=\/wp\/v2\/users\/1"}],"replies":[{"embeddable":true,"href":"https:\/\/radiorevelacionfm.cl\/index.php?rest_route=%2Fwp%2Fv2%2Fcomments&post=18847"}],"version-history":[{"count":2,"href":"https:\/\/radiorevelacionfm.cl\/index.php?rest_route=\/wp\/v2\/posts\/18847\/revisions"}],"predecessor-version":[{"id":18867,"href":"https:\/\/radiorevelacionfm.cl\/index.php?rest_route=\/wp\/v2\/posts\/18847\/revisions\/18867"}],"wp:featuredmedia":[{"embeddable":true,"href":"https:\/\/radiorevelacionfm.cl\/index.php?rest_route=\/wp\/v2\/media\/18848"}],"wp:attachment":[{"href":"https:\/\/radiorevelacionfm.cl\/index.php?rest_route=%2Fwp%2Fv2%2Fmedia&parent=18847"}],"wp:term":[{"taxonomy":"category","embeddable":true,"href":"https:\/\/radiorevelacionfm.cl\/index.php?rest_route=%2Fwp%2Fv2%2Fcategories&post=18847"},{"taxonomy":"post_tag","embeddable":true,"href":"https:\/\/radiorevelacionfm.cl\/index.php?rest_route=%2Fwp%2Fv2%2Ftags&post=18847"}],"curies":[{"name":"wp","href":"https:\/\/api.w.org\/{rel}","templated":true}]}}