{"id":18843,"date":"2022-07-05T17:51:01","date_gmt":"2022-07-05T20:51:01","guid":{"rendered":"https:\/\/radiorevelacionfm.cl\/?p=18843"},"modified":"2022-07-05T17:51:01","modified_gmt":"2022-07-05T20:51:01","slug":"en-solemne-ceremonia-reconocen-a-bomberos-y-bomberas-de-la-comuna-de-cisnes","status":"publish","type":"post","link":"https:\/\/radiorevelacionfm.cl\/?p=18843","title":{"rendered":"En solemne ceremonia reconocen a bomberos y bomberas de la comuna de Cisnes"},"content":{"rendered":"<div class=\"flex_column av_one_full  flex_column_div av-zero-column-padding first  avia-builder-el-0  el_before_av_one_full  avia-builder-el-first  \" style='border-radius:0px; '><div  class='avia-image-container  av-styling-    avia-builder-el-1  avia-builder-el-no-sibling  avia-align-center '  itemprop=\"image\" itemscope=\"itemscope\" itemtype=\"https:\/\/schema.org\/ImageObject\"  ><div class='avia-image-container-inner'><div class='avia-image-overlay-wrap'><img decoding=\"async\" class='wp-image-18844 avia-img-lazy-loading-not-18844 avia_image' src=\"https:\/\/radiorevelacionfm.cl\/wp-content\/uploads\/2022\/07\/bomberos-ceremonia-7-1-1.jpeg\" alt='' title='bomberos ceremonia 7 (1) (1)' height=\"600\" width=\"1001\"  itemprop=\"thumbnailUrl\" srcset=\"https:\/\/radiorevelacionfm.cl\/wp-content\/uploads\/2022\/07\/bomberos-ceremonia-7-1-1.jpeg 1001w, https:\/\/radiorevelacionfm.cl\/wp-content\/uploads\/2022\/07\/bomberos-ceremonia-7-1-1-300x180.jpeg 300w, https:\/\/radiorevelacionfm.cl\/wp-content\/uploads\/2022\/07\/bomberos-ceremonia-7-1-1-768x460.jpeg 768w, https:\/\/radiorevelacionfm.cl\/wp-content\/uploads\/2022\/07\/bomberos-ceremonia-7-1-1-705x423.jpeg 705w, https:\/\/radiorevelacionfm.cl\/wp-content\/uploads\/2022\/07\/bomberos-ceremonia-7-1-1-600x360.jpeg 600w\" sizes=\"(max-width: 1001px) 100vw, 1001px\" \/><\/div><\/div><\/div><\/div><div class=\"flex_column av_one_full  flex_column_div av-zero-column-padding first  avia-builder-el-2  el_after_av_one_full  el_before_av_one_full  column-top-margin\" style='border-radius:0px; '><section class=\"av_textblock_section \"  itemscope=\"itemscope\" itemtype=\"https:\/\/schema.org\/BlogPosting\" itemprop=\"blogPost\" ><div class='avia_textblock  '   itemprop=\"text\" ><p style=\"text-align: center;\"><strong><span style=\"font-size: 18pt;\">En solemne ceremonia reconocen a bomberos y bomberas de la comuna de Cisnes<\/span><\/strong><\/p>\n<div id=\"gtx-trans\" style=\"position: absolute; left: -50px; top: 4.31534px;\">\n<div class=\"gtx-trans-icon\"><\/div>\n<\/div>\n<\/div><\/section><\/div><div class=\"flex_column av_one_full  flex_column_div av-zero-column-padding first  avia-builder-el-4  el_after_av_one_full  el_before_av_hr  column-top-margin\" style='border-radius:0px; '><section class=\"av_textblock_section \"  itemscope=\"itemscope\" itemtype=\"https:\/\/schema.org\/BlogPosting\" itemprop=\"blogPost\" ><div class='avia_textblock  '   itemprop=\"text\" ><p style=\"text-align: justify;\">En una ceremonia cargada de emotividad, la ciudadan\u00eda a trav\u00e9s de sus autoridades y dirigentes reconoci\u00f3 el gran aporte de los bomberos y bomberas de la comuna de Cisnes, en una ceremonia efectuada recientemente en el marco del aniversario de esta noble instituci\u00f3n.<\/p>\n<p style=\"text-align: justify;\">Para el Municipio, los voluntarios y voluntarias son de gran apoyo en las emergencias y las distintas instancias en las que se requiere de su colaboraci\u00f3n. El Alcalde Francisco Roncagliolo Lepio, puso en valor la presencia de Bomberos en cada una de las localidades.<\/p>\n<p style=\"text-align: justify;\">\u201cComo comuna de Cisnes estamos muy contentos, pero tambi\u00e9n muy agradecidos por el apoyo y la entrega de todos nuestros voluntarios y voluntarias de bomberos en toda la comuna, en la Primera Compa\u00f1\u00eda de Cisnes, en la Segunda de La Junta, la Tercera Compa\u00f1\u00eda de Puyuhuapi, la Cuarta Compa\u00f1\u00eda de Ra\u00fal Mar\u00edn Balmaceda, tambi\u00e9n en las Brigadas que se han formado en Puerto Gala y en Melimoyu. Queremos como comuna felicitarlos en este aniversario tan especial, saludar tambi\u00e9n a sus familias y decirles que vamos a seguir trabajando, seguir mejorando los cuarteles, seguir apoyando para que se tengan recursos con los cuales combatir las calamidades y las emergencias que se presenten dentro de nuestra comuna, en eso vamos a seguir avanzando, no solamente como Municipalidad, sino que tambi\u00e9n como Concejo Municipal\u201d.<\/p>\n<p style=\"text-align: justify;\">El Capit\u00e1n de la Primera Compa\u00f1\u00eda de Bomberos de Cisnes, Fernando \u00d1ancupel, se\u00f1al\u00f3 que, en esta ceremonia junto con reconocer a voluntarios por a\u00f1os de servicio, tambi\u00e9n se dio la bienvenida a nuevos bomberos operativos que se suman a la instituci\u00f3n. \u201cRealizamos esta celebraci\u00f3n, donde tambi\u00e9n hubo aspirantes a voluntario, que en este caso fueron diez, los cuales est\u00e1n muy alegres, ya que, se suman diez personas que van a poder combatir emergencias. Adem\u00e1s, pudimos entregar algunas medallas a los voluntarios que llevan m\u00e1s a\u00f1os prestando servicio. Agradecidos por todas las personas que asistieron a la ceremonia, muy bonita la presentaci\u00f3n del grupo Perlas del Litoral que nos acompa\u00f1aron y sinceramente orgulloso de ser parte de la Primera Compa\u00f1\u00eda\u201d.<\/p>\n<p style=\"text-align: justify;\">Este a\u00f1o Bomberos como instituci\u00f3n cumpli\u00f3 171 a\u00f1os de servicio a la comunidad en todo nuestro pa\u00eds.<\/p>\n<\/div><\/section><\/div><div  style='height:50px' class='hr hr-invisible   avia-builder-el-6  el_after_av_one_full  el_before_av_social_share '><span class='hr-inner ' ><span class='hr-inner-style'><\/span><\/span><\/div><\/p>\n<div  class='av-social-sharing-box  avia-builder-el-7  el_after_av_hr  el_before_av_hr  '><div class='av-share-box'><h5 class='av-share-link-description av-no-toc '>Compartir esta noticia<\/h5><ul class='av-share-box-list noLightbox'><li class='av-share-link av-social-link-facebook' ><a target=\"_blank\" aria-label=\"Compartir en Facebook\" href='https:\/\/www.facebook.com\/sharer.php?u=https:\/\/radiorevelacionfm.cl\/?p=18843&#038;t=En%20solemne%20ceremonia%20reconocen%20a%20bomberos%20y%20bomberas%20de%20la%20comuna%20de%20Cisnes' aria-hidden='false' data-av_icon='\ue8f3' data-av_iconfont='entypo-fontello' title='' data-avia-related-tooltip='Compartir en Facebook' rel=\"noopener\"><span class='avia_hidden_link_text'>Compartir en Facebook<\/span><\/a><\/li><li class='av-share-link av-social-link-twitter' ><a target=\"_blank\" aria-label=\"Compartir en Twitter\" href='https:\/\/twitter.com\/share?text=En%20solemne%20ceremonia%20reconocen%20a%20bomberos%20y%20bomberas%20de%20la%20comuna%20de%20Cisnes&#038;url=https:\/\/radiorevelacionfm.cl\/?p=18843' aria-hidden='false' data-av_icon='\ue8f1' data-av_iconfont='entypo-fontello' title='' data-avia-related-tooltip='Compartir en Twitter' rel=\"noopener\"><span class='avia_hidden_link_text'>Compartir en Twitter<\/span><\/a><\/li><li class='av-share-link av-social-link-whatsapp' ><a target=\"_blank\" aria-label=\"Compartir en Whatsapp\" href='https:\/\/api.whatsapp.com\/send?text=https:\/\/radiorevelacionfm.cl\/?p=18843' aria-hidden='false' data-av_icon='\uf232' data-av_iconfont='entypo-fontello' title='' data-avia-related-tooltip='Compartir en Whatsapp' rel=\"noopener\"><span class='avia_hidden_link_text'>Compartir en Whatsapp<\/span><\/a><\/li><li class='av-share-link av-social-link-linkedin' ><a target=\"_blank\" aria-label=\"Compartir en LinkedIn\" href='https:\/\/linkedin.com\/shareArticle?mini=true&#038;title=En%20solemne%20ceremonia%20reconocen%20a%20bomberos%20y%20bomberas%20de%20la%20comuna%20de%20Cisnes&#038;url=https:\/\/radiorevelacionfm.cl\/?p=18843' aria-hidden='false' data-av_icon='\ue8fc' data-av_iconfont='entypo-fontello' title='' data-avia-related-tooltip='Compartir en LinkedIn' rel=\"noopener\"><span class='avia_hidden_link_text'>Compartir en LinkedIn<\/span><\/a><\/li><li class='av-share-link av-social-link-mail' ><a  aria-label=\"Compartir por correo\" href='mailto:?subject=En%20solemne%20ceremonia%20reconocen%20a%20bomberos%20y%20bomberas%20de%20la%20comuna%20de%20Cisnes&#038;body=https:\/\/radiorevelacionfm.cl\/?p=18843' aria-hidden='false' data-av_icon='\ue805' data-av_iconfont='entypo-fontello' title='' data-avia-related-tooltip='Compartir por correo'><span class='avia_hidden_link_text'>Compartir por correo<\/span><\/a><\/li><\/ul><\/div><\/div>\n<div  style='height:50px' class='hr hr-invisible   avia-builder-el-8  el_after_av_social_share  el_before_av_comments_list '><span class='hr-inner ' ><span class='hr-inner-style'><\/span><\/span><\/div>\n<div  class='av-buildercomment  av-blog-meta-html-info-disabled av-blog-meta-tag-disabled  '><\/div>\n","protected":false},"excerpt":{"rendered":"","protected":false},"author":1,"featured_media":18844,"comment_status":"open","ping_status":"open","sticky":false,"template":"","format":"standard","meta":{"footnotes":""},"categories":[38],"tags":[],"class_list":["post-18843","post","type-post","status-publish","format-standard","has-post-thumbnail","hentry","category-regional"],"jetpack_featured_media_url":"https:\/\/radiorevelacionfm.cl\/wp-content\/uploads\/2022\/07\/bomberos-ceremonia-7-1-1.jpeg","_links":{"self":[{"href":"https:\/\/radiorevelacionfm.cl\/index.php?rest_route=\/wp\/v2\/posts\/18843","targetHints":{"allow":["GET"]}}],"collection":[{"href":"https:\/\/radiorevelacionfm.cl\/index.php?rest_route=\/wp\/v2\/posts"}],"about":[{"href":"https:\/\/radiorevelacionfm.cl\/index.php?rest_route=\/wp\/v2\/types\/post"}],"author":[{"embeddable":true,"href":"https:\/\/radiorevelacionfm.cl\/index.php?rest_route=\/wp\/v2\/users\/1"}],"replies":[{"embeddable":true,"href":"https:\/\/radiorevelacionfm.cl\/index.php?rest_route=%2Fwp%2Fv2%2Fcomments&post=18843"}],"version-history":[{"count":2,"href":"https:\/\/radiorevelacionfm.cl\/index.php?rest_route=\/wp\/v2\/posts\/18843\/revisions"}],"predecessor-version":[{"id":18846,"href":"https:\/\/radiorevelacionfm.cl\/index.php?rest_route=\/wp\/v2\/posts\/18843\/revisions\/18846"}],"wp:featuredmedia":[{"embeddable":true,"href":"https:\/\/radiorevelacionfm.cl\/index.php?rest_route=\/wp\/v2\/media\/18844"}],"wp:attachment":[{"href":"https:\/\/radiorevelacionfm.cl\/index.php?rest_route=%2Fwp%2Fv2%2Fmedia&parent=18843"}],"wp:term":[{"taxonomy":"category","embeddable":true,"href":"https:\/\/radiorevelacionfm.cl\/index.php?rest_route=%2Fwp%2Fv2%2Fcategories&post=18843"},{"taxonomy":"post_tag","embeddable":true,"href":"https:\/\/radiorevelacionfm.cl\/index.php?rest_route=%2Fwp%2Fv2%2Ftags&post=18843"}],"curies":[{"name":"wp","href":"https:\/\/api.w.org\/{rel}","templated":true}]}}