{"id":18819,"date":"2022-07-04T19:29:41","date_gmt":"2022-07-04T22:29:41","guid":{"rendered":"https:\/\/radiorevelacionfm.cl\/?p=18819"},"modified":"2022-07-04T19:35:06","modified_gmt":"2022-07-04T22:35:06","slug":"seremi-de-vivienda-destaco-alcances-del-plan-de-emergencia-habitacional-presentado-por-el-gobierno","status":"publish","type":"post","link":"https:\/\/radiorevelacionfm.cl\/?p=18819","title":{"rendered":"Seremi de Vivienda destac\u00f3 alcances del Plan de Emergencia Habitacional presentado por el Gobierno"},"content":{"rendered":"<div class=\"flex_column av_one_full  flex_column_div av-zero-column-padding first  avia-builder-el-0  el_before_av_one_full  avia-builder-el-first  \" style='border-radius:0px; '><div  class='avia-image-container  av-styling-    avia-builder-el-1  avia-builder-el-no-sibling  avia-align-center '  itemprop=\"image\" itemscope=\"itemscope\" itemtype=\"https:\/\/schema.org\/ImageObject\"  ><div class='avia-image-container-inner'><div class='avia-image-overlay-wrap'><img decoding=\"async\" class='wp-image-18823 avia-img-lazy-loading-not-18823 avia_image' src=\"https:\/\/radiorevelacionfm.cl\/wp-content\/uploads\/2022\/07\/seremi-de-vivienda-aysen-paulina-ruz-delfin-2-1_optimized.jpg\" alt='' title='seremi-de-vivienda-ays\u00e9n-paulina-ruz-delf\u00edn-(2)-(1)_optimized' height=\"600\" width=\"873\"  itemprop=\"thumbnailUrl\" srcset=\"https:\/\/radiorevelacionfm.cl\/wp-content\/uploads\/2022\/07\/seremi-de-vivienda-aysen-paulina-ruz-delfin-2-1_optimized.jpg 873w, https:\/\/radiorevelacionfm.cl\/wp-content\/uploads\/2022\/07\/seremi-de-vivienda-aysen-paulina-ruz-delfin-2-1_optimized-300x206.jpg 300w, https:\/\/radiorevelacionfm.cl\/wp-content\/uploads\/2022\/07\/seremi-de-vivienda-aysen-paulina-ruz-delfin-2-1_optimized-768x528.jpg 768w, https:\/\/radiorevelacionfm.cl\/wp-content\/uploads\/2022\/07\/seremi-de-vivienda-aysen-paulina-ruz-delfin-2-1_optimized-705x485.jpg 705w, https:\/\/radiorevelacionfm.cl\/wp-content\/uploads\/2022\/07\/seremi-de-vivienda-aysen-paulina-ruz-delfin-2-1_optimized-600x412.jpg 600w\" sizes=\"(max-width: 873px) 100vw, 873px\" \/><\/div><\/div><\/div><\/div><div class=\"flex_column av_one_full  flex_column_div av-zero-column-padding first  avia-builder-el-2  el_after_av_one_full  el_before_av_one_full  column-top-margin\" style='border-radius:0px; '><section class=\"av_textblock_section \"  itemscope=\"itemscope\" itemtype=\"https:\/\/schema.org\/BlogPosting\" itemprop=\"blogPost\" ><div class='avia_textblock  '   itemprop=\"text\" ><p style=\"text-align: center;\"><span style=\"font-size: 18pt;\"><strong>Seremi de Vivienda destac\u00f3 alcances del Plan de Emergencia Habitacional presentado por el Gobierno<\/strong><\/span><\/p>\n<div id=\"gtx-trans\" style=\"position: absolute; left: -50px; top: 4.31534px;\">\n<div class=\"gtx-trans-icon\"><\/div>\n<\/div>\n<\/div><\/section><\/div><\/p>\n<div class=\"flex_column av_one_full  flex_column_div av-zero-column-padding first  avia-builder-el-4  el_after_av_one_full  el_before_av_hr  column-top-margin\" style='border-radius:0px; '><section class=\"av_textblock_section \"  itemscope=\"itemscope\" itemtype=\"https:\/\/schema.org\/BlogPosting\" itemprop=\"blogPost\" ><div class='avia_textblock  '   itemprop=\"text\" ><p style=\"text-align: justify;\">La Seremi de Vivienda y Urbanismo, Paulina Ruz Delf\u00edn, calific\u00f3 como un gran anuncio y un gran desaf\u00edo el \u201cPlan de Emergencia Habitacional\u201d que presentaron este domingo el Presidente de la Rep\u00fablica, Gabriel Boric; el ministro de Vivienda y Urbanismo, Carlos Montes, y la subsecretaria de la cartera, Tatiana Rojas, estrategia que busca abordar con sentido de urgencia el d\u00e9ficit de viviendas que presenta nuestro pa\u00eds y que es parte de la nueva Ley de Integraci\u00f3n Social y Urbana, aprobada por el Congreso en marzo pasado.<\/p>\n<p style=\"text-align: justify;\">Record\u00f3 la Seremi que en entre los principales objetivos del plan est\u00e1 recuperar el rol central del Estado en la planificaci\u00f3n y gesti\u00f3n habitacional, junto con entregar 260 mil viviendas durante el periodo de gobierno a nivel nacional y m\u00e1s de mil 200 a nivel regional.<\/p>\n<p style=\"text-align: justify;\">En ese enfatiz\u00f3 en que el objetivo es fortalecer diversos instrumentos como el derecho a la vivienda digna, considerando conceptos claves para el Gobierno como el enfoque de g\u00e9nero, la descentralizaci\u00f3n, la participaci\u00f3n y la planificaci\u00f3n, entre otros. \u201cComo ha dicho nuestro ministro Carlos Montes, hoy existe una demanda habitacional en el pa\u00eds de casi 650 mil viviendas, una realidad compleja que se hace evidente en todas las regiones y que debemos afrontar son seriedad y responsabilidad. Para eso debemos considerar las necesidades y realidades de cada comuna, y trabajar con los actores p\u00fablicos y privados, porque en esto todos tenemos responsabilidad. Como hemos dicho desde el primer d\u00eda creemos firmemente en el derecho a la vivienda como paso fundamental para seguir superando las desigualdades y mejorar la vida de nuestras familias, por eso hoy m\u00e1s que nunca comprometemos nuestro mejor esfuerzo para cumplir estos objetivos y los sue\u00f1os de nuestra comunidad\u201d, se\u00f1al\u00f3.<\/p>\n<p style=\"text-align: justify;\">En ese sentido la Seremi Paulina Ruz record\u00f3 que el Plan de Emergencia Habitacional ha sido un trabajo desarrollado organizada y colaborativamente con los equipos ministeriales y las regiones, analizando la realidad de cada comuna, entendiendo que este trabajo inclusivo permite una intervenci\u00f3n y una planificaci\u00f3n pertinente, porque la idea es que en la implementaci\u00f3n posterior al Plan se puede representar a las propias comunidades, que ser\u00e1n las receptoras de todo el proceso.<\/p>\n<p style=\"text-align: justify;\">Entre las claves del Plan de Emergencia Habitacional se incluyen:<\/p>\n<ul style=\"text-align: justify;\">\n<li>Recuperar el rol del Estado en la planificaci\u00f3n y gesti\u00f3n habitacional<\/li>\n<li>Entregar 260 mil viviendas durante el periodo de Gobierno<\/li>\n<li>Impulsar proyectos en todas las comunas del pa\u00eds y asegurar equipamiento social<\/li>\n<li>Robustecer el Banco de Suelo P\u00fablico<\/li>\n<li>Diversificar formas de acceso a la vivienda, como autogesti\u00f3n, cooperativas e impulso al arriendo a precio justo<\/li>\n<li>Relaciones m\u00e1s directas con los ciudadanos y gobiernos locales<\/li>\n<li>Procesos de producci\u00f3n habitacional m\u00e1s eficientes, modernos y sostenibles<\/li>\n<\/ul>\n<p style=\"text-align: justify;\">Precis\u00f3 la autoridad regional que en el plan tambi\u00e9n se abordan otras preocupaciones como la movilidad habitacional o el alto precio de los arriendos, diversificando las modalidades de acceso a la vivienda y su tipo de tenencia, incluyendo medidas para responder al allegamiento, hacinamiento, aislamiento, campamento, necesidad de cuidado y espera prolongada por entrega de vivienda en el caso de comit\u00e9s. Se consideraron tambi\u00e9n en su elaboraci\u00f3n los planteamientos de los gobiernos regionales y municipios.<\/p>\n<p style=\"text-align: justify;\">Asimismo, agreg\u00f3, el Plan de Emergencia Habitacional define objetivos y metas anuales por regi\u00f3n y comuna, junto con establecer mecanismos de seguimiento y evaluaci\u00f3n de sus avances, los que se reportar\u00e1n peri\u00f3dicamente al Congreso.\u00a0 \u201cEs importante entender que las soluciones no vendr\u00e1n de la noche a la ma\u00f1ana, que hay un gran trabajo por delante y para hacia all\u00e1 enfocaremos todo nuestro esfuerzo y dedicaci\u00f3n. Para su implementaci\u00f3n ser\u00e1 necesario mejorar y profundizar la articulaci\u00f3n entre los organismos del Estado y los distintos sectores de la sociedad para trabajar juntos en el cumplimiento de las metas establecidas. Estaremos con los municipios, los gobiernos regionales, para agilizar plazos de tramitaci\u00f3n y mejorar la efectividad de las acciones, al igual que con las empresas y organismos privados\u201d, puntualiz\u00f3.<\/p>\n<p style=\"text-align: justify;\">Finalmente indic\u00f3 que el Plan incluye medidas especiales para abordar la realidad de los campamentos e incluye algunos anuncios como la creaci\u00f3n de un sistema de ejecuci\u00f3n directa de proyectos por parte del Estado; cooperativas de viviendas y trabajadores; vivienda p\u00fablica de arriendo; viviendas prefabricadas e industrializadas para disminuir los costos de producci\u00f3n, adem\u00e1s de mejoras en cuanto a los subsidios y programas actuales que tiene el Ministerio de Vivienda para aumentar su eficiencia.<\/p>\n<p style=\"text-align: justify;\"><strong>\u00a0<\/strong><\/p>\n<\/div><\/section><\/div>\n<div  style='height:50px' class='hr hr-invisible   avia-builder-el-6  el_after_av_one_full  el_before_av_social_share '><span class='hr-inner ' ><span class='hr-inner-style'><\/span><\/span><\/div>\n<div  class='av-social-sharing-box  avia-builder-el-7  el_after_av_hr  el_before_av_hr  '><div class='av-share-box'><h5 class='av-share-link-description av-no-toc '>Compartir esta noticia<\/h5><ul class='av-share-box-list noLightbox'><li class='av-share-link av-social-link-facebook' ><a target=\"_blank\" aria-label=\"Compartir en Facebook\" href='https:\/\/www.facebook.com\/sharer.php?u=https:\/\/radiorevelacionfm.cl\/?p=18819&#038;t=Seremi%20de%20Vivienda%20destac%C3%B3%20alcances%20del%20Plan%20de%20Emergencia%20Habitacional%20presentado%20por%20el%20Gobierno' aria-hidden='false' data-av_icon='\ue8f3' data-av_iconfont='entypo-fontello' title='' data-avia-related-tooltip='Compartir en Facebook' rel=\"noopener\"><span class='avia_hidden_link_text'>Compartir en Facebook<\/span><\/a><\/li><li class='av-share-link av-social-link-twitter' ><a target=\"_blank\" aria-label=\"Compartir en Twitter\" href='https:\/\/twitter.com\/share?text=Seremi%20de%20Vivienda%20destac%C3%B3%20alcances%20del%20Plan%20de%20Emergencia%20Habitacional%20presentado%20por%20el%20Gobierno&#038;url=https:\/\/radiorevelacionfm.cl\/?p=18819' aria-hidden='false' data-av_icon='\ue8f1' data-av_iconfont='entypo-fontello' title='' data-avia-related-tooltip='Compartir en Twitter' rel=\"noopener\"><span class='avia_hidden_link_text'>Compartir en Twitter<\/span><\/a><\/li><li class='av-share-link av-social-link-whatsapp' ><a target=\"_blank\" aria-label=\"Compartir en Whatsapp\" href='https:\/\/api.whatsapp.com\/send?text=https:\/\/radiorevelacionfm.cl\/?p=18819' aria-hidden='false' data-av_icon='\uf232' data-av_iconfont='entypo-fontello' title='' data-avia-related-tooltip='Compartir en Whatsapp' rel=\"noopener\"><span class='avia_hidden_link_text'>Compartir en Whatsapp<\/span><\/a><\/li><li class='av-share-link av-social-link-linkedin' ><a target=\"_blank\" aria-label=\"Compartir en LinkedIn\" href='https:\/\/linkedin.com\/shareArticle?mini=true&#038;title=Seremi%20de%20Vivienda%20destac%C3%B3%20alcances%20del%20Plan%20de%20Emergencia%20Habitacional%20presentado%20por%20el%20Gobierno&#038;url=https:\/\/radiorevelacionfm.cl\/?p=18819' aria-hidden='false' data-av_icon='\ue8fc' data-av_iconfont='entypo-fontello' title='' data-avia-related-tooltip='Compartir en LinkedIn' rel=\"noopener\"><span class='avia_hidden_link_text'>Compartir en LinkedIn<\/span><\/a><\/li><li class='av-share-link av-social-link-mail' ><a  aria-label=\"Compartir por correo\" href='mailto:?subject=Seremi%20de%20Vivienda%20destac%C3%B3%20alcances%20del%20Plan%20de%20Emergencia%20Habitacional%20presentado%20por%20el%20Gobierno&#038;body=https:\/\/radiorevelacionfm.cl\/?p=18819' aria-hidden='false' data-av_icon='\ue805' data-av_iconfont='entypo-fontello' title='' data-avia-related-tooltip='Compartir por correo'><span class='avia_hidden_link_text'>Compartir por correo<\/span><\/a><\/li><\/ul><\/div><\/div>\n<div  style='height:50px' class='hr hr-invisible   avia-builder-el-8  el_after_av_social_share  el_before_av_comments_list '><span class='hr-inner ' ><span class='hr-inner-style'><\/span><\/span><\/div>\n<div  class='av-buildercomment  av-blog-meta-html-info-disabled av-blog-meta-tag-disabled  '><\/div>\n","protected":false},"excerpt":{"rendered":"","protected":false},"author":1,"featured_media":18823,"comment_status":"open","ping_status":"open","sticky":false,"template":"","format":"standard","meta":{"footnotes":""},"categories":[57],"tags":[],"class_list":["post-18819","post","type-post","status-publish","format-standard","has-post-thumbnail","hentry","category-vivienda"],"jetpack_featured_media_url":"https:\/\/radiorevelacionfm.cl\/wp-content\/uploads\/2022\/07\/seremi-de-vivienda-aysen-paulina-ruz-delfin-2-1_optimized.jpg","_links":{"self":[{"href":"https:\/\/radiorevelacionfm.cl\/index.php?rest_route=\/wp\/v2\/posts\/18819","targetHints":{"allow":["GET"]}}],"collection":[{"href":"https:\/\/radiorevelacionfm.cl\/index.php?rest_route=\/wp\/v2\/posts"}],"about":[{"href":"https:\/\/radiorevelacionfm.cl\/index.php?rest_route=\/wp\/v2\/types\/post"}],"author":[{"embeddable":true,"href":"https:\/\/radiorevelacionfm.cl\/index.php?rest_route=\/wp\/v2\/users\/1"}],"replies":[{"embeddable":true,"href":"https:\/\/radiorevelacionfm.cl\/index.php?rest_route=%2Fwp%2Fv2%2Fcomments&post=18819"}],"version-history":[{"count":3,"href":"https:\/\/radiorevelacionfm.cl\/index.php?rest_route=\/wp\/v2\/posts\/18819\/revisions"}],"predecessor-version":[{"id":18822,"href":"https:\/\/radiorevelacionfm.cl\/index.php?rest_route=\/wp\/v2\/posts\/18819\/revisions\/18822"}],"wp:featuredmedia":[{"embeddable":true,"href":"https:\/\/radiorevelacionfm.cl\/index.php?rest_route=\/wp\/v2\/media\/18823"}],"wp:attachment":[{"href":"https:\/\/radiorevelacionfm.cl\/index.php?rest_route=%2Fwp%2Fv2%2Fmedia&parent=18819"}],"wp:term":[{"taxonomy":"category","embeddable":true,"href":"https:\/\/radiorevelacionfm.cl\/index.php?rest_route=%2Fwp%2Fv2%2Fcategories&post=18819"},{"taxonomy":"post_tag","embeddable":true,"href":"https:\/\/radiorevelacionfm.cl\/index.php?rest_route=%2Fwp%2Fv2%2Ftags&post=18819"}],"curies":[{"name":"wp","href":"https:\/\/api.w.org\/{rel}","templated":true}]}}