{"id":18815,"date":"2022-07-04T18:42:31","date_gmt":"2022-07-04T21:42:31","guid":{"rendered":"https:\/\/radiorevelacionfm.cl\/?p=18815"},"modified":"2022-07-04T18:42:31","modified_gmt":"2022-07-04T21:42:31","slug":"seremi-de-salud-coordina-acciones-frente-a-la-viruela-del-mono","status":"publish","type":"post","link":"https:\/\/radiorevelacionfm.cl\/?p=18815","title":{"rendered":"Seremi de Salud coordina acciones frente a la viruela del Mono"},"content":{"rendered":"<div class=\"flex_column av_one_full  flex_column_div av-zero-column-padding first  avia-builder-el-0  el_before_av_one_full  avia-builder-el-first  \" style='border-radius:0px; '><div  class='avia-image-container  av-styling-    avia-builder-el-1  avia-builder-el-no-sibling  avia-align-center '  itemprop=\"image\" itemscope=\"itemscope\" itemtype=\"https:\/\/schema.org\/ImageObject\"  ><div class='avia-image-container-inner'><div class='avia-image-overlay-wrap'><img decoding=\"async\" class='wp-image-18816 avia-img-lazy-loading-not-18816 avia_image' src=\"https:\/\/radiorevelacionfm.cl\/wp-content\/uploads\/2022\/07\/urgencia-hrc-foto-1_optimized.jpg\" alt='' title='urgencia-hrc-foto-(1)_optimized' height=\"600\" width=\"863\"  itemprop=\"thumbnailUrl\" srcset=\"https:\/\/radiorevelacionfm.cl\/wp-content\/uploads\/2022\/07\/urgencia-hrc-foto-1_optimized.jpg 863w, https:\/\/radiorevelacionfm.cl\/wp-content\/uploads\/2022\/07\/urgencia-hrc-foto-1_optimized-300x209.jpg 300w, https:\/\/radiorevelacionfm.cl\/wp-content\/uploads\/2022\/07\/urgencia-hrc-foto-1_optimized-768x534.jpg 768w, https:\/\/radiorevelacionfm.cl\/wp-content\/uploads\/2022\/07\/urgencia-hrc-foto-1_optimized-705x490.jpg 705w, https:\/\/radiorevelacionfm.cl\/wp-content\/uploads\/2022\/07\/urgencia-hrc-foto-1_optimized-600x417.jpg 600w\" sizes=\"(max-width: 863px) 100vw, 863px\" \/><\/div><\/div><\/div><\/div><div class=\"flex_column av_one_full  flex_column_div av-zero-column-padding first  avia-builder-el-2  el_after_av_one_full  el_before_av_one_full  column-top-margin\" style='border-radius:0px; '><section class=\"av_textblock_section \"  itemscope=\"itemscope\" itemtype=\"https:\/\/schema.org\/BlogPosting\" itemprop=\"blogPost\" ><div class='avia_textblock  '   itemprop=\"text\" ><p style=\"text-align: center;\"><strong><span style=\"font-size: 18pt;\">Seremi de Salud coordina acciones frente a la viruela del Mono<\/span><\/strong><\/p>\n<div id=\"gtx-trans\" style=\"position: absolute; left: -50px; top: 4.31534px;\">\n<div class=\"gtx-trans-icon\"><\/div>\n<\/div>\n<\/div><\/section><\/div><div class=\"flex_column av_one_full  flex_column_div av-zero-column-padding first  avia-builder-el-4  el_after_av_one_full  el_before_av_hr  column-top-margin\" style='border-radius:0px; '><section class=\"av_textblock_section \"  itemscope=\"itemscope\" itemtype=\"https:\/\/schema.org\/BlogPosting\" itemprop=\"blogPost\" ><div class='avia_textblock  '   itemprop=\"text\" ><p style=\"text-align: justify;\">Luego que el 25 de junio, el Ministerio de Salud decretara alerta sanitaria por la confirmaci\u00f3n del primer caso de viruela s\u00edmica en Chile, las secretar\u00edas regionales ministeriales y los servicios de salud, reforzaron la vigilancia epidemiol\u00f3gica, adoptando una serie de acciones tendientes a enfrentar eventuales casos por esta enfermedad; situaci\u00f3n que en el caso de Ays\u00e9n, ya defini\u00f3 al Hospital Regional Coyhaique como principal centro de salud para atender a pacientes diagnosticados por la viruela del mono.<\/p>\n<p style=\"text-align: justify;\">As\u00ed lo manifest\u00f3 la Seremi de Salud, Carmen Monsalve Soto, quien entreg\u00f3 m\u00e1s antecedentes al respecto.\u00a0 \u201cDesde que la Organizaci\u00f3n Panamericana de la Salud emitiera una alerta epidemiol\u00f3gica debido al aumento de casos reportados por la Viruela del Mono, el Ministerio de Salud inmediatamente adopt\u00f3 estrategias a nivel nacional, la primera de ellas se decreta alerta sanitaria por presencia de viruela s\u00edmica el 25 de junio lo que permite a las autoridades de salud y servicios de salud regional facilitar los procesos para incorporaci\u00f3n de las estrategias para la contenci\u00f3n de esta situaci\u00f3n epidemiol\u00f3gica. La red asistencial ya se encuentra preparada, se ha definido el Hospital Regional Coyhaique como el primer centro de derivaci\u00f3n para el aislamiento de los casos con sospecha y confirmaci\u00f3n de casos, lo que a\u00fan no ha ocurrido\u201d.<\/p>\n<p style=\"text-align: justify;\">De igual forma, la Autoridad Sanitaria, hizo un llamado a la comunidad para que al momento de presentar cualquier s\u00edntoma asociado a esta enfermedad, acuda a cualquier centro de salud para recibir atenci\u00f3n m\u00e9dica.\u00a0 \u201cSe hace un llamado a la comunidad para que est\u00e9n atentos respecto de la presencia de signos y s\u00edntomas sugerentes de esta enfermedad.\u00a0 Cualquier persona que tenga presencia de lesiones en la piel sin explicaci\u00f3n, adem\u00e1s de s\u00edntomas como cefalea, inicio s\u00fabito de fiebre (38,5\u00b0), dolor muscular y de espalda, aumento de volumen en ganglios, debe consultar de manera inmediata en cualquier centro asistencial cercano a su domicilio para recibir una evaluaci\u00f3n m\u00e9dica\u201d.<\/p>\n<p style=\"text-align: justify;\">Por su parte, el Director del Hospital Regional Coyhaique, Jaime L\u00f3pez, detall\u00f3 parte de la preparaci\u00f3n que existe en el principal centro de salud de la zona para abordar un eventual caso de esta enfermedad.\u00a0 \u201cEfectivamente, el hospital regional ha sido definido como el centro de referencia para el abordaje de diagn\u00f3stico, atendiendo fundamentalmente el hecho que el hospital cuenta con sistemas de aislamiento en cada una de las unidades donde eventualmente pudiesen presentarse casos, estos son las distintas unidades de urgencia que cuentan con sus correspondientes unidades de aislamiento, y si fuese necesario hospitalizar, tambi\u00e9n cada uno de los servicios m\u00e9dico quir\u00fargicos cuenta con espacios adecuados para hacer los aislamientos que exige el tratamiento de esta enfermedad.\u00a0 A nivel pa\u00eds, el comportamiento que ha tenido esta enfermedad, da cuenta de un bajo nivel de complicaci\u00f3n donde la mayor\u00eda de los casos son tratados de manera ambulatoria en domicilios o residencias sanitarias, pero la red debe estar preparada ante el agravamiento que se produce fundamentalmente por la infecci\u00f3n de las \u00falceras que se presentan como parte del proceso de evoluci\u00f3n de la enfermedad\u201d, puntualiz\u00f3.<\/p>\n<p style=\"text-align: justify;\"><strong>Antecedentes Viruela S\u00edmica<\/strong><\/p>\n<p style=\"text-align: justify;\">Es una zoonosis viral causada por el virus de la viruela s\u00edmica, que pertenece al g\u00e9nero Orthopoxvirus, este incluye al virus variola (el que ocasiona la viruela). Hay dos cepas de la viruela s\u00edmica: la cepa de la cuenca del Congo (\u00c1frica central) y la cepa de \u00c1frica occidental. Las infecciones en humanos con la cepa de \u00c1frica occidental aparentemente causan una enfermedad menos grave.<\/p>\n<p style=\"text-align: justify;\"><strong>S\u00edntomas<\/strong><\/p>\n<p style=\"text-align: justify;\">Erupci\u00f3n cut\u00e1nea aguda, cefalea, inicio s\u00fabito de fiebre superior a 38,5 \u00b0, dolor muscular, dolor de espalda, sensaci\u00f3n de agotamiento e inflamaci\u00f3n o hinchaz\u00f3n de los ganglios linf\u00e1ticos.<\/p>\n<p style=\"text-align: justify;\"><strong>Formas de transmisi\u00f3n<\/strong><\/p>\n<p style=\"text-align: justify;\">Principalmente por contacto directo o indirecto con sangre, fluidos corporales, lesiones en la piel o mucosas de animales infectados. La transmisi\u00f3n en personas puede producirse por contacto directo con lesiones cut\u00e1neas o gotitas exhaladas de una persona infectada, o con objetos contaminados recientemente con los fluidos del paciente (como toallas o sabanas). El periodo de incubaci\u00f3n promedio puede ir desde los 6 a los 13 d\u00edas con rangos de entre los 5 a los 21 d\u00edas. No hay evidencia de que el virus de la viruela s\u00edmica se trasmita por v\u00eda sexual.<\/p>\n<\/div><\/section><\/div><div  style='height:50px' class='hr hr-invisible   avia-builder-el-6  el_after_av_one_full  el_before_av_social_share '><span class='hr-inner ' ><span class='hr-inner-style'><\/span><\/span><\/div><\/p>\n<div  class='av-social-sharing-box  avia-builder-el-7  el_after_av_hr  el_before_av_hr  '><div class='av-share-box'><h5 class='av-share-link-description av-no-toc '>Compartir esta noticia<\/h5><ul class='av-share-box-list noLightbox'><li class='av-share-link av-social-link-facebook' ><a target=\"_blank\" aria-label=\"Compartir en Facebook\" href='https:\/\/www.facebook.com\/sharer.php?u=https:\/\/radiorevelacionfm.cl\/?p=18815&#038;t=Seremi%20de%20Salud%20coordina%20acciones%20frente%20a%20la%20viruela%20del%20Mono' aria-hidden='false' data-av_icon='\ue8f3' data-av_iconfont='entypo-fontello' title='' data-avia-related-tooltip='Compartir en Facebook' rel=\"noopener\"><span class='avia_hidden_link_text'>Compartir en Facebook<\/span><\/a><\/li><li class='av-share-link av-social-link-twitter' ><a target=\"_blank\" aria-label=\"Compartir en Twitter\" href='https:\/\/twitter.com\/share?text=Seremi%20de%20Salud%20coordina%20acciones%20frente%20a%20la%20viruela%20del%20Mono&#038;url=https:\/\/radiorevelacionfm.cl\/?p=18815' aria-hidden='false' data-av_icon='\ue8f1' data-av_iconfont='entypo-fontello' title='' data-avia-related-tooltip='Compartir en Twitter' rel=\"noopener\"><span class='avia_hidden_link_text'>Compartir en Twitter<\/span><\/a><\/li><li class='av-share-link av-social-link-whatsapp' ><a target=\"_blank\" aria-label=\"Compartir en Whatsapp\" href='https:\/\/api.whatsapp.com\/send?text=https:\/\/radiorevelacionfm.cl\/?p=18815' aria-hidden='false' data-av_icon='\uf232' data-av_iconfont='entypo-fontello' title='' data-avia-related-tooltip='Compartir en Whatsapp' rel=\"noopener\"><span class='avia_hidden_link_text'>Compartir en Whatsapp<\/span><\/a><\/li><li class='av-share-link av-social-link-linkedin' ><a target=\"_blank\" aria-label=\"Compartir en LinkedIn\" href='https:\/\/linkedin.com\/shareArticle?mini=true&#038;title=Seremi%20de%20Salud%20coordina%20acciones%20frente%20a%20la%20viruela%20del%20Mono&#038;url=https:\/\/radiorevelacionfm.cl\/?p=18815' aria-hidden='false' data-av_icon='\ue8fc' data-av_iconfont='entypo-fontello' title='' data-avia-related-tooltip='Compartir en LinkedIn' rel=\"noopener\"><span class='avia_hidden_link_text'>Compartir en LinkedIn<\/span><\/a><\/li><li class='av-share-link av-social-link-mail' ><a  aria-label=\"Compartir por correo\" href='mailto:?subject=Seremi%20de%20Salud%20coordina%20acciones%20frente%20a%20la%20viruela%20del%20Mono&#038;body=https:\/\/radiorevelacionfm.cl\/?p=18815' aria-hidden='false' data-av_icon='\ue805' data-av_iconfont='entypo-fontello' title='' data-avia-related-tooltip='Compartir por correo'><span class='avia_hidden_link_text'>Compartir por correo<\/span><\/a><\/li><\/ul><\/div><\/div>\n<div  style='height:50px' class='hr hr-invisible   avia-builder-el-8  el_after_av_social_share  el_before_av_comments_list '><span class='hr-inner ' ><span class='hr-inner-style'><\/span><\/span><\/div>\n<div  class='av-buildercomment  av-blog-meta-html-info-disabled av-blog-meta-tag-disabled  '><\/div>\n","protected":false},"excerpt":{"rendered":"","protected":false},"author":1,"featured_media":18816,"comment_status":"open","ping_status":"open","sticky":false,"template":"","format":"standard","meta":{"footnotes":""},"categories":[46],"tags":[],"class_list":["post-18815","post","type-post","status-publish","format-standard","has-post-thumbnail","hentry","category-salud"],"jetpack_featured_media_url":"https:\/\/radiorevelacionfm.cl\/wp-content\/uploads\/2022\/07\/urgencia-hrc-foto-1_optimized.jpg","_links":{"self":[{"href":"https:\/\/radiorevelacionfm.cl\/index.php?rest_route=\/wp\/v2\/posts\/18815","targetHints":{"allow":["GET"]}}],"collection":[{"href":"https:\/\/radiorevelacionfm.cl\/index.php?rest_route=\/wp\/v2\/posts"}],"about":[{"href":"https:\/\/radiorevelacionfm.cl\/index.php?rest_route=\/wp\/v2\/types\/post"}],"author":[{"embeddable":true,"href":"https:\/\/radiorevelacionfm.cl\/index.php?rest_route=\/wp\/v2\/users\/1"}],"replies":[{"embeddable":true,"href":"https:\/\/radiorevelacionfm.cl\/index.php?rest_route=%2Fwp%2Fv2%2Fcomments&post=18815"}],"version-history":[{"count":2,"href":"https:\/\/radiorevelacionfm.cl\/index.php?rest_route=\/wp\/v2\/posts\/18815\/revisions"}],"predecessor-version":[{"id":18818,"href":"https:\/\/radiorevelacionfm.cl\/index.php?rest_route=\/wp\/v2\/posts\/18815\/revisions\/18818"}],"wp:featuredmedia":[{"embeddable":true,"href":"https:\/\/radiorevelacionfm.cl\/index.php?rest_route=\/wp\/v2\/media\/18816"}],"wp:attachment":[{"href":"https:\/\/radiorevelacionfm.cl\/index.php?rest_route=%2Fwp%2Fv2%2Fmedia&parent=18815"}],"wp:term":[{"taxonomy":"category","embeddable":true,"href":"https:\/\/radiorevelacionfm.cl\/index.php?rest_route=%2Fwp%2Fv2%2Fcategories&post=18815"},{"taxonomy":"post_tag","embeddable":true,"href":"https:\/\/radiorevelacionfm.cl\/index.php?rest_route=%2Fwp%2Fv2%2Ftags&post=18815"}],"curies":[{"name":"wp","href":"https:\/\/api.w.org\/{rel}","templated":true}]}}