{"id":18812,"date":"2022-07-05T12:01:41","date_gmt":"2022-07-05T15:01:41","guid":{"rendered":"https:\/\/radiorevelacionfm.cl\/?p=18812"},"modified":"2022-07-05T12:01:41","modified_gmt":"2022-07-05T15:01:41","slug":"gobierno-presenta-plan-de-emergencia-habitacional-con-el-desafio-de-construir-260-mil-viviendas-en-los-proximos-cuatro-anos","status":"publish","type":"post","link":"https:\/\/radiorevelacionfm.cl\/?p=18812","title":{"rendered":"Gobierno presenta Plan de Emergencia Habitacional con el desaf\u00edo de construir 260 mil viviendas en los pr\u00f3ximos cuatro a\u00f1os"},"content":{"rendered":"<div class=\"flex_column av_one_full  flex_column_div av-zero-column-padding first  avia-builder-el-0  el_before_av_one_full  avia-builder-el-first  \" style='border-radius:0px; '><div  class='avia-image-container  av-styling-    avia-builder-el-1  avia-builder-el-no-sibling  avia-align-center '  itemprop=\"image\" itemscope=\"itemscope\" itemtype=\"https:\/\/schema.org\/ImageObject\"  ><div class='avia-image-container-inner'><div class='avia-image-overlay-wrap'><img decoding=\"async\" class='wp-image-18813 avia-img-lazy-loading-not-18813 avia_image' src=\"https:\/\/radiorevelacionfm.cl\/wp-content\/uploads\/2022\/07\/srq8494-1_optimized.jpg\" alt='' title='_srq8494-(1)_optimized' height=\"600\" width=\"900\"  itemprop=\"thumbnailUrl\" srcset=\"https:\/\/radiorevelacionfm.cl\/wp-content\/uploads\/2022\/07\/srq8494-1_optimized.jpg 900w, https:\/\/radiorevelacionfm.cl\/wp-content\/uploads\/2022\/07\/srq8494-1_optimized-300x200.jpg 300w, https:\/\/radiorevelacionfm.cl\/wp-content\/uploads\/2022\/07\/srq8494-1_optimized-768x512.jpg 768w, https:\/\/radiorevelacionfm.cl\/wp-content\/uploads\/2022\/07\/srq8494-1_optimized-705x470.jpg 705w, https:\/\/radiorevelacionfm.cl\/wp-content\/uploads\/2022\/07\/srq8494-1_optimized-600x400.jpg 600w\" sizes=\"(max-width: 900px) 100vw, 900px\" \/><\/div><\/div><\/div><\/div><div class=\"flex_column av_one_full  flex_column_div av-zero-column-padding first  avia-builder-el-2  el_after_av_one_full  el_before_av_one_full  column-top-margin\" style='border-radius:0px; '><section class=\"av_textblock_section \"  itemscope=\"itemscope\" itemtype=\"https:\/\/schema.org\/BlogPosting\" itemprop=\"blogPost\" ><div class='avia_textblock  '   itemprop=\"text\" ><p style=\"text-align: center;\"><span style=\"font-size: 18pt;\"><b>Gobierno presenta Plan de Emergencia Habitacional con el desaf\u00edo de construir 260 mil viviendas en los pr\u00f3ximos cuatro a\u00f1os<\/b><\/span><\/p>\n<div id=\"gtx-trans\" style=\"position: absolute; left: -50px; top: 4.31534px;\">\n<div class=\"gtx-trans-icon\"><\/div>\n<\/div>\n<\/div><\/section><\/div><div class=\"flex_column av_one_full  flex_column_div av-zero-column-padding first  avia-builder-el-4  el_after_av_one_full  el_before_av_hr  column-top-margin\" style='border-radius:0px; '><section class=\"av_textblock_section \"  itemscope=\"itemscope\" itemtype=\"https:\/\/schema.org\/BlogPosting\" itemprop=\"blogPost\" ><div class='avia_textblock  '   itemprop=\"text\" ><p style=\"font-weight: 400; text-align: justify;\">El Presidente de la Rep\u00fablica,\u00a0Gabriel Boric, junto al ministro de Vivienda y Urbanismo, Carlos Montes, y la subsecretaria de la cartera,\u00a0Tatiana Rojas, present\u00f3 este mediod\u00eda el \u201cPlan de Emergencia Habitacional\u201d, estrategia desarrollada por el Minvu para abordar con sentido de urgencia el d\u00e9ficit de viviendas que presenta nuestro pa\u00eds y que es parte de la nueva Ley de Integraci\u00f3n Social y Urbana, aprobada por el Congreso en marzo pasado. Entre sus principales objetivos est\u00e1 recuperar el rol central del Estado en la planificaci\u00f3n y gesti\u00f3n habitacional, junto con entregar 260 mil viviendas durante el periodo de gobierno,\u00a0lo que lograr\u00eda cubrir al menos el 40% de la necesidad habitacional identificada.<\/p>\n<p style=\"font-weight: 400; text-align: justify;\">En el acto, realizado en el Palacio de La Moneda, asistieron tambi\u00e9n\u00a0diversas autoridades de Gobierno, adem\u00e1s de dirigentes y dirigentas de comit\u00e9s de vivienda de distintas comunas de la Regi\u00f3n Metropolitana.<\/p>\n<p style=\"font-weight: 400; text-align: justify;\">Respecto a la relevancia de este plan, el Presidente Boric destac\u00f3 que \u201ceste Plan de Emergencia Habitacional hay que verlo como una pol\u00edtica de Estado, esto no es algo de lo cual un gobierno u otro pueda sencillamente vanagloriarse porque va a continuar m\u00e1s all\u00e1 de nosotros\u00bb y agreg\u00f3 que \u00abes momento de que nosotros nos despleguemos hacia las soluciones, no reemplazando sino con los pobladores y pobladoras, con los trabajadores y trabajadoras, con el sector privado y el p\u00fablico de la mano para solucionar este gran desaf\u00edo que nos hemos puesto como Gobierno\u00bb.<\/p>\n<p style=\"font-weight: 400; text-align: justify;\">Por su parte, el ministro Carlos Montes se\u00f1al\u00f3 que \u201ceste Plan busca ser un camino para fortalecer distintos instrumentos, el derecho a la vivienda digna con opciones claras, como el enfoque de g\u00e9nero, la descentralizaci\u00f3n, la participaci\u00f3n, la planificaci\u00f3n y la asociaci\u00f3n p\u00fablico privada\u201d. Asimismo, agreg\u00f3 que \u201cvaloramos profundamente que el derecho a la vivienda digna y el derecho a la ciudad est\u00e9n propuestos en la nueva Constituci\u00f3n. Es otra manera de entender la sociedad. Sin embargo, no podemos esperar que est\u00e9n consagrados para actuar ante la realidad, tenemos que hacerlo desde ya. Es nuestra convicci\u00f3n, que es un m\u00ednimo moral para un pueblo libre y democr\u00e1tico\u201d.<\/p>\n<p style=\"font-weight: 400; text-align: justify;\">En tanto, la subsecretaria Tatiana Rojas indic\u00f3 que \u201cel Plan de Emergencia Habitacional ha sido un trabajo que hemos desarrollado organizada y colaborativamente con los equipos ministeriales y especialmente tambi\u00e9n un trabajo mancomunado con las regiones. Lo que hemos hecho es ir reflexionando en conjunto en funci\u00f3n del d\u00e9ficit nacional y regional y analizando tambi\u00e9n cada una de las comunas. La importancia de trabajar con las regiones tiene que ver con que sea una intervenci\u00f3n y una planificaci\u00f3n pertinente porque la idea es que en la implementaci\u00f3n posterior de este Plan podamos hacerle sentido tambi\u00e9n a las propias comunidades que van a ser las receptoras de todo el proceso\u201d.<\/p>\n<p style=\"font-weight: 400; text-align: justify;\">Entre las claves del Plan de Emergencia Habitacional, que busca cumplir tambi\u00e9n con la principal misi\u00f3n que el Presidente Boric encarg\u00f3 al Minvu de avanzar en la superaci\u00f3n de las desigualdades en materia de acceso a una vivienda de calidad, se incluyen:<\/p>\n<ul style=\"text-align: justify;\">\n<li style=\"font-weight: 400;\">Recuperar el rol del Estado en la planificaci\u00f3n y gesti\u00f3n habitacional<\/li>\n<li style=\"font-weight: 400;\">Entregar 260 mil viviendas durante el periodo de Gobierno<\/li>\n<li style=\"font-weight: 400;\">Impulsar proyectos en todas las comunas del pa\u00eds y asegurar equipamiento social<\/li>\n<li style=\"font-weight: 400;\">Robustecer el Banco de Suelo P\u00fablico<\/li>\n<li style=\"font-weight: 400;\">Diversificar las formas de acceso a la vivienda, como la autogesti\u00f3n, las cooperativas y el impulso al arriendo a precio justo<\/li>\n<li style=\"font-weight: 400;\">Relaciones m\u00e1s directas con los ciudadanos y gobiernos locales<\/li>\n<li style=\"font-weight: 400;\">Procesos de producci\u00f3n habitacional m\u00e1s eficientes, modernos y sostenibles<\/li>\n<\/ul>\n<p style=\"font-weight: 400; text-align: justify;\">Adem\u00e1s, busca responder a fen\u00f3menos m\u00e1s recientes de la demanda de viviendas y en las formas de vida de chilenos y chilenas, como la movilidad habitacional o el alto precio de los arriendos, diversificando las modalidades de acceso a la vivienda y su tipo de tenencia, incluyendo medidas para responder allegamiento, hacinamiento, aislamiento, campamento, necesidad de cuidado y espera prolongada por entrega de vivienda en el caso de comit\u00e9s. Se consideraron tambi\u00e9n en su elaboraci\u00f3n los planteamientos de los gobiernos regionales y municipios, lo que asegura la pertinencia de los objetivos trazados.<\/p>\n<p style=\"font-weight: 400; text-align: justify;\">Asimismo, el Plan de Emergencia Habitacional define objetivos y metas anuales por regi\u00f3n y comuna, junto con establecer mecanismos de seguimiento y evaluaci\u00f3n de sus avances, los que se reportar\u00e1n peri\u00f3dicamente al Congreso.<\/p>\n<p style=\"font-weight: 400; text-align: justify;\">Respecto a la planificaci\u00f3n de las pol\u00edticas urbano-habitacionales que se contienen en el Plan, el ministro Montes se\u00f1al\u00f3 que \u201cel rol del Estado es irreemplazable y esto lo corroboramos cada vez que vemos el precio del suelo en grandes \u00e1reas metropolitanas y a la especulaci\u00f3n a la que est\u00e1 sometido. Ac\u00e1 necesitamos, para poder construir viviendas sociales, determinaci\u00f3n y voluntad pol\u00edtica porque la precariedad y la segregaci\u00f3n lastiman nuestra convivencia\u201d. De igual forma, se\u00f1al\u00f3 que, si bien el Plan de Emergencia Habitacional aborda de manera importante la necesidad de viviendas en Chile, indic\u00f3 que\u00a0\u201cesta respuesta no va a poder llegar a todas las personas, de un d\u00eda para otro eso no es posible, pero s\u00ed podemos trabajar en esta tarea desde hoy y trazar un camino por donde iremos avanzando\u201d.<\/p>\n<p style=\"font-weight: 400; text-align: justify;\">Respecto de su implementaci\u00f3n, se establece como prioridad mejorar y profundizar la articulaci\u00f3n entre los organismos del Estado y los distintos sectores de la sociedad para trabajar juntos en el cumplimiento de las metas establecidas. En particular, el Minvu estar\u00e1 a cargo de la coordinaci\u00f3n con los dem\u00e1s \u00f3rganos de administraci\u00f3n del Estado, entre ellos municipios y gobiernos regionales, para agilizar plazos de tramitaci\u00f3n y mejorar la efectividad de sus acciones, y con los organismos privados, entre otros, servicios sanitarios, el\u00e9ctricos y gas para dar prioridad en los procesos de tramitaci\u00f3n.<\/p>\n<p style=\"font-weight: 400; text-align: justify;\">En cuanto a las cerca de 80 mil familias que viven en situaci\u00f3n de campamento, en el plan se integran medidas especialmente dirigidas a ellas, a trav\u00e9s del programa \u201cConstruyendo Barrios\u201d con el que se intervendr\u00e1n 300 campamentos o asentamientos irregulares urbanos que se encuentran en proceso de saneamiento, es decir, que ser\u00e1n regularizados y urbanizados, beneficiando en total a cerca de 25 mil familias.<\/p>\n<p style=\"font-weight: 400; text-align: justify;\"><u>Demanda habitacional y metas por regi\u00f3n<\/u><\/p>\n<p style=\"font-weight: 400; text-align: justify;\">La demanda habitacional proyectada en Chile a 2022, seg\u00fan estimaciones del Minvu a partir de datos del Censo 2017 y de familias viviendo en campamentos, que hoy llegan a cerca de 80 mil, asciende 643.534 unidades. Gracias al Plan, se lograr\u00e1 cubrir al menos el 40% de la necesidad de viviendas, las que se concentran, principalmente, en las regiones Metropolitana (con una estimaci\u00f3n del 40% del d\u00e9ficit a nivel nacional), seguida por Valpara\u00edso y Biob\u00edo.<\/p>\n<\/div><\/section><\/div><div  style='height:50px' class='hr hr-invisible   avia-builder-el-6  el_after_av_one_full  el_before_av_social_share '><span class='hr-inner ' ><span class='hr-inner-style'><\/span><\/span><\/div><\/p>\n<div  class='av-social-sharing-box  avia-builder-el-7  el_after_av_hr  el_before_av_hr  '><div class='av-share-box'><h5 class='av-share-link-description av-no-toc '>Compartir esta noticia<\/h5><ul class='av-share-box-list noLightbox'><li class='av-share-link av-social-link-facebook' ><a target=\"_blank\" aria-label=\"Compartir en Facebook\" href='https:\/\/www.facebook.com\/sharer.php?u=https:\/\/radiorevelacionfm.cl\/?p=18812&#038;t=Gobierno%20presenta%20Plan%20de%20Emergencia%20Habitacional%20con%20el%20desaf%C3%ADo%20de%20construir%20260%20mil%20viviendas%20en%20los%20pr%C3%B3ximos%20cuatro%20a%C3%B1os' aria-hidden='false' data-av_icon='\ue8f3' data-av_iconfont='entypo-fontello' title='' data-avia-related-tooltip='Compartir en Facebook' rel=\"noopener\"><span class='avia_hidden_link_text'>Compartir en Facebook<\/span><\/a><\/li><li class='av-share-link av-social-link-twitter' ><a target=\"_blank\" aria-label=\"Compartir en Twitter\" href='https:\/\/twitter.com\/share?text=Gobierno%20presenta%20Plan%20de%20Emergencia%20Habitacional%20con%20el%20desaf%C3%ADo%20de%20construir%20260%20mil%20viviendas%20en%20los%20pr%C3%B3ximos%20cuatro%20a%C3%B1os&#038;url=https:\/\/radiorevelacionfm.cl\/?p=18812' aria-hidden='false' data-av_icon='\ue8f1' data-av_iconfont='entypo-fontello' title='' data-avia-related-tooltip='Compartir en Twitter' rel=\"noopener\"><span class='avia_hidden_link_text'>Compartir en Twitter<\/span><\/a><\/li><li class='av-share-link av-social-link-whatsapp' ><a target=\"_blank\" aria-label=\"Compartir en Whatsapp\" href='https:\/\/api.whatsapp.com\/send?text=https:\/\/radiorevelacionfm.cl\/?p=18812' aria-hidden='false' data-av_icon='\uf232' data-av_iconfont='entypo-fontello' title='' data-avia-related-tooltip='Compartir en Whatsapp' rel=\"noopener\"><span class='avia_hidden_link_text'>Compartir en Whatsapp<\/span><\/a><\/li><li class='av-share-link av-social-link-linkedin' ><a target=\"_blank\" aria-label=\"Compartir en LinkedIn\" href='https:\/\/linkedin.com\/shareArticle?mini=true&#038;title=Gobierno%20presenta%20Plan%20de%20Emergencia%20Habitacional%20con%20el%20desaf%C3%ADo%20de%20construir%20260%20mil%20viviendas%20en%20los%20pr%C3%B3ximos%20cuatro%20a%C3%B1os&#038;url=https:\/\/radiorevelacionfm.cl\/?p=18812' aria-hidden='false' data-av_icon='\ue8fc' data-av_iconfont='entypo-fontello' title='' data-avia-related-tooltip='Compartir en LinkedIn' rel=\"noopener\"><span class='avia_hidden_link_text'>Compartir en LinkedIn<\/span><\/a><\/li><li class='av-share-link av-social-link-mail' ><a  aria-label=\"Compartir por correo\" href='mailto:?subject=Gobierno%20presenta%20Plan%20de%20Emergencia%20Habitacional%20con%20el%20desaf%C3%ADo%20de%20construir%20260%20mil%20viviendas%20en%20los%20pr%C3%B3ximos%20cuatro%20a%C3%B1os&#038;body=https:\/\/radiorevelacionfm.cl\/?p=18812' aria-hidden='false' data-av_icon='\ue805' data-av_iconfont='entypo-fontello' title='' data-avia-related-tooltip='Compartir por correo'><span class='avia_hidden_link_text'>Compartir por correo<\/span><\/a><\/li><\/ul><\/div><\/div>\n<div  style='height:50px' class='hr hr-invisible   avia-builder-el-8  el_after_av_social_share  el_before_av_comments_list '><span class='hr-inner ' ><span class='hr-inner-style'><\/span><\/span><\/div>\n<div  class='av-buildercomment  av-blog-meta-html-info-disabled av-blog-meta-tag-disabled  '><\/div>\n","protected":false},"excerpt":{"rendered":"","protected":false},"author":1,"featured_media":18813,"comment_status":"open","ping_status":"open","sticky":false,"template":"","format":"standard","meta":{"footnotes":""},"categories":[57],"tags":[],"class_list":["post-18812","post","type-post","status-publish","format-standard","has-post-thumbnail","hentry","category-vivienda"],"jetpack_featured_media_url":"https:\/\/radiorevelacionfm.cl\/wp-content\/uploads\/2022\/07\/srq8494-1_optimized.jpg","_links":{"self":[{"href":"https:\/\/radiorevelacionfm.cl\/index.php?rest_route=\/wp\/v2\/posts\/18812","targetHints":{"allow":["GET"]}}],"collection":[{"href":"https:\/\/radiorevelacionfm.cl\/index.php?rest_route=\/wp\/v2\/posts"}],"about":[{"href":"https:\/\/radiorevelacionfm.cl\/index.php?rest_route=\/wp\/v2\/types\/post"}],"author":[{"embeddable":true,"href":"https:\/\/radiorevelacionfm.cl\/index.php?rest_route=\/wp\/v2\/users\/1"}],"replies":[{"embeddable":true,"href":"https:\/\/radiorevelacionfm.cl\/index.php?rest_route=%2Fwp%2Fv2%2Fcomments&post=18812"}],"version-history":[{"count":2,"href":"https:\/\/radiorevelacionfm.cl\/index.php?rest_route=\/wp\/v2\/posts\/18812\/revisions"}],"predecessor-version":[{"id":18833,"href":"https:\/\/radiorevelacionfm.cl\/index.php?rest_route=\/wp\/v2\/posts\/18812\/revisions\/18833"}],"wp:featuredmedia":[{"embeddable":true,"href":"https:\/\/radiorevelacionfm.cl\/index.php?rest_route=\/wp\/v2\/media\/18813"}],"wp:attachment":[{"href":"https:\/\/radiorevelacionfm.cl\/index.php?rest_route=%2Fwp%2Fv2%2Fmedia&parent=18812"}],"wp:term":[{"taxonomy":"category","embeddable":true,"href":"https:\/\/radiorevelacionfm.cl\/index.php?rest_route=%2Fwp%2Fv2%2Fcategories&post=18812"},{"taxonomy":"post_tag","embeddable":true,"href":"https:\/\/radiorevelacionfm.cl\/index.php?rest_route=%2Fwp%2Fv2%2Ftags&post=18812"}],"curies":[{"name":"wp","href":"https:\/\/api.w.org\/{rel}","templated":true}]}}