{"id":18808,"date":"2022-07-04T17:00:45","date_gmt":"2022-07-04T20:00:45","guid":{"rendered":"https:\/\/radiorevelacionfm.cl\/?p=18808"},"modified":"2022-07-04T17:00:45","modified_gmt":"2022-07-04T20:00:45","slug":"injuv-lanza-comunidad-joven-un-espacio-de-descuentos-y-beneficios-para-jovenes","status":"publish","type":"post","link":"https:\/\/radiorevelacionfm.cl\/?p=18808","title":{"rendered":"Injuv lanza \u201cComunidad Joven\u201d: un espacio de descuentos y beneficios para j\u00f3venes"},"content":{"rendered":"<div class=\"flex_column av_one_full  flex_column_div av-zero-column-padding first  avia-builder-el-0  el_before_av_one_full  avia-builder-el-first  \" style='border-radius:0px; '><div  class='avia-image-container  av-styling-    avia-builder-el-1  avia-builder-el-no-sibling  avia-align-center '  itemprop=\"image\" itemscope=\"itemscope\" itemtype=\"https:\/\/schema.org\/ImageObject\"  ><div class='avia-image-container-inner'><div class='avia-image-overlay-wrap'><img decoding=\"async\" class='wp-image-18809 avia-img-lazy-loading-not-18809 avia_image' src=\"https:\/\/radiorevelacionfm.cl\/wp-content\/uploads\/2022\/07\/image-56-1.jpg\" alt='' title='image (56) (1)' height=\"600\" width=\"836\"  itemprop=\"thumbnailUrl\" srcset=\"https:\/\/radiorevelacionfm.cl\/wp-content\/uploads\/2022\/07\/image-56-1.jpg 836w, https:\/\/radiorevelacionfm.cl\/wp-content\/uploads\/2022\/07\/image-56-1-300x215.jpg 300w, https:\/\/radiorevelacionfm.cl\/wp-content\/uploads\/2022\/07\/image-56-1-768x551.jpg 768w, https:\/\/radiorevelacionfm.cl\/wp-content\/uploads\/2022\/07\/image-56-1-705x506.jpg 705w, https:\/\/radiorevelacionfm.cl\/wp-content\/uploads\/2022\/07\/image-56-1-600x431.jpg 600w\" sizes=\"(max-width: 836px) 100vw, 836px\" \/><\/div><\/div><\/div><\/div><div class=\"flex_column av_one_full  flex_column_div av-zero-column-padding first  avia-builder-el-2  el_after_av_one_full  el_before_av_one_full  column-top-margin\" style='border-radius:0px; '><section class=\"av_textblock_section \"  itemscope=\"itemscope\" itemtype=\"https:\/\/schema.org\/BlogPosting\" itemprop=\"blogPost\" ><div class='avia_textblock  '   itemprop=\"text\" ><p class=\"Cuerpo\" align=\"center\"><span style=\"font-size: 18pt;\"><b><span lang=\"ES-TRAD\" style=\"font-family: Verdana, 'sans-serif';\">Injuv lanza \u201cComunidad Joven\u201d: un espacio de descuentos y beneficios para j\u00f3venes<\/span><\/b><\/span><\/p>\n<div id=\"gtx-trans\" style=\"position: absolute; left: -50px; top: 4.31534px;\">\n<div class=\"gtx-trans-icon\"><\/div>\n<\/div>\n<\/div><\/section><\/div><div class=\"flex_column av_one_full  flex_column_div av-zero-column-padding first  avia-builder-el-4  el_after_av_one_full  el_before_av_hr  column-top-margin\" style='border-radius:0px; '><section class=\"av_textblock_section \"  itemscope=\"itemscope\" itemtype=\"https:\/\/schema.org\/BlogPosting\" itemprop=\"blogPost\" ><div class='avia_textblock  '   itemprop=\"text\" ><p style=\"text-align: justify;\">Despu\u00e9s de m\u00e1s de dos d\u00e9cadas, el Instituto Nacional de la Juventud (Injuv) renov\u00f3 su Tarjeta Joven para lanzar \u201cComunidad Joven\u201d, un club de descuentos y beneficios para las y los j\u00f3venes de entre 15 y 29 a\u00f1os que reemplazar\u00e1 a la hist\u00f3rica tarjeta.<\/p>\n<p style=\"text-align: justify;\">Este espacio funcionar\u00e1 en formato 100% digital y se centrar\u00e1 en cuatro ejes principales: educaci\u00f3n, recreaci\u00f3n, emprendimiento y salud y bienestar. De esta forma se busca impactar en la vida de las y los j\u00f3venes a trav\u00e9s de los temas que m\u00e1s les importan, de acuerdo al trabajo de priorizaci\u00f3n de ejes tem\u00e1ticos impulsado por el instituto.<\/p>\n<p style=\"text-align: justify;\">\u201cComunidad Joven viene a ser la versi\u00f3n 2.0 de la Tarjeta Joven, con mejores beneficios y en las \u00e1reas que m\u00e1s les interesan a las y los j\u00f3venes. Por eso les invitamos a revisar los descuentos que est\u00e1n disponibles desde ya en nuestro sitio web, adem\u00e1s de poner atenci\u00f3n a los que se ir\u00e1n incorporando m\u00e1s adelante\u201d, explica la directora regional (s) de INJUV Ays\u00e9n, G\u00e9nesis Arias Fuentes.<\/p>\n<p style=\"text-align: justify;\">En tanto la Seremi de Desarrollo Social y Familia, Karina Acevedo Auad, indic\u00f3 que \u201ctenemos muy buenas noticias que nos ha entregado el INJUV, tenemos hoy d\u00eda una comunidad joven, un sistema que reemplaza lo que alguna vez conocimos como Tarjeta Joven, que daba una cantidad de beneficio y descuentos a j\u00f3venes de 15 a 29 a\u00f1os, esta nueva Tarjeta Joven 2.0 que se llama Comunidad Joven va a permitir un descuento especial a todos nuestros j\u00f3venes, para lo que es arancel universitarios, alg\u00fan descuento en talleres de ingl\u00e9s, en librer\u00edas y en distintas \u00e1reas. Como puedo obtenerlo, entre a comunidadjoven.injuv.gob.cl para poder sumarse a esta comunidad de descuentos para las y los j\u00f3venes de la regi\u00f3n de Ays\u00e9n\u201d.<\/p>\n<p style=\"text-align: justify;\">Dentro de los beneficios se encuentran: acceso a una cuenta bancaria sin cobros ni comisi\u00f3n, descuentos en preuniversitarios, cl\u00ednicas dentales, cursos de ingl\u00e9s, aranceles universitarios, etc.<\/p>\n<p style=\"text-align: justify;\">La suscripci\u00f3n es gratuita y se puede hacer en el siguiente link: <a href=\"https:\/\/comunidadjoven.injuv.gob.cl\/\">https:\/\/comunidadjoven.injuv.gob.cl\/<\/a><\/p>\n<\/div><\/section><\/div><div  style='height:50px' class='hr hr-invisible   avia-builder-el-6  el_after_av_one_full  el_before_av_social_share '><span class='hr-inner ' ><span class='hr-inner-style'><\/span><\/span><\/div><\/p>\n<div  class='av-social-sharing-box  avia-builder-el-7  el_after_av_hr  el_before_av_hr  '><div class='av-share-box'><h5 class='av-share-link-description av-no-toc '>Compartir esta noticia<\/h5><ul class='av-share-box-list noLightbox'><li class='av-share-link av-social-link-facebook' ><a target=\"_blank\" aria-label=\"Compartir en Facebook\" href='https:\/\/www.facebook.com\/sharer.php?u=https:\/\/radiorevelacionfm.cl\/?p=18808&#038;t=Injuv%20lanza%20%E2%80%9CComunidad%20Joven%E2%80%9D%3A%20un%20espacio%20de%20descuentos%20y%20beneficios%20para%20j%C3%B3venes' aria-hidden='false' data-av_icon='\ue8f3' data-av_iconfont='entypo-fontello' title='' data-avia-related-tooltip='Compartir en Facebook' rel=\"noopener\"><span class='avia_hidden_link_text'>Compartir en Facebook<\/span><\/a><\/li><li class='av-share-link av-social-link-twitter' ><a target=\"_blank\" aria-label=\"Compartir en Twitter\" href='https:\/\/twitter.com\/share?text=Injuv%20lanza%20%E2%80%9CComunidad%20Joven%E2%80%9D%3A%20un%20espacio%20de%20descuentos%20y%20beneficios%20para%20j%C3%B3venes&#038;url=https:\/\/radiorevelacionfm.cl\/?p=18808' aria-hidden='false' data-av_icon='\ue8f1' data-av_iconfont='entypo-fontello' title='' data-avia-related-tooltip='Compartir en Twitter' rel=\"noopener\"><span class='avia_hidden_link_text'>Compartir en Twitter<\/span><\/a><\/li><li class='av-share-link av-social-link-whatsapp' ><a target=\"_blank\" aria-label=\"Compartir en Whatsapp\" href='https:\/\/api.whatsapp.com\/send?text=https:\/\/radiorevelacionfm.cl\/?p=18808' aria-hidden='false' data-av_icon='\uf232' data-av_iconfont='entypo-fontello' title='' data-avia-related-tooltip='Compartir en Whatsapp' rel=\"noopener\"><span class='avia_hidden_link_text'>Compartir en Whatsapp<\/span><\/a><\/li><li class='av-share-link av-social-link-linkedin' ><a target=\"_blank\" aria-label=\"Compartir en LinkedIn\" href='https:\/\/linkedin.com\/shareArticle?mini=true&#038;title=Injuv%20lanza%20%E2%80%9CComunidad%20Joven%E2%80%9D%3A%20un%20espacio%20de%20descuentos%20y%20beneficios%20para%20j%C3%B3venes&#038;url=https:\/\/radiorevelacionfm.cl\/?p=18808' aria-hidden='false' data-av_icon='\ue8fc' data-av_iconfont='entypo-fontello' title='' data-avia-related-tooltip='Compartir en LinkedIn' rel=\"noopener\"><span class='avia_hidden_link_text'>Compartir en LinkedIn<\/span><\/a><\/li><li class='av-share-link av-social-link-mail' ><a  aria-label=\"Compartir por correo\" href='mailto:?subject=Injuv%20lanza%20%E2%80%9CComunidad%20Joven%E2%80%9D%3A%20un%20espacio%20de%20descuentos%20y%20beneficios%20para%20j%C3%B3venes&#038;body=https:\/\/radiorevelacionfm.cl\/?p=18808' aria-hidden='false' data-av_icon='\ue805' data-av_iconfont='entypo-fontello' title='' data-avia-related-tooltip='Compartir por correo'><span class='avia_hidden_link_text'>Compartir por correo<\/span><\/a><\/li><\/ul><\/div><\/div>\n<div  style='height:50px' class='hr hr-invisible   avia-builder-el-8  el_after_av_social_share  el_before_av_comments_list '><span class='hr-inner ' ><span class='hr-inner-style'><\/span><\/span><\/div>\n<div  class='av-buildercomment  av-blog-meta-html-info-disabled av-blog-meta-tag-disabled  '><\/div>\n","protected":false},"excerpt":{"rendered":"","protected":false},"author":1,"featured_media":18809,"comment_status":"open","ping_status":"open","sticky":false,"template":"","format":"standard","meta":{"footnotes":""},"categories":[38],"tags":[],"class_list":["post-18808","post","type-post","status-publish","format-standard","has-post-thumbnail","hentry","category-regional"],"jetpack_featured_media_url":"https:\/\/radiorevelacionfm.cl\/wp-content\/uploads\/2022\/07\/image-56-1.jpg","_links":{"self":[{"href":"https:\/\/radiorevelacionfm.cl\/index.php?rest_route=\/wp\/v2\/posts\/18808","targetHints":{"allow":["GET"]}}],"collection":[{"href":"https:\/\/radiorevelacionfm.cl\/index.php?rest_route=\/wp\/v2\/posts"}],"about":[{"href":"https:\/\/radiorevelacionfm.cl\/index.php?rest_route=\/wp\/v2\/types\/post"}],"author":[{"embeddable":true,"href":"https:\/\/radiorevelacionfm.cl\/index.php?rest_route=\/wp\/v2\/users\/1"}],"replies":[{"embeddable":true,"href":"https:\/\/radiorevelacionfm.cl\/index.php?rest_route=%2Fwp%2Fv2%2Fcomments&post=18808"}],"version-history":[{"count":2,"href":"https:\/\/radiorevelacionfm.cl\/index.php?rest_route=\/wp\/v2\/posts\/18808\/revisions"}],"predecessor-version":[{"id":18811,"href":"https:\/\/radiorevelacionfm.cl\/index.php?rest_route=\/wp\/v2\/posts\/18808\/revisions\/18811"}],"wp:featuredmedia":[{"embeddable":true,"href":"https:\/\/radiorevelacionfm.cl\/index.php?rest_route=\/wp\/v2\/media\/18809"}],"wp:attachment":[{"href":"https:\/\/radiorevelacionfm.cl\/index.php?rest_route=%2Fwp%2Fv2%2Fmedia&parent=18808"}],"wp:term":[{"taxonomy":"category","embeddable":true,"href":"https:\/\/radiorevelacionfm.cl\/index.php?rest_route=%2Fwp%2Fv2%2Fcategories&post=18808"},{"taxonomy":"post_tag","embeddable":true,"href":"https:\/\/radiorevelacionfm.cl\/index.php?rest_route=%2Fwp%2Fv2%2Ftags&post=18808"}],"curies":[{"name":"wp","href":"https:\/\/api.w.org\/{rel}","templated":true}]}}