{"id":18804,"date":"2022-07-04T16:47:56","date_gmt":"2022-07-04T19:47:56","guid":{"rendered":"https:\/\/radiorevelacionfm.cl\/?p=18804"},"modified":"2022-07-04T16:47:56","modified_gmt":"2022-07-04T19:47:56","slug":"campus-patagonia-realiza-lanzamiento-oficial-de-la-escuela-de-invierno-uach-2022","status":"publish","type":"post","link":"https:\/\/radiorevelacionfm.cl\/?p=18804","title":{"rendered":"Campus Patagonia realiza lanzamiento oficial de la Escuela de Invierno UACh 2022"},"content":{"rendered":"<div class=\"flex_column av_one_full  flex_column_div av-zero-column-padding first  avia-builder-el-0  el_before_av_one_full  avia-builder-el-first  \" style='border-radius:0px; '><div  class='avia-image-container  av-styling-    avia-builder-el-1  avia-builder-el-no-sibling  avia-align-center '  itemprop=\"image\" itemscope=\"itemscope\" itemtype=\"https:\/\/schema.org\/ImageObject\"  ><div class='avia-image-container-inner'><div class='avia-image-overlay-wrap'><img decoding=\"async\" class='wp-image-18805 avia-img-lazy-loading-not-18805 avia_image' src=\"https:\/\/radiorevelacionfm.cl\/wp-content\/uploads\/2022\/07\/punto-prensa-1-1_optimized.jpg\" alt='' title='punto-prensa-1-(1)_optimized' height=\"600\" width=\"1249\"  itemprop=\"thumbnailUrl\" srcset=\"https:\/\/radiorevelacionfm.cl\/wp-content\/uploads\/2022\/07\/punto-prensa-1-1_optimized.jpg 1249w, https:\/\/radiorevelacionfm.cl\/wp-content\/uploads\/2022\/07\/punto-prensa-1-1_optimized-300x144.jpg 300w, https:\/\/radiorevelacionfm.cl\/wp-content\/uploads\/2022\/07\/punto-prensa-1-1_optimized-1030x495.jpg 1030w, https:\/\/radiorevelacionfm.cl\/wp-content\/uploads\/2022\/07\/punto-prensa-1-1_optimized-768x369.jpg 768w, https:\/\/radiorevelacionfm.cl\/wp-content\/uploads\/2022\/07\/punto-prensa-1-1_optimized-705x339.jpg 705w, https:\/\/radiorevelacionfm.cl\/wp-content\/uploads\/2022\/07\/punto-prensa-1-1_optimized-600x288.jpg 600w\" sizes=\"(max-width: 1249px) 100vw, 1249px\" \/><\/div><\/div><\/div><\/div><div class=\"flex_column av_one_full  flex_column_div av-zero-column-padding first  avia-builder-el-2  el_after_av_one_full  el_before_av_one_full  column-top-margin\" style='border-radius:0px; '><section class=\"av_textblock_section \"  itemscope=\"itemscope\" itemtype=\"https:\/\/schema.org\/BlogPosting\" itemprop=\"blogPost\" ><div class='avia_textblock  '   itemprop=\"text\" ><p style=\"text-align: center;\"><span style=\"font-size: 18pt;\"><strong>Campus Patagonia realiza lanzamiento oficial de la Escuela de Invierno UACh 2022 <\/strong><\/span><\/p>\n<div id=\"gtx-trans\" style=\"position: absolute; left: -50px; top: 4.31534px;\">\n<div class=\"gtx-trans-icon\"><\/div>\n<\/div>\n<\/div><\/section><\/div><div class=\"flex_column av_one_full  flex_column_div av-zero-column-padding first  avia-builder-el-4  el_after_av_one_full  el_before_av_hr  column-top-margin\" style='border-radius:0px; '><section class=\"av_textblock_section \"  itemscope=\"itemscope\" itemtype=\"https:\/\/schema.org\/BlogPosting\" itemprop=\"blogPost\" ><div class='avia_textblock  '   itemprop=\"text\" ><p style=\"text-align: justify;\">La Escuela de Invierno de la Universidad Austral de Chile (UACh) 2022 denominada \u201cArte y Ciencia Abierta en el territorio\u201d ofrecer\u00e1 a la comunidad de manera gratuita trece talleres que abordar\u00e1n tem\u00e1ticas de arte, ciencia, tecnolog\u00eda, cultura, patrimonio, entre otros, gracias al trabajo conjunto del \u00c1rea de Arte y Cultura del Campus Patagonia y el PAR Explora Ays\u00e9n.<\/p>\n<p style=\"text-align: justify;\">La iniciativa tendr\u00e1 una duraci\u00f3n de dos semanas; entre el 11 y el 15 de julio se realizar\u00e1 en la comuna de Coyhaique, y durante la segunda semana, entre los d\u00edas 18 y 22 de julio, los talleres se realizar\u00e1n en las comunas de Ays\u00e9n y R\u00edo Ib\u00e1\u00f1ez.<\/p>\n<p style=\"text-align: justify;\">Carlos Galdames, coordinador del Proyecto AUS2095 en el Campus Patagonia, destac\u00f3, \u201cesta asociaci\u00f3n que se dio con Explora Ays\u00e9n ha sido muy relevante para poder potenciar el v\u00ednculo con el territorio y, adem\u00e1s, diversificar nuestra oferta program\u00e1tica para la regi\u00f3n, hoy podemos ofrecer una escuela de invierno con trece talleres para distintos p\u00fablicos de la comunidad, que tengan variados intereses, como arte, cultura, patrimonio, tecnolog\u00eda, ciencia, innovaci\u00f3n, y mucho m\u00e1s. Por otra parte, est\u00e1n las alianzas que se han ido fortaleciendo con organismos p\u00fablicos y privados, espacios culturales auto gestionados, entre otros, que tienen una identidad local muy relevante para la realizaci\u00f3n de estas actividades. Esto nos motiva a seguir trabajando para ofrecer mejores instancias de formaci\u00f3n y apreciaci\u00f3n art\u00edsticas a la mayor cantidad de p\u00fablico, con el fin de ir avanzando en descentralizar el arte, la cultura y la ciencia\u201d.<\/p>\n<p style=\"text-align: justify;\">Con el objetivo de fortalecer el v\u00ednculo con el territorio y las comunidades, se han establecido alianzas colaborativas para la realizaci\u00f3n de esta escuela de invierno, es por esta raz\u00f3n que colaboran con esta actividad el Centro Cultural de Coyhaique, la Escuela Teatro Austral, Z\u00edngara \u2013 Escuela de Danzas, Espacio Rituales\u00a0y la Librer\u00eda local Puerto Libro.<\/p>\n<p style=\"text-align: justify;\">En ese sentido, la directora del Proyecto Asociativo Regional (PAR) Explora Ays\u00e9n, Viviana Pizarro se\u00f1al\u00f3 la importancia que tienen estos espacios que buscan fortalecer la vinculaci\u00f3n con las comunidades de la regi\u00f3n de Ays\u00e9n, se\u00f1alando que: \u201cTrabajar en conjunto con organizaciones e instituciones y hacerlas parte de esta escuela de invierno enriquece la experiencia que estamos ofreciendo a las y los habitantes de los territorios donde estaremos presente y estrecha el v\u00ednculo y el compromiso que tenemos con la regi\u00f3n\u201d.<\/p>\n<p style=\"text-align: justify;\">Finalmente, cabe destacar que la Escuela de Invierno UACh 2022 apuesta a tener una programaci\u00f3n especializada con exponentes provenientes de distintas regiones del pa\u00eds para diversificar la oferta y el acceso a instancias formativas en los \u00e1mbitos de ciencia y arte en la regi\u00f3n.<\/p>\n<p style=\"text-align: justify;\">Para mayor informaci\u00f3n acerca de los talleres, programaci\u00f3n e inscripci\u00f3n de esta Escuela de Invierno pueden visitar el sitio web patagonia.uach.cl y explora.cl\/aysen. Dudas y consultas a los correos <a href=\"mailto:arteycultura.patagonia@uach.cl\">arteycultura.patagonia@uach.cl<\/a> y <a href=\"mailto:exploraysen@uach.cl\">exploraysen@uach.cl<\/a><\/p>\n<\/div><\/section><\/div><div  style='height:50px' class='hr hr-invisible   avia-builder-el-6  el_after_av_one_full  el_before_av_social_share '><span class='hr-inner ' ><span class='hr-inner-style'><\/span><\/span><\/div><\/p>\n<div  class='av-social-sharing-box  avia-builder-el-7  el_after_av_hr  el_before_av_hr  '><div class='av-share-box'><h5 class='av-share-link-description av-no-toc '>Compartir esta noticia<\/h5><ul class='av-share-box-list noLightbox'><li class='av-share-link av-social-link-facebook' ><a target=\"_blank\" aria-label=\"Compartir en Facebook\" href='https:\/\/www.facebook.com\/sharer.php?u=https:\/\/radiorevelacionfm.cl\/?p=18804&#038;t=Campus%20Patagonia%20realiza%20lanzamiento%20oficial%20de%20la%20Escuela%20de%20Invierno%20UACh%202022' aria-hidden='false' data-av_icon='\ue8f3' data-av_iconfont='entypo-fontello' title='' data-avia-related-tooltip='Compartir en Facebook' rel=\"noopener\"><span class='avia_hidden_link_text'>Compartir en Facebook<\/span><\/a><\/li><li class='av-share-link av-social-link-twitter' ><a target=\"_blank\" aria-label=\"Compartir en Twitter\" href='https:\/\/twitter.com\/share?text=Campus%20Patagonia%20realiza%20lanzamiento%20oficial%20de%20la%20Escuela%20de%20Invierno%20UACh%202022&#038;url=https:\/\/radiorevelacionfm.cl\/?p=18804' aria-hidden='false' data-av_icon='\ue8f1' data-av_iconfont='entypo-fontello' title='' data-avia-related-tooltip='Compartir en Twitter' rel=\"noopener\"><span class='avia_hidden_link_text'>Compartir en Twitter<\/span><\/a><\/li><li class='av-share-link av-social-link-whatsapp' ><a target=\"_blank\" aria-label=\"Compartir en Whatsapp\" href='https:\/\/api.whatsapp.com\/send?text=https:\/\/radiorevelacionfm.cl\/?p=18804' aria-hidden='false' data-av_icon='\uf232' data-av_iconfont='entypo-fontello' title='' data-avia-related-tooltip='Compartir en Whatsapp' rel=\"noopener\"><span class='avia_hidden_link_text'>Compartir en Whatsapp<\/span><\/a><\/li><li class='av-share-link av-social-link-linkedin' ><a target=\"_blank\" aria-label=\"Compartir en LinkedIn\" href='https:\/\/linkedin.com\/shareArticle?mini=true&#038;title=Campus%20Patagonia%20realiza%20lanzamiento%20oficial%20de%20la%20Escuela%20de%20Invierno%20UACh%202022&#038;url=https:\/\/radiorevelacionfm.cl\/?p=18804' aria-hidden='false' data-av_icon='\ue8fc' data-av_iconfont='entypo-fontello' title='' data-avia-related-tooltip='Compartir en LinkedIn' rel=\"noopener\"><span class='avia_hidden_link_text'>Compartir en LinkedIn<\/span><\/a><\/li><li class='av-share-link av-social-link-mail' ><a  aria-label=\"Compartir por correo\" href='mailto:?subject=Campus%20Patagonia%20realiza%20lanzamiento%20oficial%20de%20la%20Escuela%20de%20Invierno%20UACh%202022&#038;body=https:\/\/radiorevelacionfm.cl\/?p=18804' aria-hidden='false' data-av_icon='\ue805' data-av_iconfont='entypo-fontello' title='' data-avia-related-tooltip='Compartir por correo'><span class='avia_hidden_link_text'>Compartir por correo<\/span><\/a><\/li><\/ul><\/div><\/div>\n<div  style='height:50px' class='hr hr-invisible   avia-builder-el-8  el_after_av_social_share  el_before_av_comments_list '><span class='hr-inner ' ><span class='hr-inner-style'><\/span><\/span><\/div>\n<div  class='av-buildercomment  av-blog-meta-html-info-disabled av-blog-meta-tag-disabled  '><\/div>\n","protected":false},"excerpt":{"rendered":"","protected":false},"author":1,"featured_media":18805,"comment_status":"open","ping_status":"open","sticky":false,"template":"","format":"standard","meta":{"footnotes":""},"categories":[49],"tags":[],"class_list":["post-18804","post","type-post","status-publish","format-standard","has-post-thumbnail","hentry","category-educacion"],"jetpack_featured_media_url":"https:\/\/radiorevelacionfm.cl\/wp-content\/uploads\/2022\/07\/punto-prensa-1-1_optimized.jpg","_links":{"self":[{"href":"https:\/\/radiorevelacionfm.cl\/index.php?rest_route=\/wp\/v2\/posts\/18804","targetHints":{"allow":["GET"]}}],"collection":[{"href":"https:\/\/radiorevelacionfm.cl\/index.php?rest_route=\/wp\/v2\/posts"}],"about":[{"href":"https:\/\/radiorevelacionfm.cl\/index.php?rest_route=\/wp\/v2\/types\/post"}],"author":[{"embeddable":true,"href":"https:\/\/radiorevelacionfm.cl\/index.php?rest_route=\/wp\/v2\/users\/1"}],"replies":[{"embeddable":true,"href":"https:\/\/radiorevelacionfm.cl\/index.php?rest_route=%2Fwp%2Fv2%2Fcomments&post=18804"}],"version-history":[{"count":2,"href":"https:\/\/radiorevelacionfm.cl\/index.php?rest_route=\/wp\/v2\/posts\/18804\/revisions"}],"predecessor-version":[{"id":18807,"href":"https:\/\/radiorevelacionfm.cl\/index.php?rest_route=\/wp\/v2\/posts\/18804\/revisions\/18807"}],"wp:featuredmedia":[{"embeddable":true,"href":"https:\/\/radiorevelacionfm.cl\/index.php?rest_route=\/wp\/v2\/media\/18805"}],"wp:attachment":[{"href":"https:\/\/radiorevelacionfm.cl\/index.php?rest_route=%2Fwp%2Fv2%2Fmedia&parent=18804"}],"wp:term":[{"taxonomy":"category","embeddable":true,"href":"https:\/\/radiorevelacionfm.cl\/index.php?rest_route=%2Fwp%2Fv2%2Fcategories&post=18804"},{"taxonomy":"post_tag","embeddable":true,"href":"https:\/\/radiorevelacionfm.cl\/index.php?rest_route=%2Fwp%2Fv2%2Ftags&post=18804"}],"curies":[{"name":"wp","href":"https:\/\/api.w.org\/{rel}","templated":true}]}}