{"id":18796,"date":"2022-07-04T13:18:57","date_gmt":"2022-07-04T16:18:57","guid":{"rendered":"https:\/\/radiorevelacionfm.cl\/?p=18796"},"modified":"2022-07-04T13:59:41","modified_gmt":"2022-07-04T16:59:41","slug":"hoja-de-ruta-en-ciencia-y-tecnologia-avanza-con-aportes-de-las-comunidades-de-aysen-y-magallanes","status":"publish","type":"post","link":"https:\/\/radiorevelacionfm.cl\/?p=18796","title":{"rendered":"Hoja de Ruta en Ciencia y Tecnolog\u00eda avanza con aportes de las comunidades de Ays\u00e9n y Magallanes"},"content":{"rendered":"<div class=\"flex_column av_one_full  flex_column_div av-zero-column-padding first  avia-builder-el-0  el_before_av_one_full  avia-builder-el-first  \" style='border-radius:0px; '><div  class='avia-image-container  av-styling-    avia-builder-el-1  avia-builder-el-no-sibling  avia-align-center '  itemprop=\"image\" itemscope=\"itemscope\" itemtype=\"https:\/\/schema.org\/ImageObject\"  ><div class='avia-image-container-inner'><div class='avia-image-overlay-wrap'><img decoding=\"async\" class='wp-image-18801 avia-img-lazy-loading-not-18801 avia_image' src=\"https:\/\/radiorevelacionfm.cl\/wp-content\/uploads\/2022\/07\/29-junio-nodo-01-1_optimized-2.jpg\" alt='' title='29-junio-nodo-01-(1)_optimized (2)' height=\"600\" width=\"810\"  itemprop=\"thumbnailUrl\" srcset=\"https:\/\/radiorevelacionfm.cl\/wp-content\/uploads\/2022\/07\/29-junio-nodo-01-1_optimized-2.jpg 810w, https:\/\/radiorevelacionfm.cl\/wp-content\/uploads\/2022\/07\/29-junio-nodo-01-1_optimized-2-300x222.jpg 300w, https:\/\/radiorevelacionfm.cl\/wp-content\/uploads\/2022\/07\/29-junio-nodo-01-1_optimized-2-768x569.jpg 768w, https:\/\/radiorevelacionfm.cl\/wp-content\/uploads\/2022\/07\/29-junio-nodo-01-1_optimized-2-705x522.jpg 705w, https:\/\/radiorevelacionfm.cl\/wp-content\/uploads\/2022\/07\/29-junio-nodo-01-1_optimized-2-600x444.jpg 600w\" sizes=\"(max-width: 810px) 100vw, 810px\" \/><\/div><\/div><\/div><\/div><div class=\"flex_column av_one_full  flex_column_div av-zero-column-padding first  avia-builder-el-2  el_after_av_one_full  el_before_av_one_full  column-top-margin\" style='border-radius:0px; '><section class=\"av_textblock_section \"  itemscope=\"itemscope\" itemtype=\"https:\/\/schema.org\/BlogPosting\" itemprop=\"blogPost\" ><div class='avia_textblock  '   itemprop=\"text\" ><p style=\"text-align: center;\"><strong><span style=\"font-size: 18pt;\">Hoja de Ruta en Ciencia y Tecnolog\u00eda avanza con aportes de las comunidades de Ays\u00e9n y Magallanes<\/span><\/strong><\/p>\n<div id=\"gtx-trans\" style=\"position: absolute; left: -50px; top: 4.31534px;\">\n<div class=\"gtx-trans-icon\"><\/div>\n<\/div>\n<\/div><\/section><\/div><\/p>\n<div class=\"flex_column av_one_full  flex_column_div av-zero-column-padding first  avia-builder-el-4  el_after_av_one_full  el_before_av_hr  column-top-margin\" style='border-radius:0px; '><section class=\"av_textblock_section \"  itemscope=\"itemscope\" itemtype=\"https:\/\/schema.org\/BlogPosting\" itemprop=\"blogPost\" ><div class='avia_textblock  '   itemprop=\"text\" ><p style=\"text-align: justify;\">Con la premisa que la Hoja de Ruta (HDR) es de todos los habitantes de las regiones de Ays\u00e9n y Magallanes y la Ant\u00e1rtica Chilena, se realiz\u00f3 una fruct\u00edfera jornada ampliada del Comit\u00e9 de Coordinaci\u00f3n Macrozonal, instancia en la que se identificaron nuevos \u00e1mbitos y potenciales iniciativas que permitir\u00e1n fortalecer los programas de ciencia, tecnolog\u00eda, conocimiento e innovaci\u00f3n que hasta ahora ha recogido la HDR, instrumento construido de manera participativa y que permitir\u00e1 contar con una cartera de programas y proyectos para la planificaci\u00f3n macrozonal en materia de CTCI hacia el a\u00f1o 2030.<\/p>\n<p style=\"text-align: justify;\">De esta manera, se propusieron ajustes a la Hoja de Ruta para ampliar \u00e1reas tales como salud, educaci\u00f3n, migraci\u00f3n, energ\u00eda, pesca, entre otras. En este sentido, el director del proyecto e investigador de la Universidad de Magallanes, Dr. Juan Carlos Aravena, destac\u00f3 la gran convocatoria de la jornada y la participaci\u00f3n de nuevos actores relevantes, quienes contribuyeron al di\u00e1logo y desarrollo del taller. Adem\u00e1s, se\u00f1al\u00f3 que esta actividad \u201creafirma la tradici\u00f3n y la cultura participativa del proyecto, permiti\u00e9ndonos obtener un resultado cada vez m\u00e1s validado por la comunidad de nuestra macrozona\u201d.<\/p>\n<p style=\"text-align: justify;\"><strong>Fortalecer el ecosistema cient\u00edfico <\/strong><\/p>\n<p style=\"text-align: justify;\">Como cada mes, el Comit\u00e9 de Coordinaci\u00f3n Macrozonal -esta vez en su versi\u00f3n ampliada- cont\u00f3 con la participaci\u00f3n activa de la Seremi de Ciencia de la Macrozona Austral, Ver\u00f3nica Vallejos. Durante la jornada, la autoridad birregional coment\u00f3: \u201cen primer lugar, quiero felicitar al equipo del Nodo por el avance mostrado, que ha sido bastante sustantivo, conllevando much\u00edsimo trabajo. Ahora queda m\u00e1s trabajo todav\u00eda por hacer, considerando todo lo que han planteado los asistentes en este taller, lo que permitir\u00e1 dar un mayor realce al Nodo. Pongo toda la disposici\u00f3n y disponibilidad de esta Seremi para seguir apoyando el trabajo que realiza Nodo Ciencia Austral\u201d. Tras el \u00e9xito de la jornada, tal como asever\u00f3 la Seremi, comienza un arduo trabajo de sistematizaci\u00f3n de los resultados obtenidos, que ser\u00e1n incorporados en la Hoja de Ruta. Pr\u00f3ximamente, se convocar\u00e1 a nuevos talleres para continuar nutriendo este instrumento, que permitir\u00e1 fortalecer el ecosistema cient\u00edfico-tecnol\u00f3gico a trav\u00e9s de procesos participativos con las comunidades de las regiones australes.<\/p>\n<p style=\"text-align: justify;\"><strong>Desde humedales a patrimonio cultural<\/strong><\/p>\n<p style=\"text-align: justify;\">Migraciones y cambio clim\u00e1tico, miner\u00eda y medioambiente, seguridad alimentaria, agricultura familiar campesina, patrimonio cultural, ciencia aplicada en el rubro pesquero, estudio de humedales y disponibilidad de recursos h\u00eddricos, fueron algunas de las tem\u00e1ticas levantadas por el equipo de Nodo Ciencia Austral durante el taller. Se trabaj\u00f3 en base a preguntas que los participantes fueron discutiendo a trav\u00e9s de una plataforma interactiva, expresando sus opiniones y aportes que coincid\u00edan en temas que no estaban considerados en la fase diagn\u00f3stica y por ende tampoco en la Hoja de Ruta, contribuciones que fueron recogidas por el investigador Eduardo Barros, quien lidera la construcci\u00f3n de este instrumento.<\/p>\n<p style=\"text-align: justify;\">Uno de los participantes, el representante de CorpAys\u00e9n, Fernando Camiruaga, quien se sumaba por primera vez a las actividades de Nodo Ciencia Austral, coment\u00f3:\u00a0 \u201cpara nosotros como instituci\u00f3n el haber participado en esta reuni\u00f3n de la Hoja de Ruta es importante, dado que se genera una instancia en donde poder incorporar ciertos temas de preocupaci\u00f3n para el sector que representamos, por ejemplo el poder incorporar la ciencia, la tecnolog\u00eda y la academia en el sector acu\u00edcola y pesquero es muy importante para el desarrollo de las actividades en forma sustentable y en donde haya participaci\u00f3n de los distintos actores de la sociedad\u201d. Otra de las invitadas al taller, Alexandra Espinosa, asesora del Centro de Formaci\u00f3n T\u00e9cnica Estatal de Magallanes (CFT), destac\u00f3 que \u201cel levantamiento de la Hoja de Ruta permitir\u00e1 que instituciones de educaci\u00f3n superior, como lo es el CFT estatal de Magallanes, pueda identificar, detectar las capacidades y las necesidades existentes en la macrozona austral. Tambi\u00e9n en el futuro permitir\u00e1 levantar y promover instancias de transferencia de tecnolog\u00eda, de conocimiento donde se propicien la innovaci\u00f3n y tambi\u00e9n la conexi\u00f3n entre sector p\u00fablico y privado y, por supuesto, la conexi\u00f3n entre la ciudadan\u00eda\u201d.<\/p>\n<p style=\"text-align: justify;\">Finalmente, cabe se\u00f1alar que el proyecto Nodo Ciencia Austral es una iniciativa ejecutada por la Universidad de Magallanes, la Universidad de Ays\u00e9n, el Instituto Ant\u00e1rtico Chileno (INACH) y el Centro de Investigaci\u00f3n en Ecosistemas de la Patagonia (CIEP), con financiamiento de la Agencia Nacional de Investigaci\u00f3n y Desarrollo (ANID).<\/p>\n<\/div><\/section><\/div>\n<div  style='height:50px' class='hr hr-invisible   avia-builder-el-6  el_after_av_one_full  el_before_av_social_share '><span class='hr-inner ' ><span class='hr-inner-style'><\/span><\/span><\/div>\n<div  class='av-social-sharing-box  avia-builder-el-7  el_after_av_hr  el_before_av_hr  '><div class='av-share-box'><h5 class='av-share-link-description av-no-toc '>Compartir esta noticia<\/h5><ul class='av-share-box-list noLightbox'><li class='av-share-link av-social-link-facebook' ><a target=\"_blank\" aria-label=\"Compartir en Facebook\" href='https:\/\/www.facebook.com\/sharer.php?u=https:\/\/radiorevelacionfm.cl\/?p=18796&#038;t=Hoja%20de%20Ruta%20en%20Ciencia%20y%20Tecnolog%C3%ADa%20avanza%20con%20aportes%20de%20las%20comunidades%20de%20Ays%C3%A9n%20y%20Magallanes' aria-hidden='false' data-av_icon='\ue8f3' data-av_iconfont='entypo-fontello' title='' data-avia-related-tooltip='Compartir en Facebook' rel=\"noopener\"><span class='avia_hidden_link_text'>Compartir en Facebook<\/span><\/a><\/li><li class='av-share-link av-social-link-twitter' ><a target=\"_blank\" aria-label=\"Compartir en Twitter\" href='https:\/\/twitter.com\/share?text=Hoja%20de%20Ruta%20en%20Ciencia%20y%20Tecnolog%C3%ADa%20avanza%20con%20aportes%20de%20las%20comunidades%20de%20Ays%C3%A9n%20y%20Magallanes&#038;url=https:\/\/radiorevelacionfm.cl\/?p=18796' aria-hidden='false' data-av_icon='\ue8f1' data-av_iconfont='entypo-fontello' title='' data-avia-related-tooltip='Compartir en Twitter' rel=\"noopener\"><span class='avia_hidden_link_text'>Compartir en Twitter<\/span><\/a><\/li><li class='av-share-link av-social-link-whatsapp' ><a target=\"_blank\" aria-label=\"Compartir en Whatsapp\" href='https:\/\/api.whatsapp.com\/send?text=https:\/\/radiorevelacionfm.cl\/?p=18796' aria-hidden='false' data-av_icon='\uf232' data-av_iconfont='entypo-fontello' title='' data-avia-related-tooltip='Compartir en Whatsapp' rel=\"noopener\"><span class='avia_hidden_link_text'>Compartir en Whatsapp<\/span><\/a><\/li><li class='av-share-link av-social-link-linkedin' ><a target=\"_blank\" aria-label=\"Compartir en LinkedIn\" href='https:\/\/linkedin.com\/shareArticle?mini=true&#038;title=Hoja%20de%20Ruta%20en%20Ciencia%20y%20Tecnolog%C3%ADa%20avanza%20con%20aportes%20de%20las%20comunidades%20de%20Ays%C3%A9n%20y%20Magallanes&#038;url=https:\/\/radiorevelacionfm.cl\/?p=18796' aria-hidden='false' data-av_icon='\ue8fc' data-av_iconfont='entypo-fontello' title='' data-avia-related-tooltip='Compartir en LinkedIn' rel=\"noopener\"><span class='avia_hidden_link_text'>Compartir en LinkedIn<\/span><\/a><\/li><li class='av-share-link av-social-link-mail' ><a  aria-label=\"Compartir por correo\" href='mailto:?subject=Hoja%20de%20Ruta%20en%20Ciencia%20y%20Tecnolog%C3%ADa%20avanza%20con%20aportes%20de%20las%20comunidades%20de%20Ays%C3%A9n%20y%20Magallanes&#038;body=https:\/\/radiorevelacionfm.cl\/?p=18796' aria-hidden='false' data-av_icon='\ue805' data-av_iconfont='entypo-fontello' title='' data-avia-related-tooltip='Compartir por correo'><span class='avia_hidden_link_text'>Compartir por correo<\/span><\/a><\/li><\/ul><\/div><\/div>\n<div  style='height:50px' class='hr hr-invisible   avia-builder-el-8  el_after_av_social_share  el_before_av_comments_list '><span class='hr-inner ' ><span class='hr-inner-style'><\/span><\/span><\/div>\n<div  class='av-buildercomment  av-blog-meta-html-info-disabled av-blog-meta-tag-disabled  '><\/div>\n","protected":false},"excerpt":{"rendered":"","protected":false},"author":1,"featured_media":18801,"comment_status":"open","ping_status":"open","sticky":false,"template":"","format":"standard","meta":{"footnotes":""},"categories":[53],"tags":[],"class_list":["post-18796","post","type-post","status-publish","format-standard","has-post-thumbnail","hentry","category-ciencia"],"jetpack_featured_media_url":"https:\/\/radiorevelacionfm.cl\/wp-content\/uploads\/2022\/07\/29-junio-nodo-01-1_optimized-2.jpg","_links":{"self":[{"href":"https:\/\/radiorevelacionfm.cl\/index.php?rest_route=\/wp\/v2\/posts\/18796","targetHints":{"allow":["GET"]}}],"collection":[{"href":"https:\/\/radiorevelacionfm.cl\/index.php?rest_route=\/wp\/v2\/posts"}],"about":[{"href":"https:\/\/radiorevelacionfm.cl\/index.php?rest_route=\/wp\/v2\/types\/post"}],"author":[{"embeddable":true,"href":"https:\/\/radiorevelacionfm.cl\/index.php?rest_route=\/wp\/v2\/users\/1"}],"replies":[{"embeddable":true,"href":"https:\/\/radiorevelacionfm.cl\/index.php?rest_route=%2Fwp%2Fv2%2Fcomments&post=18796"}],"version-history":[{"count":3,"href":"https:\/\/radiorevelacionfm.cl\/index.php?rest_route=\/wp\/v2\/posts\/18796\/revisions"}],"predecessor-version":[{"id":18799,"href":"https:\/\/radiorevelacionfm.cl\/index.php?rest_route=\/wp\/v2\/posts\/18796\/revisions\/18799"}],"wp:featuredmedia":[{"embeddable":true,"href":"https:\/\/radiorevelacionfm.cl\/index.php?rest_route=\/wp\/v2\/media\/18801"}],"wp:attachment":[{"href":"https:\/\/radiorevelacionfm.cl\/index.php?rest_route=%2Fwp%2Fv2%2Fmedia&parent=18796"}],"wp:term":[{"taxonomy":"category","embeddable":true,"href":"https:\/\/radiorevelacionfm.cl\/index.php?rest_route=%2Fwp%2Fv2%2Fcategories&post=18796"},{"taxonomy":"post_tag","embeddable":true,"href":"https:\/\/radiorevelacionfm.cl\/index.php?rest_route=%2Fwp%2Fv2%2Ftags&post=18796"}],"curies":[{"name":"wp","href":"https:\/\/api.w.org\/{rel}","templated":true}]}}