{"id":18788,"date":"2022-07-04T10:38:17","date_gmt":"2022-07-04T13:38:17","guid":{"rendered":"https:\/\/radiorevelacionfm.cl\/?p=18788"},"modified":"2022-07-04T10:38:17","modified_gmt":"2022-07-04T13:38:17","slug":"seremi-de-agricultura-realizo-visita-a-productores-y-programas-emblematicos-en-chile-chico","status":"publish","type":"post","link":"https:\/\/radiorevelacionfm.cl\/?p=18788","title":{"rendered":"Seremi de Agricultura realiz\u00f3 visita a productores\/ y programas emblem\u00e1ticos en Chile Chico"},"content":{"rendered":"<div class=\"flex_column av_one_full  flex_column_div av-zero-column-padding first  avia-builder-el-0  el_before_av_one_full  avia-builder-el-first  \" style='border-radius:0px; '><div  class='avia-image-container  av-styling-    avia-builder-el-1  avia-builder-el-no-sibling  avia-align-center '  itemprop=\"image\" itemscope=\"itemscope\" itemtype=\"https:\/\/schema.org\/ImageObject\"  ><div class='avia-image-container-inner'><div class='avia-image-overlay-wrap'><img decoding=\"async\" class='wp-image-18789 avia-img-lazy-loading-not-18789 avia_image' src=\"https:\/\/radiorevelacionfm.cl\/wp-content\/uploads\/2022\/07\/z9a9115-1_optimized.jpg\" alt='' title='_z9a9115-(1)_optimized' height=\"600\" width=\"864\"  itemprop=\"thumbnailUrl\" srcset=\"https:\/\/radiorevelacionfm.cl\/wp-content\/uploads\/2022\/07\/z9a9115-1_optimized.jpg 864w, https:\/\/radiorevelacionfm.cl\/wp-content\/uploads\/2022\/07\/z9a9115-1_optimized-300x208.jpg 300w, https:\/\/radiorevelacionfm.cl\/wp-content\/uploads\/2022\/07\/z9a9115-1_optimized-768x533.jpg 768w, https:\/\/radiorevelacionfm.cl\/wp-content\/uploads\/2022\/07\/z9a9115-1_optimized-705x490.jpg 705w, https:\/\/radiorevelacionfm.cl\/wp-content\/uploads\/2022\/07\/z9a9115-1_optimized-600x417.jpg 600w\" sizes=\"(max-width: 864px) 100vw, 864px\" \/><\/div><\/div><\/div><\/div><div class=\"flex_column av_one_full  flex_column_div av-zero-column-padding first  avia-builder-el-2  el_after_av_one_full  el_before_av_one_full  column-top-margin\" style='border-radius:0px; '><section class=\"av_textblock_section \"  itemscope=\"itemscope\" itemtype=\"https:\/\/schema.org\/BlogPosting\" itemprop=\"blogPost\" ><div class='avia_textblock  '   itemprop=\"text\" ><p style=\"text-align: center;\"><span style=\"font-size: 18pt;\"><b>Seremi de Agricultura realiz\u00f3 visita a productores\/ y programas emblem\u00e1ticos en Chile Chico\u00a0<\/b><\/span><\/p>\n<div id=\"gtx-trans\" style=\"position: absolute; left: -50px; top: 4.31534px;\">\n<div class=\"gtx-trans-icon\"><\/div>\n<\/div>\n<\/div><\/section><\/div><div class=\"flex_column av_one_full  flex_column_div av-zero-column-padding first  avia-builder-el-4  el_after_av_one_full  el_before_av_hr  column-top-margin\" style='border-radius:0px; '><section class=\"av_textblock_section \"  itemscope=\"itemscope\" itemtype=\"https:\/\/schema.org\/BlogPosting\" itemprop=\"blogPost\" ><div class='avia_textblock  '   itemprop=\"text\" ><p style=\"text-align: justify;\">Dar a conocer los lineamientos del Ministerio de Agricultura y los programas de apoyo para las productoras\/es de la comuna, fue parte del trabajo en terreno realizado por el Secretario Regional Ministerial\u00a0 de Agricultura, Alan Espinoza Ortiz, en reciente visita a Chile Chico.<\/p>\n<p style=\"text-align: justify;\">Afianzar la asociatividad para mejorar la aplicaci\u00f3n de las pol\u00edticas p\u00fablicas, fue parte de la conversaci\u00f3n sostenida con los dirigentes de la Asociaci\u00f3n Gremial de Chacareros y Ganaderos del Lago General Carrera que desde el a\u00f1o 1989, aglutina a agricultores\/as, horticultores y artesanas del valle de Chile Chico y Bah\u00eda Jara, entidad\u00a0que re\u00fane a cerca de 26 campesinos y que a trav\u00e9s de Indap han impulsado compras de maquinarias entre otras acciones de apoyo a sus asociados.<\/p>\n<p style=\"text-align: justify;\">En este sentido, Jaime Tapia, presidente de la organizaci\u00f3n sintetiz\u00f3 que, dentro de los planteamientos expresados a la autoridad sectorial, est\u00e1 la necesidad de capacitaci\u00f3n para operadores.<\/p>\n<p style=\"text-align: justify;\">\u00abSe le plante\u00f3 varios temas y bueno y el principal que tenemos el tema de los operadores, que se llev\u00f3 como una tarea. Ojal\u00e1 que salga todo bien porque nos hace falta. Hay tres tractores, dos grandes, uno chico. De ah\u00ed tenemos una enfardadora un arado de cinco y una segadora que es la cortadora de pasto\u00bb, expres\u00f3.<\/p>\n<p style=\"text-align: justify;\">Por su parte la productora hort\u00edcola, Gloria Becerra, integrante de la asociaci\u00f3n, en\u00a0el marco de la visita a su predio, resalt\u00f3 la posibilidad de abordar las tem\u00e1ticas del sector.<\/p>\n<p style=\"text-align: justify;\">\u00abMe pareci\u00f3 super bien la visita del Ministerio de Agricultura a una agricultora que por mucho tiempo ha estado trabajando en esto, sobre todo emprendiendo e innovando en el campo, en lo productivo. Tambi\u00e9n amarrando ideas de c\u00f3mo poder avanzar en el campo, en que nuestras producciones sean de mejor calidad, que tambi\u00e9n requieran menos esfuerzo f\u00edsico\u00bb, sostuvo.<\/p>\n<p style=\"text-align: justify;\">En este sentido, el Seremi de Agricultura, junto con valorar los encuentros, resalt\u00f3 la posibilidad de consolidar la pol\u00edtica p\u00fablica.<\/p>\n<p style=\"text-align: justify;\">\u00abHemos realizado\u00a0una serie de encuentros, en\u00a0toda la regi\u00f3n, con\u00a0diversas organizaciones buscando consolidar una pol\u00edtica p\u00fablica que nace y se nutre del contacto con los y las productoras del territorio. En encuentros donde hemos dado a conocer nuestras bater\u00edas de programas que buscan el desarrollo y buen vivir de las y los productores\u00bb, se\u00f1al\u00f3 Espinoza.<\/p>\n<p style=\"text-align: justify;\"><b>Encuentro con trabajadoras\/es del Vivero \u00a0<\/b><\/p>\n<p style=\"text-align: justify;\">Asimismo, dentro de las actividades desarrolladas, el\u00a0seremi del ramo visit\u00f3 las instalaciones del Vivero y Huerto Clonal Augusto Falcon, de la Corporaci\u00f3n Nacional Forestal en la comuna. El cual mediante fondos del Gobierno Regional elabora dos mil \u00a0pulgadas de madera y 566 metros de le\u00f1a para ser entregados a la municipalidad de Chile Chico para acciones sociales. Donde trabajan 42 personas en faenas que adem\u00e1s de la elaboraci\u00f3n de productos buscan recuperar especies nativas, tal como lo destac\u00f3 la trabajadora Clementina Vargas.<\/p>\n<p style=\"text-align: justify;\">\u00abNosotros aqu\u00ed nos dedicamos sobre todo a la planta, a las plantaciones. Nos traen las\u00a0plantas chicas, nosotros las vamos reubicando en bolsas grande que despu\u00e9s pasan a ser plantadas en forestal, arriba en la Reserva (Jeinimeni). Ya llevo tres a\u00f1os, muy contenta, mucho respeto, mucho compa\u00f1erismo con todas las colegas y colegas hombres. Todos trabajamos casi juntos, pero en diferentes \u00e1reas\u00bb, precis\u00f3.<\/p>\n<p style=\"text-align: justify;\">Asimismo, en el marco de esta visita, Alan Espinoza Ortiz, se reuni\u00f3 con los funcionarios\/as de los servicios del agro presentes en la localidad. En encuentros donde se abord\u00f3 el trabajo preventivo en el Paso Fronterizo Jeinimeni por parte del Servicio Agr\u00edcola y Ganadero SAG; los diversos planes y programas de apoyo impulsados por Indap y el proyecto de mejoramiento del sector Jeinimeni, impulsado por Conaf, pronto a licitar un sendero interpretativo de ocho kil\u00f3metros.<\/p>\n<p style=\"text-align: justify;\">\u00abEl fortalecimiento de la agricultura familiar campesina, la competitividad en base a la innovaci\u00f3n, la seguridad y soberan\u00eda alimentaria, el desarrollo forestal, son parte de los lineamientos de nuestro ministerio. En este sentido contar con profesionales y t\u00e9cnicos, como los que trabajan d\u00eda a d\u00eda a lo largo de nuestro territorio en las comunas, en toda nuestra regi\u00f3n, son un gran aliciente para poder en conjunto con los productores\/as avanzar en la construcci\u00f3n de una mejor agricultura para todos y todas\u00bb, sentenci\u00f3.<\/p>\n<\/div><\/section><\/div><div  style='height:50px' class='hr hr-invisible   avia-builder-el-6  el_after_av_one_full  el_before_av_social_share '><span class='hr-inner ' ><span class='hr-inner-style'><\/span><\/span><\/div><\/p>\n<div  class='av-social-sharing-box  avia-builder-el-7  el_after_av_hr  el_before_av_hr  '><div class='av-share-box'><h5 class='av-share-link-description av-no-toc '>Compartir esta noticia<\/h5><ul class='av-share-box-list noLightbox'><li class='av-share-link av-social-link-facebook' ><a target=\"_blank\" aria-label=\"Compartir en Facebook\" href='https:\/\/www.facebook.com\/sharer.php?u=https:\/\/radiorevelacionfm.cl\/?p=18788&#038;t=Seremi%20de%20Agricultura%20realiz%C3%B3%20visita%20a%20productores%2F%20y%20programas%20emblem%C3%A1ticos%20en%20Chile%20Chico' aria-hidden='false' data-av_icon='\ue8f3' data-av_iconfont='entypo-fontello' title='' data-avia-related-tooltip='Compartir en Facebook' rel=\"noopener\"><span class='avia_hidden_link_text'>Compartir en Facebook<\/span><\/a><\/li><li class='av-share-link av-social-link-twitter' ><a target=\"_blank\" aria-label=\"Compartir en Twitter\" href='https:\/\/twitter.com\/share?text=Seremi%20de%20Agricultura%20realiz%C3%B3%20visita%20a%20productores%2F%20y%20programas%20emblem%C3%A1ticos%20en%20Chile%20Chico&#038;url=https:\/\/radiorevelacionfm.cl\/?p=18788' aria-hidden='false' data-av_icon='\ue8f1' data-av_iconfont='entypo-fontello' title='' data-avia-related-tooltip='Compartir en Twitter' rel=\"noopener\"><span class='avia_hidden_link_text'>Compartir en Twitter<\/span><\/a><\/li><li class='av-share-link av-social-link-whatsapp' ><a target=\"_blank\" aria-label=\"Compartir en Whatsapp\" href='https:\/\/api.whatsapp.com\/send?text=https:\/\/radiorevelacionfm.cl\/?p=18788' aria-hidden='false' data-av_icon='\uf232' data-av_iconfont='entypo-fontello' title='' data-avia-related-tooltip='Compartir en Whatsapp' rel=\"noopener\"><span class='avia_hidden_link_text'>Compartir en Whatsapp<\/span><\/a><\/li><li class='av-share-link av-social-link-linkedin' ><a target=\"_blank\" aria-label=\"Compartir en LinkedIn\" href='https:\/\/linkedin.com\/shareArticle?mini=true&#038;title=Seremi%20de%20Agricultura%20realiz%C3%B3%20visita%20a%20productores%2F%20y%20programas%20emblem%C3%A1ticos%20en%20Chile%20Chico&#038;url=https:\/\/radiorevelacionfm.cl\/?p=18788' aria-hidden='false' data-av_icon='\ue8fc' data-av_iconfont='entypo-fontello' title='' data-avia-related-tooltip='Compartir en LinkedIn' rel=\"noopener\"><span class='avia_hidden_link_text'>Compartir en LinkedIn<\/span><\/a><\/li><li class='av-share-link av-social-link-mail' ><a  aria-label=\"Compartir por correo\" href='mailto:?subject=Seremi%20de%20Agricultura%20realiz%C3%B3%20visita%20a%20productores%2F%20y%20programas%20emblem%C3%A1ticos%20en%20Chile%20Chico&#038;body=https:\/\/radiorevelacionfm.cl\/?p=18788' aria-hidden='false' data-av_icon='\ue805' data-av_iconfont='entypo-fontello' title='' data-avia-related-tooltip='Compartir por correo'><span class='avia_hidden_link_text'>Compartir por correo<\/span><\/a><\/li><\/ul><\/div><\/div>\n<div  style='height:50px' class='hr hr-invisible   avia-builder-el-8  el_after_av_social_share  el_before_av_comments_list '><span class='hr-inner ' ><span class='hr-inner-style'><\/span><\/span><\/div>\n<div  class='av-buildercomment  av-blog-meta-html-info-disabled av-blog-meta-tag-disabled  '><\/div>\n","protected":false},"excerpt":{"rendered":"","protected":false},"author":1,"featured_media":18789,"comment_status":"open","ping_status":"open","sticky":false,"template":"","format":"standard","meta":{"footnotes":""},"categories":[58],"tags":[],"class_list":["post-18788","post","type-post","status-publish","format-standard","has-post-thumbnail","hentry","category-agricultura"],"jetpack_featured_media_url":"https:\/\/radiorevelacionfm.cl\/wp-content\/uploads\/2022\/07\/z9a9115-1_optimized.jpg","_links":{"self":[{"href":"https:\/\/radiorevelacionfm.cl\/index.php?rest_route=\/wp\/v2\/posts\/18788","targetHints":{"allow":["GET"]}}],"collection":[{"href":"https:\/\/radiorevelacionfm.cl\/index.php?rest_route=\/wp\/v2\/posts"}],"about":[{"href":"https:\/\/radiorevelacionfm.cl\/index.php?rest_route=\/wp\/v2\/types\/post"}],"author":[{"embeddable":true,"href":"https:\/\/radiorevelacionfm.cl\/index.php?rest_route=\/wp\/v2\/users\/1"}],"replies":[{"embeddable":true,"href":"https:\/\/radiorevelacionfm.cl\/index.php?rest_route=%2Fwp%2Fv2%2Fcomments&post=18788"}],"version-history":[{"count":2,"href":"https:\/\/radiorevelacionfm.cl\/index.php?rest_route=\/wp\/v2\/posts\/18788\/revisions"}],"predecessor-version":[{"id":18794,"href":"https:\/\/radiorevelacionfm.cl\/index.php?rest_route=\/wp\/v2\/posts\/18788\/revisions\/18794"}],"wp:featuredmedia":[{"embeddable":true,"href":"https:\/\/radiorevelacionfm.cl\/index.php?rest_route=\/wp\/v2\/media\/18789"}],"wp:attachment":[{"href":"https:\/\/radiorevelacionfm.cl\/index.php?rest_route=%2Fwp%2Fv2%2Fmedia&parent=18788"}],"wp:term":[{"taxonomy":"category","embeddable":true,"href":"https:\/\/radiorevelacionfm.cl\/index.php?rest_route=%2Fwp%2Fv2%2Fcategories&post=18788"},{"taxonomy":"post_tag","embeddable":true,"href":"https:\/\/radiorevelacionfm.cl\/index.php?rest_route=%2Fwp%2Fv2%2Ftags&post=18788"}],"curies":[{"name":"wp","href":"https:\/\/api.w.org\/{rel}","templated":true}]}}