{"id":18786,"date":"2022-07-03T19:49:12","date_gmt":"2022-07-03T22:49:12","guid":{"rendered":"https:\/\/radiorevelacionfm.cl\/?p=18786"},"modified":"2022-07-03T19:49:12","modified_gmt":"2022-07-03T22:49:12","slug":"activan-plan-de-contingencia-para-conectividad-en-lago-general-carrera","status":"publish","type":"post","link":"https:\/\/radiorevelacionfm.cl\/?p=18786","title":{"rendered":"Activan Plan de Contingencia para conectividad en Lago General Carrera"},"content":{"rendered":"<div class=\"flex_column av_one_full  flex_column_div av-zero-column-padding first  avia-builder-el-0  el_before_av_one_full  avia-builder-el-first  \" style='border-radius:0px; '><div  class='avia-image-container  av-styling-    avia-builder-el-1  avia-builder-el-no-sibling  avia-align-center '  itemprop=\"image\" itemscope=\"itemscope\" itemtype=\"https:\/\/schema.org\/ImageObject\"  ><div class='avia-image-container-inner'><div class='avia-image-overlay-wrap'><img decoding=\"async\" class='wp-image-11057 avia-img-lazy-loading-not-11057 avia_image' src=\"https:\/\/radiorevelacionfm.cl\/wp-content\/uploads\/2021\/11\/Pilchero-2021-11-20-1-1.jpeg\" alt='' title='Pilchero 2021-11-20 (1) (1)' height=\"600\" width=\"677\"  itemprop=\"thumbnailUrl\" srcset=\"https:\/\/radiorevelacionfm.cl\/wp-content\/uploads\/2021\/11\/Pilchero-2021-11-20-1-1.jpeg 677w, https:\/\/radiorevelacionfm.cl\/wp-content\/uploads\/2021\/11\/Pilchero-2021-11-20-1-1-300x266.jpeg 300w, https:\/\/radiorevelacionfm.cl\/wp-content\/uploads\/2021\/11\/Pilchero-2021-11-20-1-1-600x532.jpeg 600w\" sizes=\"(max-width: 677px) 100vw, 677px\" \/><\/div><\/div><\/div><\/div><div class=\"flex_column av_one_full  flex_column_div av-zero-column-padding first  avia-builder-el-2  el_after_av_one_full  el_before_av_one_full  column-top-margin\" style='border-radius:0px; '><section class=\"av_textblock_section \"  itemscope=\"itemscope\" itemtype=\"https:\/\/schema.org\/BlogPosting\" itemprop=\"blogPost\" ><div class='avia_textblock  '   itemprop=\"text\" ><p style=\"text-align: center;\"><strong><span style=\"font-size: 18pt;\">Activan Plan de Contingencia para conectividad en Lago General Carrera<\/span><\/strong><\/p>\n<div id=\"gtx-trans\" style=\"position: absolute; left: -50px; top: 4.31534px;\">\n<div class=\"gtx-trans-icon\"><\/div>\n<\/div>\n<\/div><\/section><\/div><div class=\"flex_column av_one_full  flex_column_div av-zero-column-padding first  avia-builder-el-4  el_after_av_one_full  el_before_av_hr  column-top-margin\" style='border-radius:0px; '><section class=\"av_textblock_section \"  itemscope=\"itemscope\" itemtype=\"https:\/\/schema.org\/BlogPosting\" itemprop=\"blogPost\" ><div class='avia_textblock  '   itemprop=\"text\" ><p style=\"font-weight: 400; text-align: justify;\">Un Plan de Contingencia activ\u00f3 este domingo la Delegaci\u00f3n Presidencial Regional, para responder a las necesidades de conectividad desde y hacia Chile Chico, luego del siniestro registrado por la barcaza Pilchero, en el Lago General Carrera.<\/p>\n<p style=\"font-weight: 400; text-align: justify;\">El Delegado Presidencial Regional, Rodrigo Araya, trabaj\u00f3 con el Director Nacional de Obras Portuarias, Iv\u00e1n Guti\u00e9rrez, el jefe nacional de la Divisi\u00f3n de Transporte P\u00fablico Regional del Ministerio de Transporte, Alan Sep\u00falveda, el Delegado Presidencial Provincial, Daniel Fern\u00e1ndez, y los seremis de Transporte, Claudia Cantero, y de Obras P\u00fablicas, Patricio Sanhueza.<\/p>\n<p style=\"font-weight: 400; text-align: justify;\">\u201cMa\u00f1ana (lunes) se constituye en Chile Chico, la Comisi\u00f3n Local de Inspecci\u00f3n de Naves (CLIN) y Labocar de Carabineros para establecer las causas del siniestro y se van a sumar profesionales de Asmar que van a apoyar la evaluaci\u00f3n de la barcaza para establecer las reparaciones que permitan volver a tener navegando esa nave con seguridad\u201d, inform\u00f3 el Delegado Presidencial Regional, al recalcar la necesidad de seguridad que debe tener la poblaci\u00f3n en sus desplazamientos.<\/p>\n<p style=\"font-weight: 400; text-align: justify;\">A lo anterior sum\u00f3 la necesidad de sumar soluciones de largo plazo, para normalizar el traslado lacustre.<\/p>\n<p style=\"font-weight: 400; text-align: justify;\">\u201cEl problema de conectividad requiere implementaci\u00f3n de nuevas naves. Por lo tanto, ah\u00ed tenemos dos estrategias que estamos conversando con los ministerios correspondientes, y, lo antes posible, establecer el dise\u00f1o de una nueva nave para funcionar en el lago\u201d, enfatiz\u00f3.<\/p>\n<p style=\"font-weight: 400; text-align: justify;\"><strong>Medidas de conectividad inmediatas<\/strong><\/p>\n<p style=\"font-weight: 400; text-align: justify;\">La seremi de Transporte Claudia Cantero manifest\u00f3 que el Plan de Contingencia implic\u00f3 disponer alternativas inmediatas.<\/p>\n<p style=\"font-weight: 400; text-align: justify;\">\u201cActivamos el Plan de Contingencia con buses Coyhaique-Chile Chico y Chile Chico-Coyhaique, con dos viajes al d\u00eda de lunes a domingo. Tambi\u00e9n vamos a ampliar el subsidio a\u00e9reo, teniendo dos viajes al d\u00eda a partir del martes y, adem\u00e1s, estamos evaluando que los buses transiten por territorio argentino, para hacer m\u00e1s corto el trayecto\u201d, recalc\u00f3.<\/p>\n<p style=\"font-weight: 400; text-align: justify;\">El seremi Patricio Sanhueza indic\u00f3 que se dispuso operaciones de conservaci\u00f3n adicionales para la operatividad de estas medidas.<\/p>\n<p style=\"font-weight: 400; text-align: justify;\">\u201cEn relaci\u00f3n al Transporte de los buses que va a aportar el Ministerio de Transporte, nosotros vamos a aumentar la frecuencia de las operaciones de barrenieve y conservaci\u00f3n. Estamos coordinados con la Direcci\u00f3n Nacional de Obras Portuarias, a objeto de acelerar la firma del trato directo con la empresa Asmar para las reparaciones que requiere La Tehuelche\u201d, concluy\u00f3.<\/p>\n<p style=\"font-weight: 400; text-align: justify;\">El Delegado Presidencial Provincial, Daniel Fern\u00e1ndez, constat\u00f3 la situaci\u00f3n en el lugar e inform\u00f3 que se trabaja en la reapertura del paso fronterizo Pallavicini.<\/p>\n<p style=\"font-weight: 400; text-align: justify;\">\u201cDurante la ma\u00f1ana de hoy (domingo) concurrimos al muelle, estuvimos a bordo de la barcaza Pilchero para verificar los desperfectos que tuvieron a prop\u00f3sito del incendio en la cocina. Estamos a la espera de lo que ocurra con la investigaci\u00f3n sumaria que se estableci\u00f3 y a continuaci\u00f3n estamos trabajando fuertemente para acelerar los plazos para que podamos habilitar el Paso Pallavicini, en el mes de agosto pr\u00f3ximo de tal modo de colaborar con soluciones de conectividad desde la DPP de General Carrera\u201d.<\/p>\n<p style=\"font-weight: 400; text-align: justify;\">A primera hora de este lunes la Delegaci\u00f3n Presidencial Regional sostendr\u00e1 una segunda reuni\u00f3n con las subsecretar\u00edas de Transportes y de Obras P\u00fablicas, junto con los equipos regionales para evaluar cada una de las medidas de este Plan.<\/p>\n<\/div><\/section><\/div><div  style='height:50px' class='hr hr-invisible   avia-builder-el-6  el_after_av_one_full  el_before_av_social_share '><span class='hr-inner ' ><span class='hr-inner-style'><\/span><\/span><\/div><\/p>\n<div  class='av-social-sharing-box  avia-builder-el-7  el_after_av_hr  el_before_av_hr  '><div class='av-share-box'><h5 class='av-share-link-description av-no-toc '>Compartir esta noticia<\/h5><ul class='av-share-box-list noLightbox'><li class='av-share-link av-social-link-facebook' ><a target=\"_blank\" aria-label=\"Compartir en Facebook\" href='https:\/\/www.facebook.com\/sharer.php?u=https:\/\/radiorevelacionfm.cl\/?p=18786&#038;t=Activan%20Plan%20de%20Contingencia%20para%20conectividad%20en%20Lago%20General%20Carrera' aria-hidden='false' data-av_icon='\ue8f3' data-av_iconfont='entypo-fontello' title='' data-avia-related-tooltip='Compartir en Facebook' rel=\"noopener\"><span class='avia_hidden_link_text'>Compartir en Facebook<\/span><\/a><\/li><li class='av-share-link av-social-link-twitter' ><a target=\"_blank\" aria-label=\"Compartir en Twitter\" href='https:\/\/twitter.com\/share?text=Activan%20Plan%20de%20Contingencia%20para%20conectividad%20en%20Lago%20General%20Carrera&#038;url=https:\/\/radiorevelacionfm.cl\/?p=18786' aria-hidden='false' data-av_icon='\ue8f1' data-av_iconfont='entypo-fontello' title='' data-avia-related-tooltip='Compartir en Twitter' rel=\"noopener\"><span class='avia_hidden_link_text'>Compartir en Twitter<\/span><\/a><\/li><li class='av-share-link av-social-link-whatsapp' ><a target=\"_blank\" aria-label=\"Compartir en Whatsapp\" href='https:\/\/api.whatsapp.com\/send?text=https:\/\/radiorevelacionfm.cl\/?p=18786' aria-hidden='false' data-av_icon='\uf232' data-av_iconfont='entypo-fontello' title='' data-avia-related-tooltip='Compartir en Whatsapp' rel=\"noopener\"><span class='avia_hidden_link_text'>Compartir en Whatsapp<\/span><\/a><\/li><li class='av-share-link av-social-link-linkedin' ><a target=\"_blank\" aria-label=\"Compartir en LinkedIn\" href='https:\/\/linkedin.com\/shareArticle?mini=true&#038;title=Activan%20Plan%20de%20Contingencia%20para%20conectividad%20en%20Lago%20General%20Carrera&#038;url=https:\/\/radiorevelacionfm.cl\/?p=18786' aria-hidden='false' data-av_icon='\ue8fc' data-av_iconfont='entypo-fontello' title='' data-avia-related-tooltip='Compartir en LinkedIn' rel=\"noopener\"><span class='avia_hidden_link_text'>Compartir en LinkedIn<\/span><\/a><\/li><li class='av-share-link av-social-link-mail' ><a  aria-label=\"Compartir por correo\" href='mailto:?subject=Activan%20Plan%20de%20Contingencia%20para%20conectividad%20en%20Lago%20General%20Carrera&#038;body=https:\/\/radiorevelacionfm.cl\/?p=18786' aria-hidden='false' data-av_icon='\ue805' data-av_iconfont='entypo-fontello' title='' data-avia-related-tooltip='Compartir por correo'><span class='avia_hidden_link_text'>Compartir por correo<\/span><\/a><\/li><\/ul><\/div><\/div>\n<div  style='height:50px' class='hr hr-invisible   avia-builder-el-8  el_after_av_social_share  el_before_av_comments_list '><span class='hr-inner ' ><span class='hr-inner-style'><\/span><\/span><\/div>\n<div  class='av-buildercomment  av-blog-meta-html-info-disabled av-blog-meta-tag-disabled  '><\/div>\n","protected":false},"excerpt":{"rendered":"","protected":false},"author":1,"featured_media":11057,"comment_status":"open","ping_status":"open","sticky":false,"template":"","format":"standard","meta":{"footnotes":""},"categories":[38],"tags":[],"class_list":["post-18786","post","type-post","status-publish","format-standard","has-post-thumbnail","hentry","category-regional"],"jetpack_featured_media_url":"https:\/\/radiorevelacionfm.cl\/wp-content\/uploads\/2021\/11\/Pilchero-2021-11-20-1-1.jpeg","_links":{"self":[{"href":"https:\/\/radiorevelacionfm.cl\/index.php?rest_route=\/wp\/v2\/posts\/18786","targetHints":{"allow":["GET"]}}],"collection":[{"href":"https:\/\/radiorevelacionfm.cl\/index.php?rest_route=\/wp\/v2\/posts"}],"about":[{"href":"https:\/\/radiorevelacionfm.cl\/index.php?rest_route=\/wp\/v2\/types\/post"}],"author":[{"embeddable":true,"href":"https:\/\/radiorevelacionfm.cl\/index.php?rest_route=\/wp\/v2\/users\/1"}],"replies":[{"embeddable":true,"href":"https:\/\/radiorevelacionfm.cl\/index.php?rest_route=%2Fwp%2Fv2%2Fcomments&post=18786"}],"version-history":[{"count":2,"href":"https:\/\/radiorevelacionfm.cl\/index.php?rest_route=\/wp\/v2\/posts\/18786\/revisions"}],"predecessor-version":[{"id":18791,"href":"https:\/\/radiorevelacionfm.cl\/index.php?rest_route=\/wp\/v2\/posts\/18786\/revisions\/18791"}],"wp:featuredmedia":[{"embeddable":true,"href":"https:\/\/radiorevelacionfm.cl\/index.php?rest_route=\/wp\/v2\/media\/11057"}],"wp:attachment":[{"href":"https:\/\/radiorevelacionfm.cl\/index.php?rest_route=%2Fwp%2Fv2%2Fmedia&parent=18786"}],"wp:term":[{"taxonomy":"category","embeddable":true,"href":"https:\/\/radiorevelacionfm.cl\/index.php?rest_route=%2Fwp%2Fv2%2Fcategories&post=18786"},{"taxonomy":"post_tag","embeddable":true,"href":"https:\/\/radiorevelacionfm.cl\/index.php?rest_route=%2Fwp%2Fv2%2Ftags&post=18786"}],"curies":[{"name":"wp","href":"https:\/\/api.w.org\/{rel}","templated":true}]}}