{"id":18781,"date":"2022-07-03T18:40:21","date_gmt":"2022-07-03T21:40:21","guid":{"rendered":"https:\/\/radiorevelacionfm.cl\/?p=18781"},"modified":"2022-07-03T18:40:43","modified_gmt":"2022-07-03T21:40:43","slug":"dan-a-conocer-a-comunidad-proyecto-construccion-infraestructura-parque-nacional-queulat-senderos-sector-rosselot","status":"publish","type":"post","link":"https:\/\/radiorevelacionfm.cl\/?p=18781","title":{"rendered":"Dan a conocer a la comunidad proyecto \u201cconstrucci\u00f3n infraestructura Parque Nacional Queulat, senderos sector Rosselot\u201d"},"content":{"rendered":"<div class=\"flex_column av_one_full  flex_column_div av-zero-column-padding first  avia-builder-el-0  el_before_av_one_full  avia-builder-el-first  \" style='border-radius:0px; '><div  class='avia-image-container  av-styling-    avia-builder-el-1  avia-builder-el-no-sibling  avia-align-center '  itemprop=\"image\" itemscope=\"itemscope\" itemtype=\"https:\/\/schema.org\/ImageObject\"  ><div class='avia-image-container-inner'><div class='avia-image-overlay-wrap'><img decoding=\"async\" class='wp-image-18782 avia-img-lazy-loading-not-18782 avia_image' src=\"https:\/\/radiorevelacionfm.cl\/wp-content\/uploads\/2022\/07\/senderos-2-1_optimized-1.jpeg\" alt='' title='senderos-2-(1)_optimized (1)' height=\"600\" width=\"1333\"  itemprop=\"thumbnailUrl\" srcset=\"https:\/\/radiorevelacionfm.cl\/wp-content\/uploads\/2022\/07\/senderos-2-1_optimized-1.jpeg 1333w, https:\/\/radiorevelacionfm.cl\/wp-content\/uploads\/2022\/07\/senderos-2-1_optimized-1-300x135.jpeg 300w, https:\/\/radiorevelacionfm.cl\/wp-content\/uploads\/2022\/07\/senderos-2-1_optimized-1-1030x464.jpeg 1030w, https:\/\/radiorevelacionfm.cl\/wp-content\/uploads\/2022\/07\/senderos-2-1_optimized-1-768x346.jpeg 768w, https:\/\/radiorevelacionfm.cl\/wp-content\/uploads\/2022\/07\/senderos-2-1_optimized-1-705x317.jpeg 705w, https:\/\/radiorevelacionfm.cl\/wp-content\/uploads\/2022\/07\/senderos-2-1_optimized-1-600x270.jpeg 600w\" sizes=\"(max-width: 1333px) 100vw, 1333px\" \/><\/div><\/div><\/div><\/div>\n<div class=\"flex_column av_one_full  flex_column_div av-zero-column-padding first  avia-builder-el-2  el_after_av_one_full  el_before_av_one_full  column-top-margin\" style='border-radius:0px; '><section class=\"av_textblock_section \"  itemscope=\"itemscope\" itemtype=\"https:\/\/schema.org\/BlogPosting\" itemprop=\"blogPost\" ><div class='avia_textblock  '   itemprop=\"text\" ><p style=\"text-align: center;\"><strong><span style=\"font-size: 18pt;\">Dan a conocer a la comunidad proyecto \u201cconstrucci\u00f3n infraestructura Parque Nacional Queulat, senderos sector Rosselot\u201d<\/span><\/strong><\/p>\n<div id=\"gtx-trans\" style=\"position: absolute; left: -50px; top: 4.31534px;\">\n<div class=\"gtx-trans-icon\"><\/div>\n<\/div>\n<\/div><\/section><\/div><div class=\"flex_column av_one_full  flex_column_div av-zero-column-padding first  avia-builder-el-4  el_after_av_one_full  el_before_av_hr  column-top-margin\" style='border-radius:0px; '><section class=\"av_textblock_section \"  itemscope=\"itemscope\" itemtype=\"https:\/\/schema.org\/BlogPosting\" itemprop=\"blogPost\" ><div class='avia_textblock  '   itemprop=\"text\" ><p style=\"text-align: justify;\">En la localidad de La Junta se dio el encuentro entre autoridades y la comunidad, con el objetivo que conocer los detalles de un gran proyecto denominado \u201cconstrucci\u00f3n de infraestructura p\u00fablica Parque Nacional Queulat, senderos sector Rosselot\u201d, exposici\u00f3n que estuvo a cargo de la Direcci\u00f3n de Arquitectura del MOP y Conaf.<\/p>\n<p style=\"text-align: justify;\">Este tipo de iniciativa est\u00e1 en l\u00ednea que ha potenciado la administraci\u00f3n del Alcalde, Francisco Roncagliolo Lepio, quien manifest\u00f3, \u201cpara nosotros como comuna, como administraci\u00f3n, es s\u00faper importante visualizar y dar a conocer a la comunidad a trav\u00e9s la Direcci\u00f3n de Arquitectura, Conaf, de lo que es este proyecto de mejoramiento del sendero de la reserva Lago Rosselot, es una instancia que para nosotros es un hito tur\u00edstico. Por lo mismo, es muy importante resaltar estas iniciativas, en beneficio de la gente que quiera tener contacto con la naturaleza, pero tambi\u00e9n, para fortalecer el gremio del turismo, fortalecer que la gente se quede un d\u00eda m\u00e1s en la localidad y no solamente en la localidad sino que en la comuna. Para eso, obviamente vamos a seguir trabajando de la mano con los distintos actores para que as\u00ed sea, esto es parte de un gran proyecto que involucra tambi\u00e9n inversi\u00f3n en el parque Queulat y por lo mismo es una inversi\u00f3n que toca la comuna en la parte continental\u201d.<\/p>\n<p style=\"text-align: justify;\">Por su parte, Marcelo Becerra, arquitecto de la Direcci\u00f3n Regional de Arquitectura del MOP, quien ha sido adem\u00e1s apoyo en la inspecci\u00f3n fiscal de este proyecto, debido a que particip\u00f3 en la etapa de dise\u00f1o de la iniciativa mayor, entreg\u00f3 detalles de las obras que ya est\u00e1n en construcci\u00f3n, las que asegur\u00f3 est\u00e1n siendo fortalecidas con el fin de que tengan larga vida \u00fatil y signifiquen mantenciones menores.<\/p>\n<p style=\"text-align: justify;\">\u201cEste sendero lo que implica es el mejoramiento de la faja, con la consolidaci\u00f3n del terreno, con la incorporaci\u00f3n de escalerines de madera, pero tambi\u00e9n con la incorporaci\u00f3n de elementos que son estructuras met\u00e1licas, plataformas met\u00e1licas modulares, que se construyen fuera del lugar y se arman en terreno. Lo que se busca adem\u00e1s es, generar los menores impactos al sector desde el punto de vista ambiental, de la flora y fauna existente, disminuyendo tambi\u00e9n, los posibles riesgos a estar construyendo en terreno. Eso nos va a permitir una baja incidencia durante la construcci\u00f3n, una mayor longevidad y m\u00ednimo mantenimiento en el tiempo, de un sendero que sabemos Conaf va a estar a cargo de su administraci\u00f3n, pero tambi\u00e9n requerimos bajar la carga que implica eso para ellos\u201d.<\/p>\n<p style=\"text-align: justify;\">El jefe de \u00e1rea de Conaf en La Junta, \u00c1lvaro D\u2019amico, relev\u00f3 la importancia del trabajo intersectorial y con la comunidad. \u201cLo que presentamos hoy como Conaf fue, el desarrollo de la gesti\u00f3n de lo que va a ser este sendero que va a atravesar la reserva nacional Lago Rosselot y que se encuentra contiguo a la localidad de La Junta. La gobernanza que aqu\u00ed se est\u00e1 dando es a trav\u00e9s de los convenios con la Municipalidad y la gesti\u00f3n local, a trav\u00e9s de las asociaciones de turismo, las agrupaciones de pueblos originarios y eso es lo que se est\u00e1 tratando de retomar, posterior a lo que fue la contingencia del covid. Tenemos mucha ansiedad de poder empezar a reunirnos y compartir nuestras visiones, para tratar de mejorar lo que antes ten\u00edamos, as\u00ed es que, esa es mi visi\u00f3n acerca de c\u00f3mo se est\u00e1n dando estas confianzas entre las organizaciones, entre las comunidades y entre las instituciones tambi\u00e9n\u201d.<\/p>\n<p style=\"text-align: justify;\">En tanto, Eliana Cortes, dirigenta de Barrios Comerciales La Junta, dio gran importancia a este tipo de iniciativas que significa una nueva opci\u00f3n para quienes llegan a conocer el territorio y para los mismos habitantes de la comuna. \u201cMe parece importante que la gente nos visite, el turista y nosotros los pobladores, podamos recorrer el sendero monta\u00f1a, ir tranquilos, caminar, subir, seguir mostrando y conociendo nuestra localidad. En este proyecto hay estructuras de fierro, hay asientos, puentes, va a existir harto cambio, porque lo de ahora es m\u00e1s rustico\u201d.<\/p>\n<p style=\"text-align: justify;\">En la actividad estuvieron presentes tambi\u00e9n, el Concejal de la comuna de Cisnes, Cristian Jaramillo, representantes de Sernatur y vecinos de la comunidad de La Junta.<\/p>\n<\/div><\/section><\/div><\/p>\n<div  style='height:50px' class='hr hr-invisible   avia-builder-el-6  el_after_av_one_full  el_before_av_social_share '><span class='hr-inner ' ><span class='hr-inner-style'><\/span><\/span><\/div>\n<div  class='av-social-sharing-box  avia-builder-el-7  el_after_av_hr  el_before_av_hr  '><div class='av-share-box'><h5 class='av-share-link-description av-no-toc '>Compartir esta noticia<\/h5><ul class='av-share-box-list noLightbox'><li class='av-share-link av-social-link-facebook' ><a target=\"_blank\" aria-label=\"Compartir en Facebook\" href='https:\/\/www.facebook.com\/sharer.php?u=https:\/\/radiorevelacionfm.cl\/?p=18781&#038;t=Dan%20a%20conocer%20a%20la%20comunidad%20proyecto%20%E2%80%9Cconstrucci%C3%B3n%20infraestructura%20Parque%20Nacional%20Queulat%2C%20senderos%20sector%20Rosselot%E2%80%9D' aria-hidden='false' data-av_icon='\ue8f3' data-av_iconfont='entypo-fontello' title='' data-avia-related-tooltip='Compartir en Facebook' rel=\"noopener\"><span class='avia_hidden_link_text'>Compartir en Facebook<\/span><\/a><\/li><li class='av-share-link av-social-link-twitter' ><a target=\"_blank\" aria-label=\"Compartir en Twitter\" href='https:\/\/twitter.com\/share?text=Dan%20a%20conocer%20a%20la%20comunidad%20proyecto%20%E2%80%9Cconstrucci%C3%B3n%20infraestructura%20Parque%20Nacional%20Queulat%2C%20senderos%20sector%20Rosselot%E2%80%9D&#038;url=https:\/\/radiorevelacionfm.cl\/?p=18781' aria-hidden='false' data-av_icon='\ue8f1' data-av_iconfont='entypo-fontello' title='' data-avia-related-tooltip='Compartir en Twitter' rel=\"noopener\"><span class='avia_hidden_link_text'>Compartir en Twitter<\/span><\/a><\/li><li class='av-share-link av-social-link-whatsapp' ><a target=\"_blank\" aria-label=\"Compartir en Whatsapp\" href='https:\/\/api.whatsapp.com\/send?text=https:\/\/radiorevelacionfm.cl\/?p=18781' aria-hidden='false' data-av_icon='\uf232' data-av_iconfont='entypo-fontello' title='' data-avia-related-tooltip='Compartir en Whatsapp' rel=\"noopener\"><span class='avia_hidden_link_text'>Compartir en Whatsapp<\/span><\/a><\/li><li class='av-share-link av-social-link-linkedin' ><a target=\"_blank\" aria-label=\"Compartir en LinkedIn\" href='https:\/\/linkedin.com\/shareArticle?mini=true&#038;title=Dan%20a%20conocer%20a%20la%20comunidad%20proyecto%20%E2%80%9Cconstrucci%C3%B3n%20infraestructura%20Parque%20Nacional%20Queulat%2C%20senderos%20sector%20Rosselot%E2%80%9D&#038;url=https:\/\/radiorevelacionfm.cl\/?p=18781' aria-hidden='false' data-av_icon='\ue8fc' data-av_iconfont='entypo-fontello' title='' data-avia-related-tooltip='Compartir en LinkedIn' rel=\"noopener\"><span class='avia_hidden_link_text'>Compartir en LinkedIn<\/span><\/a><\/li><li class='av-share-link av-social-link-mail' ><a  aria-label=\"Compartir por correo\" href='mailto:?subject=Dan%20a%20conocer%20a%20la%20comunidad%20proyecto%20%E2%80%9Cconstrucci%C3%B3n%20infraestructura%20Parque%20Nacional%20Queulat%2C%20senderos%20sector%20Rosselot%E2%80%9D&#038;body=https:\/\/radiorevelacionfm.cl\/?p=18781' aria-hidden='false' data-av_icon='\ue805' data-av_iconfont='entypo-fontello' title='' data-avia-related-tooltip='Compartir por correo'><span class='avia_hidden_link_text'>Compartir por correo<\/span><\/a><\/li><\/ul><\/div><\/div>\n<div  style='height:50px' class='hr hr-invisible   avia-builder-el-8  el_after_av_social_share  el_before_av_comments_list '><span class='hr-inner ' ><span class='hr-inner-style'><\/span><\/span><\/div>\n<div  class='av-buildercomment  av-blog-meta-html-info-disabled av-blog-meta-tag-disabled  '><\/div>\n","protected":false},"excerpt":{"rendered":"","protected":false},"author":1,"featured_media":18782,"comment_status":"open","ping_status":"open","sticky":false,"template":"","format":"standard","meta":{"footnotes":""},"categories":[38],"tags":[],"class_list":["post-18781","post","type-post","status-publish","format-standard","has-post-thumbnail","hentry","category-regional"],"jetpack_featured_media_url":"https:\/\/radiorevelacionfm.cl\/wp-content\/uploads\/2022\/07\/senderos-2-1_optimized-1.jpeg","_links":{"self":[{"href":"https:\/\/radiorevelacionfm.cl\/index.php?rest_route=\/wp\/v2\/posts\/18781","targetHints":{"allow":["GET"]}}],"collection":[{"href":"https:\/\/radiorevelacionfm.cl\/index.php?rest_route=\/wp\/v2\/posts"}],"about":[{"href":"https:\/\/radiorevelacionfm.cl\/index.php?rest_route=\/wp\/v2\/types\/post"}],"author":[{"embeddable":true,"href":"https:\/\/radiorevelacionfm.cl\/index.php?rest_route=\/wp\/v2\/users\/1"}],"replies":[{"embeddable":true,"href":"https:\/\/radiorevelacionfm.cl\/index.php?rest_route=%2Fwp%2Fv2%2Fcomments&post=18781"}],"version-history":[{"count":3,"href":"https:\/\/radiorevelacionfm.cl\/index.php?rest_route=\/wp\/v2\/posts\/18781\/revisions"}],"predecessor-version":[{"id":18784,"href":"https:\/\/radiorevelacionfm.cl\/index.php?rest_route=\/wp\/v2\/posts\/18781\/revisions\/18784"}],"wp:featuredmedia":[{"embeddable":true,"href":"https:\/\/radiorevelacionfm.cl\/index.php?rest_route=\/wp\/v2\/media\/18782"}],"wp:attachment":[{"href":"https:\/\/radiorevelacionfm.cl\/index.php?rest_route=%2Fwp%2Fv2%2Fmedia&parent=18781"}],"wp:term":[{"taxonomy":"category","embeddable":true,"href":"https:\/\/radiorevelacionfm.cl\/index.php?rest_route=%2Fwp%2Fv2%2Fcategories&post=18781"},{"taxonomy":"post_tag","embeddable":true,"href":"https:\/\/radiorevelacionfm.cl\/index.php?rest_route=%2Fwp%2Fv2%2Ftags&post=18781"}],"curies":[{"name":"wp","href":"https:\/\/api.w.org\/{rel}","templated":true}]}}