{"id":18779,"date":"2022-07-03T21:30:35","date_gmt":"2022-07-04T00:30:35","guid":{"rendered":"https:\/\/radiorevelacionfm.cl\/?p=18779"},"modified":"2022-07-03T21:30:35","modified_gmt":"2022-07-04T00:30:35","slug":"comunas-de-aysen-cisnes-y-guaitecas-se-adjudicaron-fondos-concursables-de-aquachile","status":"publish","type":"post","link":"https:\/\/radiorevelacionfm.cl\/?p=18779","title":{"rendered":"Comunas de Ays\u00e9n, Cisnes y Guaitecas se adjudicaron Fondos Concursables de AquaChile"},"content":{"rendered":"<div class=\"flex_column av_one_full  flex_column_div av-zero-column-padding first  avia-builder-el-0  el_before_av_one_full  avia-builder-el-first  \" style='border-radius:0px; '><div  class='avia-image-container  av-styling-    avia-builder-el-1  avia-builder-el-no-sibling  avia-align-center '  itemprop=\"image\" itemscope=\"itemscope\" itemtype=\"https:\/\/schema.org\/ImageObject\"  ><div class='avia-image-container-inner'><div class='avia-image-overlay-wrap'><img decoding=\"async\" class='wp-image-5371 avia-img-lazy-loading-not-5371 avia_image' src=\"https:\/\/radiorevelacionfm.cl\/wp-content\/uploads\/2021\/06\/Puerto-Gala-n-1.jpg\" alt='' title='Puerto Gala n (1)' height=\"600\" width=\"800\"  itemprop=\"thumbnailUrl\" srcset=\"https:\/\/radiorevelacionfm.cl\/wp-content\/uploads\/2021\/06\/Puerto-Gala-n-1.jpg 800w, https:\/\/radiorevelacionfm.cl\/wp-content\/uploads\/2021\/06\/Puerto-Gala-n-1-300x225.jpg 300w, https:\/\/radiorevelacionfm.cl\/wp-content\/uploads\/2021\/06\/Puerto-Gala-n-1-768x576.jpg 768w, https:\/\/radiorevelacionfm.cl\/wp-content\/uploads\/2021\/06\/Puerto-Gala-n-1-705x529.jpg 705w, https:\/\/radiorevelacionfm.cl\/wp-content\/uploads\/2021\/06\/Puerto-Gala-n-1-600x450.jpg 600w\" sizes=\"(max-width: 800px) 100vw, 800px\" \/><\/div><\/div><\/div><\/div>\n<div class=\"flex_column av_one_full  flex_column_div av-zero-column-padding first  avia-builder-el-2  el_after_av_one_full  el_before_av_one_full  column-top-margin\" style='border-radius:0px; '><section class=\"av_textblock_section \"  itemscope=\"itemscope\" itemtype=\"https:\/\/schema.org\/BlogPosting\" itemprop=\"blogPost\" ><div class='avia_textblock  '   itemprop=\"text\" ><p style=\"text-align: center;\"><strong><span style=\"font-size: 18pt;\">Comunas de Ays\u00e9n, Cisnes y Guaitecas se adjudicaron Fondos Concursables de AquaChile<\/span><\/strong><\/p>\n<div id=\"gtx-trans\" style=\"position: absolute; left: -50px; top: 4.31534px;\">\n<div class=\"gtx-trans-icon\"><\/div>\n<\/div>\n<\/div><\/section><\/div><div class=\"flex_column av_one_full  flex_column_div av-zero-column-padding first  avia-builder-el-4  el_after_av_one_full  el_before_av_hr  column-top-margin\" style='border-radius:0px; '><section class=\"av_textblock_section \"  itemscope=\"itemscope\" itemtype=\"https:\/\/schema.org\/BlogPosting\" itemprop=\"blogPost\" ><div class='avia_textblock  '   itemprop=\"text\" ><p style=\"text-align: justify;\">Esta iniciativa, dirigida a las comunidades donde la empresa cuenta con operaciones, recibi\u00f3 315 postulaciones este a\u00f1o.<\/p>\n<p style=\"text-align: justify;\">Los proyectos ganadores provienen de las regiones donde la compa\u00f1\u00eda tiene operaciones:\u00a04 de La Araucan\u00eda, 16 de Los Lagos, 8 de Ays\u00e9n, 4 de Magallanes. Espec\u00edficamente de las comunas de Curarrehue, Puc\u00f3n, Vilc\u00fan, Chonchi, Quell\u00f3n, Castro, Puerto Montt, Calbuco, Cocham\u00f3, Hualaihu\u00e9, Ays\u00e9n, Cisnes, Guaitecas y Natales.<\/p>\n<p style=\"text-align: justify;\">En la regi\u00f3n, 5 son de la comuna de Ays\u00e9n. Uno de ellos es el Club del Adulto Mayor Pedro Aguirre Cerda con el proyecto \u00abPor un espacio m\u00e1s digno\u00bb. Otro de los ganadores fue la organizaci\u00f3n Carpinteros de Orilla, con la iniciativa \u00abAdquisici\u00f3n de ba\u00f1o qu\u00edmico para el sindicato de carpinteros\u00bb. La Corporaci\u00f3n Ays\u00e9n Rehabilita fue otro de los seleccionados de la comuna con el proyecto \u00abContribuir a aumentar la capacidad funcional e incrementar la independencia y autonom\u00eda de los usuarios\u00bb. El cuarto ganador de Ays\u00e9n fue A.G. Agr\u00edcola y Ganadera de Peque\u00f1os Campesinos Puerto Ays\u00e9n con la iniciativa \u00abImplementaci\u00f3n de puestos de ventas para nuestra feria estable campesina\u00bb. Y el quinto, fue la Fundaci\u00f3n Sumergidos con el proyecto \u00abBuceo Adaptado para Ays\u00e9n\u00bb.<\/p>\n<p style=\"text-align: justify;\">En tanto, en la comuna de Cisnes 2 son los ganadores: el Centro de Padres de la Escuela Hamburgo con la iniciativa \u00abHabilitaci\u00f3n de invernadero para trabajo sustentable comunidad\u00bb, y el Comit\u00e9 de Agua Potable Rural y Luz El\u00e9ctrica de Puerto Gala con el proyecto \u00abMejora de equipamiento comit\u00e9 agua y luz\u00bb.<\/p>\n<p style=\"text-align: justify;\">En la comuna de Guaitecas hubo 1 ganador: el Cuerpo de Bomberos de Melinka con la iniciativa \u00abSistema de vigilancia para el Cuerpo de Bomberos Melinka\u00bb.<\/p>\n<p style=\"text-align: justify;\">Los proyectos ganadores recibir\u00e1n hasta 1 mill\u00f3n de pesos para financiar iniciativas comunitarias en las \u00e1reas de sustentabilidad y medio ambiente, inclusi\u00f3n, vida saludable, equipamiento e infraestructura, educaci\u00f3n, cultura y desarrollo productivo local. \u201cEstamos muy contentos con el proceso de este a\u00f1o. Recibimos 315 postulaciones de todas las comunas y regiones en las que opera AquaChile. Fue un gran trabajo analizar todos los proyectos y elegir a los 32 ganadores. Nos pone contentos generar este espacio de apoyo a nuestros vecinos que se caracteriza por ser un formato muy amigable para postular. Sorprende y gratifica todo el impacto positivo que pueden generar las organizaciones sociales en su entorno con un mill\u00f3n de pesos\u201d, explic\u00f3 Francisco Sandoval.<\/p>\n<p style=\"text-align: justify;\">Este es el cuarto a\u00f1o en que la empresa realiza esta actividad. En el a\u00f1o 2021, se recibieron 178 postulaciones y los proyectos seleccionados que recibieron financiamiento de AquaChile fueron 24, beneficiando directamente a m\u00e1s de 7.900 personas.<\/p>\n<\/div><\/section><\/div><\/p>\n<div  style='height:50px' class='hr hr-invisible   avia-builder-el-6  el_after_av_one_full  el_before_av_social_share '><span class='hr-inner ' ><span class='hr-inner-style'><\/span><\/span><\/div>\n<div  class='av-social-sharing-box  avia-builder-el-7  el_after_av_hr  el_before_av_hr  '><div class='av-share-box'><h5 class='av-share-link-description av-no-toc '>Compartir esta noticia<\/h5><ul class='av-share-box-list noLightbox'><li class='av-share-link av-social-link-facebook' ><a target=\"_blank\" aria-label=\"Compartir en Facebook\" href='https:\/\/www.facebook.com\/sharer.php?u=https:\/\/radiorevelacionfm.cl\/?p=18779&#038;t=Comunas%20de%20Ays%C3%A9n%2C%20Cisnes%20y%20Guaitecas%20se%20adjudicaron%20Fondos%20Concursables%20de%20AquaChile' aria-hidden='false' data-av_icon='\ue8f3' data-av_iconfont='entypo-fontello' title='' data-avia-related-tooltip='Compartir en Facebook' rel=\"noopener\"><span class='avia_hidden_link_text'>Compartir en Facebook<\/span><\/a><\/li><li class='av-share-link av-social-link-twitter' ><a target=\"_blank\" aria-label=\"Compartir en Twitter\" href='https:\/\/twitter.com\/share?text=Comunas%20de%20Ays%C3%A9n%2C%20Cisnes%20y%20Guaitecas%20se%20adjudicaron%20Fondos%20Concursables%20de%20AquaChile&#038;url=https:\/\/radiorevelacionfm.cl\/?p=18779' aria-hidden='false' data-av_icon='\ue8f1' data-av_iconfont='entypo-fontello' title='' data-avia-related-tooltip='Compartir en Twitter' rel=\"noopener\"><span class='avia_hidden_link_text'>Compartir en Twitter<\/span><\/a><\/li><li class='av-share-link av-social-link-whatsapp' ><a target=\"_blank\" aria-label=\"Compartir en Whatsapp\" href='https:\/\/api.whatsapp.com\/send?text=https:\/\/radiorevelacionfm.cl\/?p=18779' aria-hidden='false' data-av_icon='\uf232' data-av_iconfont='entypo-fontello' title='' data-avia-related-tooltip='Compartir en Whatsapp' rel=\"noopener\"><span class='avia_hidden_link_text'>Compartir en Whatsapp<\/span><\/a><\/li><li class='av-share-link av-social-link-linkedin' ><a target=\"_blank\" aria-label=\"Compartir en LinkedIn\" href='https:\/\/linkedin.com\/shareArticle?mini=true&#038;title=Comunas%20de%20Ays%C3%A9n%2C%20Cisnes%20y%20Guaitecas%20se%20adjudicaron%20Fondos%20Concursables%20de%20AquaChile&#038;url=https:\/\/radiorevelacionfm.cl\/?p=18779' aria-hidden='false' data-av_icon='\ue8fc' data-av_iconfont='entypo-fontello' title='' data-avia-related-tooltip='Compartir en LinkedIn' rel=\"noopener\"><span class='avia_hidden_link_text'>Compartir en LinkedIn<\/span><\/a><\/li><li class='av-share-link av-social-link-mail' ><a  aria-label=\"Compartir por correo\" href='mailto:?subject=Comunas%20de%20Ays%C3%A9n%2C%20Cisnes%20y%20Guaitecas%20se%20adjudicaron%20Fondos%20Concursables%20de%20AquaChile&#038;body=https:\/\/radiorevelacionfm.cl\/?p=18779' aria-hidden='false' data-av_icon='\ue805' data-av_iconfont='entypo-fontello' title='' data-avia-related-tooltip='Compartir por correo'><span class='avia_hidden_link_text'>Compartir por correo<\/span><\/a><\/li><\/ul><\/div><\/div>\n<div  style='height:50px' class='hr hr-invisible   avia-builder-el-8  el_after_av_social_share  el_before_av_comments_list '><span class='hr-inner ' ><span class='hr-inner-style'><\/span><\/span><\/div>\n<div  class='av-buildercomment  av-blog-meta-html-info-disabled av-blog-meta-tag-disabled  '><\/div>\n","protected":false},"excerpt":{"rendered":"","protected":false},"author":1,"featured_media":5371,"comment_status":"open","ping_status":"open","sticky":false,"template":"","format":"standard","meta":{"footnotes":""},"categories":[38],"tags":[],"class_list":["post-18779","post","type-post","status-publish","format-standard","has-post-thumbnail","hentry","category-regional"],"jetpack_featured_media_url":"https:\/\/radiorevelacionfm.cl\/wp-content\/uploads\/2021\/06\/Puerto-Gala-n-1.jpg","_links":{"self":[{"href":"https:\/\/radiorevelacionfm.cl\/index.php?rest_route=\/wp\/v2\/posts\/18779","targetHints":{"allow":["GET"]}}],"collection":[{"href":"https:\/\/radiorevelacionfm.cl\/index.php?rest_route=\/wp\/v2\/posts"}],"about":[{"href":"https:\/\/radiorevelacionfm.cl\/index.php?rest_route=\/wp\/v2\/types\/post"}],"author":[{"embeddable":true,"href":"https:\/\/radiorevelacionfm.cl\/index.php?rest_route=\/wp\/v2\/users\/1"}],"replies":[{"embeddable":true,"href":"https:\/\/radiorevelacionfm.cl\/index.php?rest_route=%2Fwp%2Fv2%2Fcomments&post=18779"}],"version-history":[{"count":3,"href":"https:\/\/radiorevelacionfm.cl\/index.php?rest_route=\/wp\/v2\/posts\/18779\/revisions"}],"predecessor-version":[{"id":18793,"href":"https:\/\/radiorevelacionfm.cl\/index.php?rest_route=\/wp\/v2\/posts\/18779\/revisions\/18793"}],"wp:featuredmedia":[{"embeddable":true,"href":"https:\/\/radiorevelacionfm.cl\/index.php?rest_route=\/wp\/v2\/media\/5371"}],"wp:attachment":[{"href":"https:\/\/radiorevelacionfm.cl\/index.php?rest_route=%2Fwp%2Fv2%2Fmedia&parent=18779"}],"wp:term":[{"taxonomy":"category","embeddable":true,"href":"https:\/\/radiorevelacionfm.cl\/index.php?rest_route=%2Fwp%2Fv2%2Fcategories&post=18779"},{"taxonomy":"post_tag","embeddable":true,"href":"https:\/\/radiorevelacionfm.cl\/index.php?rest_route=%2Fwp%2Fv2%2Ftags&post=18779"}],"curies":[{"name":"wp","href":"https:\/\/api.w.org\/{rel}","templated":true}]}}