{"id":18775,"date":"2022-07-03T17:09:42","date_gmt":"2022-07-03T20:09:42","guid":{"rendered":"https:\/\/radiorevelacionfm.cl\/?p=18775"},"modified":"2022-07-03T17:10:00","modified_gmt":"2022-07-03T20:10:00","slug":"alcalde-de-chile-chico-por-incendio-en-barcaza-tiene-que-morir-alguien-para-las-que-las-autoridades-reaccionen","status":"publish","type":"post","link":"https:\/\/radiorevelacionfm.cl\/?p=18775","title":{"rendered":"Alcalde por incendio en barcaza: \u201c\u00bfTiene que morir alguien para las que las autoridades reaccionen?\u201d"},"content":{"rendered":"<div class=\"flex_column av_one_full  flex_column_div av-zero-column-padding first  avia-builder-el-0  el_before_av_one_full  avia-builder-el-first  \" style='border-radius:0px; '><section class=\"av_textblock_section \"  itemscope=\"itemscope\" itemtype=\"https:\/\/schema.org\/BlogPosting\" itemprop=\"blogPost\" ><div class='avia_textblock  '   itemprop=\"text\" ><p style=\"text-align: center;\"><strong><span style=\"font-size: 18pt;\">Alcalde por incendio en barcaza: \u201c\u00bfTiene que morir alguien para las que las autoridades reaccionen?\u201d<\/span><\/strong><\/p>\n<div id=\"gtx-trans\" style=\"position: absolute; left: -50px; top: 4.31534px;\">\n<div class=\"gtx-trans-icon\"><\/div>\n<\/div>\n<\/div><\/section><\/div><div class=\"flex_column av_one_full  flex_column_div av-zero-column-padding first  \" style='border-radius:0px; '><section class=\"av_textblock_section \"  itemscope=\"itemscope\" itemtype=\"https:\/\/schema.org\/BlogPosting\" itemprop=\"blogPost\" ><div class='avia_textblock  '   itemprop=\"text\" ><p style=\"text-align: justify;\">Una falla el\u00e9ctrica, que deriv\u00f3 en un incendio, ocurri\u00f3 al interior de la barcaza Pilchero, provocando la destrucci\u00f3n de la cocina y sala de pasajeros. Adem\u00e1s, y producto de la inhalaci\u00f3n de humo, dos personas debieron ser trasladadas al hospital de Chile Chico para la evaluaci\u00f3n de su estado de salud.<\/p>\n<p style=\"text-align: justify;\">Ante este hecho, el alcalde de la comuna, Luperciano Mu\u00f1oz, realiz\u00f3 a una fuerte cr\u00edtica a las autoridades de Gobierno, asegurando que la situaci\u00f3n es de extrema gravedad y que la comunidad tiene miedo de viajar en barcazas que todos los d\u00edas presentan diferentes problem\u00e1ticas.<\/p>\n<p style=\"text-align: justify;\">\u201cLas autoridades se hacen los desentendidos, dejando de manifiesto su negligencia y falta de compromiso con los habitantes de una comuna que hoy presenta serios problemas de conectividad. \u00bfQu\u00e9 m\u00e1s tiene que ocurrir para que reaccionen?, \u00bfdebemos tener una p\u00e9rdida humana para que por fin escuchen a una comunidad que est\u00e1 desesperada?\u201d, se\u00f1al\u00f3.<\/p>\n<p style=\"text-align: justify;\">\u201cDado este nuevo escenario, necesitamos con urgencia 4 buses nuevos, del a\u00f1o, para que nuestros vecinos puedan viajar por Argentina, aumento del subsidio a\u00e9reo, habilitaci\u00f3n de los complejos fronterizos hasta las 00:00 horas, apertura del paso fronterizo pallavicini y los informes t\u00e9cnicos de las barcazas Pilchero y Tehuelche\u201d, a\u00f1ad\u00edo.<\/p>\n<p style=\"text-align: justify;\">El edil record\u00f3 que abril de este a\u00f1o se realiz\u00f3 la entrega formal del plan de conectividad lacustre al ministro de Obras P\u00fablicas, Juan Carlos Garc\u00eda, que entre sus puntos expone la urgente necesidad de cambiar las actuales barcazas por catamaranes, embarcaciones r\u00e1pidas, con mayor frecuencia de salidas y seguras. \u201cYa ha pasado un tiempo bastante prudente y a\u00fan no tenemos ninguna respuesta\u201d, explic\u00f3.<\/p>\n<p style=\"text-align: justify;\">\u201cNo queremos terminar lamentando una p\u00e9rdida humana por la irresponsabilidad y negligencia de algunas autoridades, que no asumen que el problema de conectividad que presentamos es de extrema gravedad y requiere una soluci\u00f3n definitiva\u201d, sentenci\u00f3 Luperciano Mu\u00f1oz.<\/p>\n<\/div><\/section><\/div><div  style='height:50px' class='hr hr-invisible  '><span class='hr-inner ' ><span class='hr-inner-style'><\/span><\/span><\/div><\/p>\n<div  class='av-social-sharing-box  '><div class='av-share-box'><h5 class='av-share-link-description av-no-toc '>Compartir esta noticia<\/h5><ul class='av-share-box-list noLightbox'><li class='av-share-link av-social-link-facebook' ><a target=\"_blank\" aria-label=\"Compartir en Facebook\" href='https:\/\/www.facebook.com\/sharer.php?u=https:\/\/radiorevelacionfm.cl\/?p=18775&#038;t=Alcalde%20por%20incendio%20en%20barcaza%3A%20%E2%80%9C%C2%BFTiene%20que%20morir%20alguien%20para%20las%20que%20las%20autoridades%20reaccionen%3F%E2%80%9D' aria-hidden='false' data-av_icon='\ue8f3' data-av_iconfont='entypo-fontello' title='' data-avia-related-tooltip='Compartir en Facebook' rel=\"noopener\"><span class='avia_hidden_link_text'>Compartir en Facebook<\/span><\/a><\/li><li class='av-share-link av-social-link-twitter' ><a target=\"_blank\" aria-label=\"Compartir en Twitter\" href='https:\/\/twitter.com\/share?text=Alcalde%20por%20incendio%20en%20barcaza%3A%20%E2%80%9C%C2%BFTiene%20que%20morir%20alguien%20para%20las%20que%20las%20autoridades%20reaccionen%3F%E2%80%9D&#038;url=https:\/\/radiorevelacionfm.cl\/?p=18775' aria-hidden='false' data-av_icon='\ue8f1' data-av_iconfont='entypo-fontello' title='' data-avia-related-tooltip='Compartir en Twitter' rel=\"noopener\"><span class='avia_hidden_link_text'>Compartir en Twitter<\/span><\/a><\/li><li class='av-share-link av-social-link-whatsapp' ><a target=\"_blank\" aria-label=\"Compartir en Whatsapp\" href='https:\/\/api.whatsapp.com\/send?text=https:\/\/radiorevelacionfm.cl\/?p=18775' aria-hidden='false' data-av_icon='\uf232' data-av_iconfont='entypo-fontello' title='' data-avia-related-tooltip='Compartir en Whatsapp' rel=\"noopener\"><span class='avia_hidden_link_text'>Compartir en Whatsapp<\/span><\/a><\/li><li class='av-share-link av-social-link-linkedin' ><a target=\"_blank\" aria-label=\"Compartir en LinkedIn\" href='https:\/\/linkedin.com\/shareArticle?mini=true&#038;title=Alcalde%20por%20incendio%20en%20barcaza%3A%20%E2%80%9C%C2%BFTiene%20que%20morir%20alguien%20para%20las%20que%20las%20autoridades%20reaccionen%3F%E2%80%9D&#038;url=https:\/\/radiorevelacionfm.cl\/?p=18775' aria-hidden='false' data-av_icon='\ue8fc' data-av_iconfont='entypo-fontello' title='' data-avia-related-tooltip='Compartir en LinkedIn' rel=\"noopener\"><span class='avia_hidden_link_text'>Compartir en LinkedIn<\/span><\/a><\/li><li class='av-share-link av-social-link-mail' ><a  aria-label=\"Compartir por correo\" href='mailto:?subject=Alcalde%20por%20incendio%20en%20barcaza%3A%20%E2%80%9C%C2%BFTiene%20que%20morir%20alguien%20para%20las%20que%20las%20autoridades%20reaccionen%3F%E2%80%9D&#038;body=https:\/\/radiorevelacionfm.cl\/?p=18775' aria-hidden='false' data-av_icon='\ue805' data-av_iconfont='entypo-fontello' title='' data-avia-related-tooltip='Compartir por correo'><span class='avia_hidden_link_text'>Compartir por correo<\/span><\/a><\/li><\/ul><\/div><\/div>\n<div  style='height:50px' class='hr hr-invisible  '><span class='hr-inner ' ><span class='hr-inner-style'><\/span><\/span><\/div>\n<div  class='av-buildercomment  av-blog-meta-html-info-disabled av-blog-meta-tag-disabled  '><\/div>\n","protected":false},"excerpt":{"rendered":"","protected":false},"author":1,"featured_media":17346,"comment_status":"open","ping_status":"open","sticky":false,"template":"","format":"standard","meta":{"footnotes":""},"categories":[38],"tags":[],"class_list":["post-18775","post","type-post","status-publish","format-standard","has-post-thumbnail","hentry","category-regional"],"jetpack_featured_media_url":"https:\/\/radiorevelacionfm.cl\/wp-content\/uploads\/2022\/05\/Alcalde-Chile-Chico-LM1.jpg","_links":{"self":[{"href":"https:\/\/radiorevelacionfm.cl\/index.php?rest_route=\/wp\/v2\/posts\/18775","targetHints":{"allow":["GET"]}}],"collection":[{"href":"https:\/\/radiorevelacionfm.cl\/index.php?rest_route=\/wp\/v2\/posts"}],"about":[{"href":"https:\/\/radiorevelacionfm.cl\/index.php?rest_route=\/wp\/v2\/types\/post"}],"author":[{"embeddable":true,"href":"https:\/\/radiorevelacionfm.cl\/index.php?rest_route=\/wp\/v2\/users\/1"}],"replies":[{"embeddable":true,"href":"https:\/\/radiorevelacionfm.cl\/index.php?rest_route=%2Fwp%2Fv2%2Fcomments&post=18775"}],"version-history":[{"count":3,"href":"https:\/\/radiorevelacionfm.cl\/index.php?rest_route=\/wp\/v2\/posts\/18775\/revisions"}],"predecessor-version":[{"id":18777,"href":"https:\/\/radiorevelacionfm.cl\/index.php?rest_route=\/wp\/v2\/posts\/18775\/revisions\/18777"}],"wp:featuredmedia":[{"embeddable":true,"href":"https:\/\/radiorevelacionfm.cl\/index.php?rest_route=\/wp\/v2\/media\/17346"}],"wp:attachment":[{"href":"https:\/\/radiorevelacionfm.cl\/index.php?rest_route=%2Fwp%2Fv2%2Fmedia&parent=18775"}],"wp:term":[{"taxonomy":"category","embeddable":true,"href":"https:\/\/radiorevelacionfm.cl\/index.php?rest_route=%2Fwp%2Fv2%2Fcategories&post=18775"},{"taxonomy":"post_tag","embeddable":true,"href":"https:\/\/radiorevelacionfm.cl\/index.php?rest_route=%2Fwp%2Fv2%2Ftags&post=18775"}],"curies":[{"name":"wp","href":"https:\/\/api.w.org\/{rel}","templated":true}]}}