{"id":18770,"date":"2022-07-03T16:46:33","date_gmt":"2022-07-03T19:46:33","guid":{"rendered":"https:\/\/radiorevelacionfm.cl\/?p=18770"},"modified":"2022-07-03T16:46:33","modified_gmt":"2022-07-03T19:46:33","slug":"autoridades-agilizan-traslado-provisorio-de-escuela-espana-debido-a-malas-condiciones","status":"publish","type":"post","link":"https:\/\/radiorevelacionfm.cl\/?p=18770","title":{"rendered":"Autoridades agilizan traslado provisorio de Escuela Espa\u00f1a debido a malas condiciones"},"content":{"rendered":"<div class=\"flex_column av_one_full  flex_column_div av-zero-column-padding first  avia-builder-el-0  el_before_av_one_full  avia-builder-el-first  \" style='border-radius:0px; '><div  class='avia-image-container  av-styling-    avia-builder-el-1  avia-builder-el-no-sibling  avia-align-center '  itemprop=\"image\" itemscope=\"itemscope\" itemtype=\"https:\/\/schema.org\/ImageObject\"  ><div class='avia-image-container-inner'><div class='avia-image-overlay-wrap'><img decoding=\"async\" class='wp-image-18772 avia-img-lazy-loading-not-18772 avia_image' src=\"https:\/\/radiorevelacionfm.cl\/wp-content\/uploads\/2022\/07\/escuela-espana-2-1_optimized.jpg\" alt='' title='escuela-espa\u00f1a-2-(1)_optimized' height=\"600\" width=\"1200\"  itemprop=\"thumbnailUrl\" srcset=\"https:\/\/radiorevelacionfm.cl\/wp-content\/uploads\/2022\/07\/escuela-espana-2-1_optimized.jpg 1200w, https:\/\/radiorevelacionfm.cl\/wp-content\/uploads\/2022\/07\/escuela-espana-2-1_optimized-300x150.jpg 300w, https:\/\/radiorevelacionfm.cl\/wp-content\/uploads\/2022\/07\/escuela-espana-2-1_optimized-1030x515.jpg 1030w, https:\/\/radiorevelacionfm.cl\/wp-content\/uploads\/2022\/07\/escuela-espana-2-1_optimized-768x384.jpg 768w, https:\/\/radiorevelacionfm.cl\/wp-content\/uploads\/2022\/07\/escuela-espana-2-1_optimized-705x353.jpg 705w, https:\/\/radiorevelacionfm.cl\/wp-content\/uploads\/2022\/07\/escuela-espana-2-1_optimized-600x300.jpg 600w\" sizes=\"(max-width: 1200px) 100vw, 1200px\" \/><\/div><\/div><\/div><\/div><div class=\"flex_column av_one_full  flex_column_div av-zero-column-padding first  avia-builder-el-2  el_after_av_one_full  el_before_av_one_full  column-top-margin\" style='border-radius:0px; '><section class=\"av_textblock_section \"  itemscope=\"itemscope\" itemtype=\"https:\/\/schema.org\/BlogPosting\" itemprop=\"blogPost\" ><div class='avia_textblock  '   itemprop=\"text\" ><p style=\"text-align: center;\"><span style=\"font-size: 18pt;\"><b>Autoridades agilizan traslado provisorio de Escuela Espa\u00f1a debido a malas condiciones<\/b><\/span><\/p>\n<div id=\"gtx-trans\" style=\"position: absolute; left: -50px; top: 4.31534px;\">\n<div class=\"gtx-trans-icon\"><\/div>\n<\/div>\n<\/div><\/section><\/div><div class=\"flex_column av_one_full  flex_column_div av-zero-column-padding first  avia-builder-el-4  el_after_av_one_full  el_before_av_hr  column-top-margin\" style='border-radius:0px; '><section class=\"av_textblock_section \"  itemscope=\"itemscope\" itemtype=\"https:\/\/schema.org\/BlogPosting\" itemprop=\"blogPost\" ><div class='avia_textblock  '   itemprop=\"text\" ><p class=\"v1MsoNormal\" style=\"text-align: justify;\">Esta semana se firmar\u00eda el convenio de arriendo de los inmuebles provisorios para el funcionamiento de la Escuela Espa\u00f1a, ya que la Direcci\u00f3n de Educaci\u00f3n P\u00fablica (DEP) del Mineduc, organismo que financiar\u00e1 el arriendo, confirm\u00f3 que los dos edificios cumplen con las caracter\u00edsticas para albergar a los ni\u00f1os y ni\u00f1as mientras se construye el nuevo edificio.<\/p>\n<p class=\"v1MsoNormal\" style=\"text-align: justify;\">La Seremi de Educaci\u00f3n de Ays\u00e9n Isabel Garrido Casassa inform\u00f3 que con ese documento, es decir con los contratos de arrendamientos de inmuebles firmados por el sostenedor se procede a la firma del convenio entre la Direcci\u00f3n de Educaci\u00f3n P\u00fablica con la Municipalidad Coyhaique mediante el cual se traspasan los recursos respectivos para financiar dicho arriendo.<\/p>\n<p class=\"v1MsoNormal\" style=\"text-align: justify;\">\u00abEsta es una buena noticia que nos permite avanzar con sentido de urgencia que amerita la situaci\u00f3n y adem\u00e1s con el respaldo adecuado para dar una soluci\u00f3n definitiva a la comunidad de la Escuela Especial Espa\u00f1a. Como ministerio en la regi\u00f3n hemos estado ocupados en este tema y lo hemos hecho a trav\u00e9s de una mesa de trabajo que fue convocada en los primeros d\u00edas de nuestro gobierno por el Delegado Presidencial Regional Rodrigo Araya. En esta instancia han participado el sostenedor, directivos y apoderados de la escuela, equipos t\u00e9cnicos de la SECREDUC y el DEM Coyhaique, y Ministerio de Desarrollo Social y Familia\u00bb.<\/p>\n<p class=\"v1MsoNormal\" style=\"text-align: justify;\">El Delegado Rodrigo Araya dijo que la mesa de trabajo ha permitido avanzar en respuestas concretas como esta, para abordar las urgentes soluciones que requiere esta comunidad educativa.<\/p>\n<p class=\"v1MsoNormal\" style=\"text-align: justify;\">\u00abCu\u00e1les son los procesos que vienen a continuaci\u00f3n en dos grandes \u00e1reas: lograr el traslado a dos establecimientos que puedan acoger a toda la actividad educativa que tienen los alumnos de la Escuela Espa\u00f1a, en mejores condiciones de las que est\u00e1n actualmente, y la Recomendaci\u00f3n Satisfactoria (RS) del proyecto de inversi\u00f3n para la construcci\u00f3n de la escuela Espa\u00f1a, cuyo dise\u00f1o ya est\u00e1 terminado\u00bb, expres\u00f3.<\/p>\n<p class=\"v1MsoNormal\" style=\"text-align: justify;\">Agreg\u00f3 Isabel Garrido que \u00abQueda muy poco para, al fin, entregar una soluci\u00f3n definitiva a los problemas de la Escuela Espa\u00f1a, que se arrastran hace m\u00e1s de una d\u00e9cada. Una vez que el municipio tenga listos los contratos de arriendo, procederemos a firmar el convenio entre la Direcci\u00f3n de Educaci\u00f3n P\u00fablica con la Municipalidad de Coyhaique, mediante el cual se traspasan los recursos para financiar dicho arriendo.\u00bb<\/p>\n<p class=\"v1MsoNormal\" style=\"text-align: justify;\">Isabel Garrido enfatiz\u00f3 que de parte del Gobierno y Ministerio de Educaci\u00f3n ha estado la voluntad y compromiso de financiar el arrendamiento de inmuebles para el funcionamiento provisorio de la Escuela mientras se ejecute el proyecto de reposici\u00f3n.<\/p>\n<p class=\"v1MsoNormal\" style=\"text-align: justify;\">\u00abTenemos plena consciencia de que sus estudiantes, profesores y funcionarios no pueden seguir con su proceso educativo en un inmueble que no re\u00fane \u00a0las condiciones de habitabilidad y seguridad para ello. Este es el compromiso de nuestro gobierno y lo reafirmamos con hechos concretos, con la firma del convenio que permita arrendar los inmuebles determinados por el sostenedor para ese fin\u00bb, concluy\u00f3 la autoridad regional sectorial.<\/p>\n<\/div><\/section><\/div><div  style='height:50px' class='hr hr-invisible   avia-builder-el-6  el_after_av_one_full  el_before_av_social_share '><span class='hr-inner ' ><span class='hr-inner-style'><\/span><\/span><\/div><\/p>\n<div  class='av-social-sharing-box  avia-builder-el-7  el_after_av_hr  el_before_av_hr  '><div class='av-share-box'><h5 class='av-share-link-description av-no-toc '>Compartir esta noticia<\/h5><ul class='av-share-box-list noLightbox'><li class='av-share-link av-social-link-facebook' ><a target=\"_blank\" aria-label=\"Compartir en Facebook\" href='https:\/\/www.facebook.com\/sharer.php?u=https:\/\/radiorevelacionfm.cl\/?p=18770&#038;t=Autoridades%20agilizan%20traslado%20provisorio%20de%20Escuela%20Espa%C3%B1a%20debido%20a%20malas%20condiciones' aria-hidden='false' data-av_icon='\ue8f3' data-av_iconfont='entypo-fontello' title='' data-avia-related-tooltip='Compartir en Facebook' rel=\"noopener\"><span class='avia_hidden_link_text'>Compartir en Facebook<\/span><\/a><\/li><li class='av-share-link av-social-link-twitter' ><a target=\"_blank\" aria-label=\"Compartir en Twitter\" href='https:\/\/twitter.com\/share?text=Autoridades%20agilizan%20traslado%20provisorio%20de%20Escuela%20Espa%C3%B1a%20debido%20a%20malas%20condiciones&#038;url=https:\/\/radiorevelacionfm.cl\/?p=18770' aria-hidden='false' data-av_icon='\ue8f1' data-av_iconfont='entypo-fontello' title='' data-avia-related-tooltip='Compartir en Twitter' rel=\"noopener\"><span class='avia_hidden_link_text'>Compartir en Twitter<\/span><\/a><\/li><li class='av-share-link av-social-link-whatsapp' ><a target=\"_blank\" aria-label=\"Compartir en Whatsapp\" href='https:\/\/api.whatsapp.com\/send?text=https:\/\/radiorevelacionfm.cl\/?p=18770' aria-hidden='false' data-av_icon='\uf232' data-av_iconfont='entypo-fontello' title='' data-avia-related-tooltip='Compartir en Whatsapp' rel=\"noopener\"><span class='avia_hidden_link_text'>Compartir en Whatsapp<\/span><\/a><\/li><li class='av-share-link av-social-link-linkedin' ><a target=\"_blank\" aria-label=\"Compartir en LinkedIn\" href='https:\/\/linkedin.com\/shareArticle?mini=true&#038;title=Autoridades%20agilizan%20traslado%20provisorio%20de%20Escuela%20Espa%C3%B1a%20debido%20a%20malas%20condiciones&#038;url=https:\/\/radiorevelacionfm.cl\/?p=18770' aria-hidden='false' data-av_icon='\ue8fc' data-av_iconfont='entypo-fontello' title='' data-avia-related-tooltip='Compartir en LinkedIn' rel=\"noopener\"><span class='avia_hidden_link_text'>Compartir en LinkedIn<\/span><\/a><\/li><li class='av-share-link av-social-link-mail' ><a  aria-label=\"Compartir por correo\" href='mailto:?subject=Autoridades%20agilizan%20traslado%20provisorio%20de%20Escuela%20Espa%C3%B1a%20debido%20a%20malas%20condiciones&#038;body=https:\/\/radiorevelacionfm.cl\/?p=18770' aria-hidden='false' data-av_icon='\ue805' data-av_iconfont='entypo-fontello' title='' data-avia-related-tooltip='Compartir por correo'><span class='avia_hidden_link_text'>Compartir por correo<\/span><\/a><\/li><\/ul><\/div><\/div>\n<div  style='height:50px' class='hr hr-invisible   avia-builder-el-8  el_after_av_social_share  el_before_av_comments_list '><span class='hr-inner ' ><span class='hr-inner-style'><\/span><\/span><\/div>\n<div  class='av-buildercomment  av-blog-meta-html-info-disabled av-blog-meta-tag-disabled  '><\/div>\n","protected":false},"excerpt":{"rendered":"","protected":false},"author":1,"featured_media":18772,"comment_status":"open","ping_status":"open","sticky":false,"template":"","format":"standard","meta":{"footnotes":""},"categories":[49],"tags":[],"class_list":["post-18770","post","type-post","status-publish","format-standard","has-post-thumbnail","hentry","category-educacion"],"jetpack_featured_media_url":"https:\/\/radiorevelacionfm.cl\/wp-content\/uploads\/2022\/07\/escuela-espana-2-1_optimized.jpg","_links":{"self":[{"href":"https:\/\/radiorevelacionfm.cl\/index.php?rest_route=\/wp\/v2\/posts\/18770","targetHints":{"allow":["GET"]}}],"collection":[{"href":"https:\/\/radiorevelacionfm.cl\/index.php?rest_route=\/wp\/v2\/posts"}],"about":[{"href":"https:\/\/radiorevelacionfm.cl\/index.php?rest_route=\/wp\/v2\/types\/post"}],"author":[{"embeddable":true,"href":"https:\/\/radiorevelacionfm.cl\/index.php?rest_route=\/wp\/v2\/users\/1"}],"replies":[{"embeddable":true,"href":"https:\/\/radiorevelacionfm.cl\/index.php?rest_route=%2Fwp%2Fv2%2Fcomments&post=18770"}],"version-history":[{"count":2,"href":"https:\/\/radiorevelacionfm.cl\/index.php?rest_route=\/wp\/v2\/posts\/18770\/revisions"}],"predecessor-version":[{"id":18774,"href":"https:\/\/radiorevelacionfm.cl\/index.php?rest_route=\/wp\/v2\/posts\/18770\/revisions\/18774"}],"wp:featuredmedia":[{"embeddable":true,"href":"https:\/\/radiorevelacionfm.cl\/index.php?rest_route=\/wp\/v2\/media\/18772"}],"wp:attachment":[{"href":"https:\/\/radiorevelacionfm.cl\/index.php?rest_route=%2Fwp%2Fv2%2Fmedia&parent=18770"}],"wp:term":[{"taxonomy":"category","embeddable":true,"href":"https:\/\/radiorevelacionfm.cl\/index.php?rest_route=%2Fwp%2Fv2%2Fcategories&post=18770"},{"taxonomy":"post_tag","embeddable":true,"href":"https:\/\/radiorevelacionfm.cl\/index.php?rest_route=%2Fwp%2Fv2%2Ftags&post=18770"}],"curies":[{"name":"wp","href":"https:\/\/api.w.org\/{rel}","templated":true}]}}