{"id":18766,"date":"2022-07-03T14:52:54","date_gmt":"2022-07-03T17:52:54","guid":{"rendered":"https:\/\/radiorevelacionfm.cl\/?p=18766"},"modified":"2022-07-03T14:52:54","modified_gmt":"2022-07-03T17:52:54","slug":"chile-chico-nave-pilchero-sufre-incendio-dejando-la-cocina-y-sala-de-pasajeros-destruidas","status":"publish","type":"post","link":"https:\/\/radiorevelacionfm.cl\/?p=18766","title":{"rendered":"Chile Chico: Nave Pilchero sufre incendio dejando la cocina y sala de pasajeros destruidas"},"content":{"rendered":"<div class=\"flex_column av_one_full  flex_column_div av-zero-column-padding first  avia-builder-el-0  el_before_av_one_full  avia-builder-el-first  \" style='border-radius:0px; '><div  class='avia-image-container  av-styling-    avia-builder-el-1  avia-builder-el-no-sibling  avia-align-center '  itemprop=\"image\" itemscope=\"itemscope\" itemtype=\"https:\/\/schema.org\/ImageObject\"  ><div class='avia-image-container-inner'><div class='avia-image-overlay-wrap'><img decoding=\"async\" class='wp-image-18767 avia-img-lazy-loading-not-18767 avia_image' src=\"https:\/\/radiorevelacionfm.cl\/wp-content\/uploads\/2022\/07\/La-Pilchero-incendio-1-1.jpg\" alt='' title='La Pilchero-incendio (1) (1)' height=\"600\" width=\"800\"  itemprop=\"thumbnailUrl\" srcset=\"https:\/\/radiorevelacionfm.cl\/wp-content\/uploads\/2022\/07\/La-Pilchero-incendio-1-1.jpg 800w, https:\/\/radiorevelacionfm.cl\/wp-content\/uploads\/2022\/07\/La-Pilchero-incendio-1-1-300x225.jpg 300w, https:\/\/radiorevelacionfm.cl\/wp-content\/uploads\/2022\/07\/La-Pilchero-incendio-1-1-768x576.jpg 768w, https:\/\/radiorevelacionfm.cl\/wp-content\/uploads\/2022\/07\/La-Pilchero-incendio-1-1-705x529.jpg 705w, https:\/\/radiorevelacionfm.cl\/wp-content\/uploads\/2022\/07\/La-Pilchero-incendio-1-1-600x450.jpg 600w\" sizes=\"(max-width: 800px) 100vw, 800px\" \/><\/div><\/div><\/div><\/div><div class=\"flex_column av_one_full  flex_column_div av-zero-column-padding first  avia-builder-el-2  el_after_av_one_full  el_before_av_one_full  column-top-margin\" style='border-radius:0px; '><section class=\"av_textblock_section \"  itemscope=\"itemscope\" itemtype=\"https:\/\/schema.org\/BlogPosting\" itemprop=\"blogPost\" ><div class='avia_textblock  '   itemprop=\"text\" ><p style=\"text-align: center;\"><strong><span style=\"font-size: 18pt;\">Chile Chico: Nave Pilchero sufre incendio dejando la cocina y sala de pasajeros destruidas<\/span><\/strong><\/p>\n<div id=\"gtx-trans\" style=\"position: absolute; left: -50px; top: 4.31534px;\">\n<div class=\"gtx-trans-icon\"><\/div>\n<\/div>\n<\/div><\/section><\/div><div class=\"flex_column av_one_full  flex_column_div av-zero-column-padding first  avia-builder-el-4  el_after_av_one_full  el_before_av_hr  column-top-margin\" style='border-radius:0px; '><section class=\"av_textblock_section \"  itemscope=\"itemscope\" itemtype=\"https:\/\/schema.org\/BlogPosting\" itemprop=\"blogPost\" ><div class='avia_textblock  '   itemprop=\"text\" ><p style=\"text-align: justify;\">As\u00ed lo confirm\u00f3 el Alcalde Luperciano Mu\u00f1oz esta ma\u00f1ana, \u00abinformamos que la barcaza Pilchero present\u00f3 una falla el\u00e9ctrica, generando un corto circuito que deriv\u00f3 en un incendio como se puede apreciar en las im\u00e1genes. Lamentablemente por esta situaci\u00f3n, dos personas debieron ser derivadas a nuestro hospital local\u00bb.<\/p>\n<p style=\"text-align: justify;\">Cerca de las 8.30 horas de esta ma\u00f1ana, personal del cuerpo de Bomberos de Chile Chico acudi\u00f3 al muelle de la ciudad debido a un incendio que se registr\u00f3 en el interior de la barcaza La Pilchero.<\/p>\n<p style=\"text-align: justify;\">Qu\u00e9 m\u00e1s tiene que ocurrir para que las autoridades comprendan que necesitamos otro tipo de embarcaci\u00f3n?. Lo hemos dicho incansablemente, los catamaranes son la soluci\u00f3n, embarcaciones r\u00e1pidas, con mayor frecuencia y seguras.<\/p>\n<p style=\"text-align: justify;\">Nuestra gente, nuestros vecinos, hoy tienen miedo de viajar en barcaza por el sin n\u00famero de situaciones que hemos tenido que enfrentar dada la mala condici\u00f3n t\u00e9cnica de las embarcaciones.<\/p>\n<p style=\"text-align: justify;\">Dado este nuevo escenario, necesitamos con urgencia 4 buses nuevos, del a\u00f1o, para que nuestros vecinos puedan viajar por Argentina y que se aumente el subsidio a\u00e9reo, adem\u00e1s de los informes t\u00e9cnicos de las barcazas Pilchero y Tehuelche.<\/p>\n<p style=\"text-align: justify;\">No queremos terminar lamentando una p\u00e9rdida humana por la irresponsabilidad y negligencia de algunas autoridades.<\/p>\n<p style=\"text-align: justify;\">Los antecedentes de este siniestro fueron remitidos a la Fiscal\u00eda, para investigar las causas y origen de este incendio.<\/p>\n<\/div><\/section><\/div><div  style='height:50px' class='hr hr-invisible   avia-builder-el-6  el_after_av_one_full  el_before_av_social_share '><span class='hr-inner ' ><span class='hr-inner-style'><\/span><\/span><\/div><\/p>\n<div  class='av-social-sharing-box  avia-builder-el-7  el_after_av_hr  el_before_av_hr  '><div class='av-share-box'><h5 class='av-share-link-description av-no-toc '>Compartir esta noticia<\/h5><ul class='av-share-box-list noLightbox'><li class='av-share-link av-social-link-facebook' ><a target=\"_blank\" aria-label=\"Compartir en Facebook\" href='https:\/\/www.facebook.com\/sharer.php?u=https:\/\/radiorevelacionfm.cl\/?p=18766&#038;t=Chile%20Chico%3A%20Nave%20Pilchero%20sufre%20incendio%20dejando%20la%20cocina%20y%20sala%20de%20pasajeros%20destruidas' aria-hidden='false' data-av_icon='\ue8f3' data-av_iconfont='entypo-fontello' title='' data-avia-related-tooltip='Compartir en Facebook' rel=\"noopener\"><span class='avia_hidden_link_text'>Compartir en Facebook<\/span><\/a><\/li><li class='av-share-link av-social-link-twitter' ><a target=\"_blank\" aria-label=\"Compartir en Twitter\" href='https:\/\/twitter.com\/share?text=Chile%20Chico%3A%20Nave%20Pilchero%20sufre%20incendio%20dejando%20la%20cocina%20y%20sala%20de%20pasajeros%20destruidas&#038;url=https:\/\/radiorevelacionfm.cl\/?p=18766' aria-hidden='false' data-av_icon='\ue8f1' data-av_iconfont='entypo-fontello' title='' data-avia-related-tooltip='Compartir en Twitter' rel=\"noopener\"><span class='avia_hidden_link_text'>Compartir en Twitter<\/span><\/a><\/li><li class='av-share-link av-social-link-whatsapp' ><a target=\"_blank\" aria-label=\"Compartir en Whatsapp\" href='https:\/\/api.whatsapp.com\/send?text=https:\/\/radiorevelacionfm.cl\/?p=18766' aria-hidden='false' data-av_icon='\uf232' data-av_iconfont='entypo-fontello' title='' data-avia-related-tooltip='Compartir en Whatsapp' rel=\"noopener\"><span class='avia_hidden_link_text'>Compartir en Whatsapp<\/span><\/a><\/li><li class='av-share-link av-social-link-linkedin' ><a target=\"_blank\" aria-label=\"Compartir en LinkedIn\" href='https:\/\/linkedin.com\/shareArticle?mini=true&#038;title=Chile%20Chico%3A%20Nave%20Pilchero%20sufre%20incendio%20dejando%20la%20cocina%20y%20sala%20de%20pasajeros%20destruidas&#038;url=https:\/\/radiorevelacionfm.cl\/?p=18766' aria-hidden='false' data-av_icon='\ue8fc' data-av_iconfont='entypo-fontello' title='' data-avia-related-tooltip='Compartir en LinkedIn' rel=\"noopener\"><span class='avia_hidden_link_text'>Compartir en LinkedIn<\/span><\/a><\/li><li class='av-share-link av-social-link-mail' ><a  aria-label=\"Compartir por correo\" href='mailto:?subject=Chile%20Chico%3A%20Nave%20Pilchero%20sufre%20incendio%20dejando%20la%20cocina%20y%20sala%20de%20pasajeros%20destruidas&#038;body=https:\/\/radiorevelacionfm.cl\/?p=18766' aria-hidden='false' data-av_icon='\ue805' data-av_iconfont='entypo-fontello' title='' data-avia-related-tooltip='Compartir por correo'><span class='avia_hidden_link_text'>Compartir por correo<\/span><\/a><\/li><\/ul><\/div><\/div>\n<div  style='height:50px' class='hr hr-invisible   avia-builder-el-8  el_after_av_social_share  el_before_av_comments_list '><span class='hr-inner ' ><span class='hr-inner-style'><\/span><\/span><\/div>\n<div  class='av-buildercomment  av-blog-meta-html-info-disabled av-blog-meta-tag-disabled  '><\/div>\n","protected":false},"excerpt":{"rendered":"","protected":false},"author":1,"featured_media":18767,"comment_status":"open","ping_status":"open","sticky":false,"template":"","format":"standard","meta":{"footnotes":""},"categories":[38],"tags":[],"class_list":["post-18766","post","type-post","status-publish","format-standard","has-post-thumbnail","hentry","category-regional"],"jetpack_featured_media_url":"https:\/\/radiorevelacionfm.cl\/wp-content\/uploads\/2022\/07\/La-Pilchero-incendio-1-1.jpg","_links":{"self":[{"href":"https:\/\/radiorevelacionfm.cl\/index.php?rest_route=\/wp\/v2\/posts\/18766","targetHints":{"allow":["GET"]}}],"collection":[{"href":"https:\/\/radiorevelacionfm.cl\/index.php?rest_route=\/wp\/v2\/posts"}],"about":[{"href":"https:\/\/radiorevelacionfm.cl\/index.php?rest_route=\/wp\/v2\/types\/post"}],"author":[{"embeddable":true,"href":"https:\/\/radiorevelacionfm.cl\/index.php?rest_route=\/wp\/v2\/users\/1"}],"replies":[{"embeddable":true,"href":"https:\/\/radiorevelacionfm.cl\/index.php?rest_route=%2Fwp%2Fv2%2Fcomments&post=18766"}],"version-history":[{"count":2,"href":"https:\/\/radiorevelacionfm.cl\/index.php?rest_route=\/wp\/v2\/posts\/18766\/revisions"}],"predecessor-version":[{"id":18769,"href":"https:\/\/radiorevelacionfm.cl\/index.php?rest_route=\/wp\/v2\/posts\/18766\/revisions\/18769"}],"wp:featuredmedia":[{"embeddable":true,"href":"https:\/\/radiorevelacionfm.cl\/index.php?rest_route=\/wp\/v2\/media\/18767"}],"wp:attachment":[{"href":"https:\/\/radiorevelacionfm.cl\/index.php?rest_route=%2Fwp%2Fv2%2Fmedia&parent=18766"}],"wp:term":[{"taxonomy":"category","embeddable":true,"href":"https:\/\/radiorevelacionfm.cl\/index.php?rest_route=%2Fwp%2Fv2%2Fcategories&post=18766"},{"taxonomy":"post_tag","embeddable":true,"href":"https:\/\/radiorevelacionfm.cl\/index.php?rest_route=%2Fwp%2Fv2%2Ftags&post=18766"}],"curies":[{"name":"wp","href":"https:\/\/api.w.org\/{rel}","templated":true}]}}