{"id":18751,"date":"2022-07-02T11:38:17","date_gmt":"2022-07-02T14:38:17","guid":{"rendered":"https:\/\/radiorevelacionfm.cl\/?p=18751"},"modified":"2022-07-02T12:13:06","modified_gmt":"2022-07-02T15:13:06","slug":"admisible-declaran-nueva-querella-de-capitulos-contra-jueza-de-garantia-de-coyhaique","status":"publish","type":"post","link":"https:\/\/radiorevelacionfm.cl\/?p=18751","title":{"rendered":"Admisible declaran nueva querella de cap\u00edtulos contra jueza de Garant\u00eda de Coyhaique"},"content":{"rendered":"<div class=\"flex_column av_one_full  flex_column_div av-zero-column-padding first  avia-builder-el-0  el_before_av_one_full  avia-builder-el-first  \" style='border-radius:0px; '><div  class='avia-image-container  av-styling-    avia-builder-el-1  avia-builder-el-no-sibling  avia-align-center '  itemprop=\"image\" itemscope=\"itemscope\" itemtype=\"https:\/\/schema.org\/ImageObject\"  ><div class='avia-image-container-inner'><div class='avia-image-overlay-wrap'><img decoding=\"async\" class='wp-image-8084 avia-img-lazy-loading-not-8084 avia_image' src=\"https:\/\/radiorevelacionfm.cl\/wp-content\/uploads\/2021\/08\/Magistrada-Cecilia-Urbina-1-1.jpg\" alt='' title='Magistrada Cecilia Urbina (1) (1)' height=\"600\" width=\"1051\"  itemprop=\"thumbnailUrl\" srcset=\"https:\/\/radiorevelacionfm.cl\/wp-content\/uploads\/2021\/08\/Magistrada-Cecilia-Urbina-1-1.jpg 1051w, https:\/\/radiorevelacionfm.cl\/wp-content\/uploads\/2021\/08\/Magistrada-Cecilia-Urbina-1-1-300x171.jpg 300w, https:\/\/radiorevelacionfm.cl\/wp-content\/uploads\/2021\/08\/Magistrada-Cecilia-Urbina-1-1-1030x588.jpg 1030w, https:\/\/radiorevelacionfm.cl\/wp-content\/uploads\/2021\/08\/Magistrada-Cecilia-Urbina-1-1-768x438.jpg 768w, https:\/\/radiorevelacionfm.cl\/wp-content\/uploads\/2021\/08\/Magistrada-Cecilia-Urbina-1-1-705x402.jpg 705w, https:\/\/radiorevelacionfm.cl\/wp-content\/uploads\/2021\/08\/Magistrada-Cecilia-Urbina-1-1-600x343.jpg 600w\" sizes=\"(max-width: 1051px) 100vw, 1051px\" \/><\/div><\/div><\/div><\/div><div class=\"flex_column av_one_full  flex_column_div av-zero-column-padding first  avia-builder-el-2  el_after_av_one_full  el_before_av_one_full  column-top-margin\" style='border-radius:0px; '><section class=\"av_textblock_section \"  itemscope=\"itemscope\" itemtype=\"https:\/\/schema.org\/BlogPosting\" itemprop=\"blogPost\" ><div class='avia_textblock  '   itemprop=\"text\" ><p style=\"text-align: center;\"><strong><span style=\"font-size: 18pt;\">Admisible declaran nueva querella de cap\u00edtulos contra jueza de Garant\u00eda de Coyhaique<\/span><\/strong><\/p>\n<div id=\"gtx-trans\" style=\"position: absolute; left: -50px; top: 4.31534px;\">\n<div class=\"gtx-trans-icon\"><\/div>\n<\/div>\n<\/div><\/section><\/div><\/p>\n<div class=\"flex_column av_one_full  flex_column_div av-zero-column-padding first  avia-builder-el-4  el_after_av_one_full  el_before_av_hr  column-top-margin\" style='border-radius:0px; '><section class=\"av_textblock_section \"  itemscope=\"itemscope\" itemtype=\"https:\/\/schema.org\/BlogPosting\" itemprop=\"blogPost\" ><div class='avia_textblock  '   itemprop=\"text\" ><p style=\"text-align: justify;\">La Corte de Apelaciones de Coyhaique declar\u00f3 admisible una nueva querella de cap\u00edtulos interpuesta por el Fiscal Regional de Ays\u00e9n, Carlos Palma Guerra, en contra de la Jueza Titular del Juzgado de Garant\u00eda de Coyhaique, Cecilia Urbina Pinto, quien se encuentra actualmente suspendida de sus funciones.<\/p>\n<p style=\"text-align: justify;\">Este cuarto hecho corresponde a un delito de prevaricaci\u00f3n, en el cual la Magistrada Urbina dict\u00f3 sentencia en una causa seguida contra su hijastro. Este hecho se suma a otra prevaricaci\u00f3n de similares caracter\u00edsticas y a una presunta revelaci\u00f3n de secreto, en una causa por el delito de tr\u00e1fico de drogas donde aparec\u00eda otro de sus hijastros involucrado. Es as\u00ed que, a este familiar de la magistrada, se le dict\u00f3 esta semana un veredicto condenatorio en su contra por tr\u00e1fico de estupefacientes, cuya sentencia y pena a cumplir ser\u00e1 le\u00edda el pr\u00f3ximo 14 de julio.<\/p>\n<p style=\"text-align: justify;\">DEFINICI\u00d3N<\/p>\n<p style=\"text-align: justify;\">Por todos estos delitos mencionados, la jueza fue formalizada el 21 de diciembre del a\u00f1o 2021. La querella de cap\u00edtulos es un antejuicio que declara que existe m\u00e9rito para la continuaci\u00f3n del proceso penal, debiendo ahora el Juzgado de Garant\u00eda fijar la audiencia de preparaci\u00f3n de juicio oral.<\/p>\n<p style=\"text-align: justify;\">Este cuarto hecho fue descubierto en el marco de las indagatorias que dirige el Fiscal Regional de Ays\u00e9n, Carlos Palma Guerra, cuyo equipo cuenta con la participaci\u00f3n de la fiscal adjunta Mar\u00eda In\u00e9s N\u00fa\u00f1ez y la Unidad de Asesor\u00eda Jur\u00eddica del Ministerio P\u00fablico. Las diligencias de investigaci\u00f3n han sido desarrolladas por la Brigada Antinarc\u00f3ticos y Contra el Crimen Organizado, Brianco, de la PDI.<\/p>\n<p style=\"text-align: justify;\">Durante la investigaci\u00f3n, el Fiscal Regional ha logrado reunir numerosas declaraciones de testigos, informes periciales, prueba documental, especies incautadas, fotograf\u00edas y otros medios de prueba en general, los cuales han permitido establecer la existencia del delito y la participaci\u00f3n.<\/p>\n<p style=\"text-align: justify;\">NUEVOS HECHOS<\/p>\n<p style=\"text-align: justify;\">Estos nuevos hechos consisten en la dictaci\u00f3n de una sentencia condenatoria en un procedimiento monitorio, respecto de un hijastro de la jueza, identificado como Mat\u00edas Jes\u00fas C\u00e1ceres V\u00e1squez. Lo anterior y de acuerdo a lo expuesto por la Fiscal\u00eda, corresponde al delito de prevaricaci\u00f3n, el que se describe en el art\u00edculo 224 n\u00famero 7 del C\u00f3digo Penal. All\u00ed se sanciona al que \u201ccuando con manifiesta implicancia, que les sea conocida y sin haberla hecho saber previamente a las partes, fallaren en causa criminal o civil\u201d.<\/p>\n<p style=\"text-align: justify;\">En este caso, el 22 de julio del a\u00f1o 2020, la jueza Titular del Juzgado de Garant\u00eda de Coyhaique, Cecilia Urbina Pinto, en ejercicio de sus funciones, dict\u00f3 sentencia condenatoria -a trav\u00e9s de una multa- en un procedimiento monitorio en contra de Mat\u00edas C\u00e1ceres V\u00e1squez, hijo de su c\u00f3nyuge, sin declarar el grado de parentesco que los un\u00eda.<\/p>\n<p style=\"text-align: justify;\">La querella de cap\u00edtulos fue declarada admisible por los ministros Sra. Natalia Rencoret Oliva, se\u00f1ores Pedro Castro Espinoza y Jos\u00e9 Ignacio Mora Trujillo, seg\u00fan se\u00f1ala la resoluci\u00f3n del Tribunal de Alzada.<\/p>\n<p style=\"text-align: justify;\">Tras esta resoluci\u00f3n, la defensa de la imputada tiene la posibilidad de presentar un recurso de apelaci\u00f3n ante la Excelent\u00edsima Corte Suprema, para lo cual tiene un plazo de 5 d\u00edas.<\/p>\n<\/div><\/section><\/div>\n<div  style='height:50px' class='hr hr-invisible   avia-builder-el-6  el_after_av_one_full  el_before_av_social_share '><span class='hr-inner ' ><span class='hr-inner-style'><\/span><\/span><\/div>\n<div  class='av-social-sharing-box  avia-builder-el-7  el_after_av_hr  el_before_av_hr  '><div class='av-share-box'><h5 class='av-share-link-description av-no-toc '>Compartir esta noticia<\/h5><ul class='av-share-box-list noLightbox'><li class='av-share-link av-social-link-facebook' ><a target=\"_blank\" aria-label=\"Compartir en Facebook\" href='https:\/\/www.facebook.com\/sharer.php?u=https:\/\/radiorevelacionfm.cl\/?p=18751&#038;t=Admisible%20declaran%20nueva%20querella%20de%20cap%C3%ADtulos%20contra%20jueza%20de%20Garant%C3%ADa%20de%20Coyhaique' aria-hidden='false' data-av_icon='\ue8f3' data-av_iconfont='entypo-fontello' title='' data-avia-related-tooltip='Compartir en Facebook' rel=\"noopener\"><span class='avia_hidden_link_text'>Compartir en Facebook<\/span><\/a><\/li><li class='av-share-link av-social-link-twitter' ><a target=\"_blank\" aria-label=\"Compartir en Twitter\" href='https:\/\/twitter.com\/share?text=Admisible%20declaran%20nueva%20querella%20de%20cap%C3%ADtulos%20contra%20jueza%20de%20Garant%C3%ADa%20de%20Coyhaique&#038;url=https:\/\/radiorevelacionfm.cl\/?p=18751' aria-hidden='false' data-av_icon='\ue8f1' data-av_iconfont='entypo-fontello' title='' data-avia-related-tooltip='Compartir en Twitter' rel=\"noopener\"><span class='avia_hidden_link_text'>Compartir en Twitter<\/span><\/a><\/li><li class='av-share-link av-social-link-whatsapp' ><a target=\"_blank\" aria-label=\"Compartir en Whatsapp\" href='https:\/\/api.whatsapp.com\/send?text=https:\/\/radiorevelacionfm.cl\/?p=18751' aria-hidden='false' data-av_icon='\uf232' data-av_iconfont='entypo-fontello' title='' data-avia-related-tooltip='Compartir en Whatsapp' rel=\"noopener\"><span class='avia_hidden_link_text'>Compartir en Whatsapp<\/span><\/a><\/li><li class='av-share-link av-social-link-linkedin' ><a target=\"_blank\" aria-label=\"Compartir en LinkedIn\" href='https:\/\/linkedin.com\/shareArticle?mini=true&#038;title=Admisible%20declaran%20nueva%20querella%20de%20cap%C3%ADtulos%20contra%20jueza%20de%20Garant%C3%ADa%20de%20Coyhaique&#038;url=https:\/\/radiorevelacionfm.cl\/?p=18751' aria-hidden='false' data-av_icon='\ue8fc' data-av_iconfont='entypo-fontello' title='' data-avia-related-tooltip='Compartir en LinkedIn' rel=\"noopener\"><span class='avia_hidden_link_text'>Compartir en LinkedIn<\/span><\/a><\/li><li class='av-share-link av-social-link-mail' ><a  aria-label=\"Compartir por correo\" href='mailto:?subject=Admisible%20declaran%20nueva%20querella%20de%20cap%C3%ADtulos%20contra%20jueza%20de%20Garant%C3%ADa%20de%20Coyhaique&#038;body=https:\/\/radiorevelacionfm.cl\/?p=18751' aria-hidden='false' data-av_icon='\ue805' data-av_iconfont='entypo-fontello' title='' data-avia-related-tooltip='Compartir por correo'><span class='avia_hidden_link_text'>Compartir por correo<\/span><\/a><\/li><\/ul><\/div><\/div>\n<div  style='height:50px' class='hr hr-invisible   avia-builder-el-8  el_after_av_social_share  el_before_av_comments_list '><span class='hr-inner ' ><span class='hr-inner-style'><\/span><\/span><\/div>\n<div  class='av-buildercomment  av-blog-meta-html-info-disabled av-blog-meta-tag-disabled  '><\/div>\n","protected":false},"excerpt":{"rendered":"","protected":false},"author":1,"featured_media":8084,"comment_status":"open","ping_status":"open","sticky":false,"template":"","format":"standard","meta":{"footnotes":""},"categories":[55],"tags":[],"class_list":["post-18751","post","type-post","status-publish","format-standard","has-post-thumbnail","hentry","category-justicia"],"jetpack_featured_media_url":"https:\/\/radiorevelacionfm.cl\/wp-content\/uploads\/2021\/08\/Magistrada-Cecilia-Urbina-1-1.jpg","_links":{"self":[{"href":"https:\/\/radiorevelacionfm.cl\/index.php?rest_route=\/wp\/v2\/posts\/18751","targetHints":{"allow":["GET"]}}],"collection":[{"href":"https:\/\/radiorevelacionfm.cl\/index.php?rest_route=\/wp\/v2\/posts"}],"about":[{"href":"https:\/\/radiorevelacionfm.cl\/index.php?rest_route=\/wp\/v2\/types\/post"}],"author":[{"embeddable":true,"href":"https:\/\/radiorevelacionfm.cl\/index.php?rest_route=\/wp\/v2\/users\/1"}],"replies":[{"embeddable":true,"href":"https:\/\/radiorevelacionfm.cl\/index.php?rest_route=%2Fwp%2Fv2%2Fcomments&post=18751"}],"version-history":[{"count":4,"href":"https:\/\/radiorevelacionfm.cl\/index.php?rest_route=\/wp\/v2\/posts\/18751\/revisions"}],"predecessor-version":[{"id":18756,"href":"https:\/\/radiorevelacionfm.cl\/index.php?rest_route=\/wp\/v2\/posts\/18751\/revisions\/18756"}],"wp:featuredmedia":[{"embeddable":true,"href":"https:\/\/radiorevelacionfm.cl\/index.php?rest_route=\/wp\/v2\/media\/8084"}],"wp:attachment":[{"href":"https:\/\/radiorevelacionfm.cl\/index.php?rest_route=%2Fwp%2Fv2%2Fmedia&parent=18751"}],"wp:term":[{"taxonomy":"category","embeddable":true,"href":"https:\/\/radiorevelacionfm.cl\/index.php?rest_route=%2Fwp%2Fv2%2Fcategories&post=18751"},{"taxonomy":"post_tag","embeddable":true,"href":"https:\/\/radiorevelacionfm.cl\/index.php?rest_route=%2Fwp%2Fv2%2Ftags&post=18751"}],"curies":[{"name":"wp","href":"https:\/\/api.w.org\/{rel}","templated":true}]}}