{"id":18747,"date":"2022-07-02T10:27:25","date_gmt":"2022-07-02T13:27:25","guid":{"rendered":"https:\/\/radiorevelacionfm.cl\/?p=18747"},"modified":"2022-07-02T10:27:25","modified_gmt":"2022-07-02T13:27:25","slug":"ante-nieve-caida-carabineros-llama-a-conductores-a-planificar-los-viajes-y-verificar-las-condiciones-tecnicas-del-vehiculo","status":"publish","type":"post","link":"https:\/\/radiorevelacionfm.cl\/?p=18747","title":{"rendered":"Ante nieve ca\u00edda Carabineros llama a conductores a planificar los viajes y verificar las condiciones t\u00e9cnicas del veh\u00edculo"},"content":{"rendered":"<div class=\"flex_column av_one_full  flex_column_div av-zero-column-padding first  avia-builder-el-0  el_before_av_one_full  avia-builder-el-first  \" style='border-radius:0px; '><div  class='avia-image-container  av-styling-    avia-builder-el-1  avia-builder-el-no-sibling  avia-align-center '  itemprop=\"image\" itemscope=\"itemscope\" itemtype=\"https:\/\/schema.org\/ImageObject\"  ><div class='avia-image-container-inner'><div class='avia-image-overlay-wrap'><img decoding=\"async\" class='wp-image-18748 avia-img-lazy-loading-not-18748 avia_image' src=\"https:\/\/radiorevelacionfm.cl\/wp-content\/uploads\/2022\/07\/798d544b-d82e-4013-9a25-83d4a2090f99-1-1.jpg\" alt='' title='798d544b-d82e-4013-9a25-83d4a2090f99 (1) (1)' height=\"600\" width=\"1333\"  itemprop=\"thumbnailUrl\" srcset=\"https:\/\/radiorevelacionfm.cl\/wp-content\/uploads\/2022\/07\/798d544b-d82e-4013-9a25-83d4a2090f99-1-1.jpg 1333w, https:\/\/radiorevelacionfm.cl\/wp-content\/uploads\/2022\/07\/798d544b-d82e-4013-9a25-83d4a2090f99-1-1-300x135.jpg 300w, https:\/\/radiorevelacionfm.cl\/wp-content\/uploads\/2022\/07\/798d544b-d82e-4013-9a25-83d4a2090f99-1-1-1030x464.jpg 1030w, https:\/\/radiorevelacionfm.cl\/wp-content\/uploads\/2022\/07\/798d544b-d82e-4013-9a25-83d4a2090f99-1-1-768x346.jpg 768w, https:\/\/radiorevelacionfm.cl\/wp-content\/uploads\/2022\/07\/798d544b-d82e-4013-9a25-83d4a2090f99-1-1-705x317.jpg 705w, https:\/\/radiorevelacionfm.cl\/wp-content\/uploads\/2022\/07\/798d544b-d82e-4013-9a25-83d4a2090f99-1-1-600x270.jpg 600w\" sizes=\"(max-width: 1333px) 100vw, 1333px\" \/><\/div><\/div><\/div><\/div><div class=\"flex_column av_one_full  flex_column_div av-zero-column-padding first  avia-builder-el-2  el_after_av_one_full  el_before_av_one_full  column-top-margin\" style='border-radius:0px; '><section class=\"av_textblock_section \"  itemscope=\"itemscope\" itemtype=\"https:\/\/schema.org\/BlogPosting\" itemprop=\"blogPost\" ><div class='avia_textblock  '   itemprop=\"text\" ><p style=\"text-align: center;\"><strong><span style=\"font-size: 18pt;\">Ante nieve ca\u00edda Carabineros llama a conductores a planificar los viajes y verificar las condiciones t\u00e9cnicas del veh\u00edculo<\/span><\/strong><\/p>\n<div id=\"gtx-trans\" style=\"position: absolute; left: -50px; top: 4.31534px;\">\n<div class=\"gtx-trans-icon\"><\/div>\n<\/div>\n<\/div><\/section><\/div><div class=\"flex_column av_one_full  flex_column_div av-zero-column-padding first  avia-builder-el-4  el_after_av_one_full  el_before_av_hr  column-top-margin\" style='border-radius:0px; '><section class=\"av_textblock_section \"  itemscope=\"itemscope\" itemtype=\"https:\/\/schema.org\/BlogPosting\" itemprop=\"blogPost\" ><div class='avia_textblock  '   itemprop=\"text\" ><p class=\"v1MsoNormal\" style=\"text-align: justify;\">Dado el sistema frontal y las precipitaciones de nieve registradas en diversos puntos de la regi\u00f3n de Ays\u00e9n, Carabineros de Coyhaique reiter\u00f3 el llamado a los conductores a adoptar los resguardos necesarios en sus desplazamientos con la finalidad de prevenir imprevistos o la ocurrencia de accidentes de tr\u00e1nsito en las v\u00edas.<\/p>\n<p class=\"v1MsoNormal\" style=\"text-align: justify;\">Al respecto el Comisario de\u00a0 Coyhaique, Mayor Franco Herrera Quezada, inst\u00f3 a los automovilistas a planificar los viajes, toda vez que el frente clim\u00e1tico se ha traducido en abundante nieve ca\u00edda en el sector de \u00d1irehuao y El Richard, lugar donde fue desplegado Carabineros con la finalidad de entregar recomendaciones y brindar la ayuda que sea requerida por parte de los conductores o usuarios de la v\u00eda en este punto de la comuna.<\/p>\n<p class=\"v1MsoNormal\" style=\"text-align: justify;\">Una situaci\u00f3n similar se presenta en el sector El Cofr\u00e9 con ca\u00edda de \u00e1rboles y acumulaci\u00f3n de nieve.<\/p>\n<p class=\"v1MsoNormal\" style=\"text-align: justify;\">\u00abA tomar las precauciones, hacer uso de cadenas cuando el veh\u00edculo as\u00ed lo requiera y si es factible poder aplazar algunos desplazamientos a estos lugares por cuanto no tengan la condiciones t\u00e9cnicas del veh\u00edculo apropiadas, por favor hacerlo\u00bb, sugiri\u00f3 el Comisario de Coyhaique.<\/p>\n<p class=\"v1MsoNormal\" style=\"text-align: justify;\">El Oficial Jefe a\u00f1adi\u00f3 que el personal se encuentra desplegado en las rutas, con la finalidad de realizar prevenci\u00f3n y entregar informaci\u00f3n u orientaci\u00f3n a los conductores, toda vez que existen diversos sectores sin cobertura de telefon\u00eda m\u00f3vil, situaci\u00f3n que podr\u00eda complejizar a quien pueda requerir ayuda \u2013especialmente durante la noche- ante un eventual desperfecto en estos lugares bajo esta condici\u00f3n clim\u00e1tica, motivo por el cual viajes de este tipo deben ser planificados y realizados con las condiciones t\u00e9cnicas adecuadas.<\/p>\n<\/div><\/section><\/div><div  style='height:50px' class='hr hr-invisible   avia-builder-el-6  el_after_av_one_full  el_before_av_social_share '><span class='hr-inner ' ><span class='hr-inner-style'><\/span><\/span><\/div><\/p>\n<div  class='av-social-sharing-box  avia-builder-el-7  el_after_av_hr  el_before_av_hr  '><div class='av-share-box'><h5 class='av-share-link-description av-no-toc '>Compartir esta noticia<\/h5><ul class='av-share-box-list noLightbox'><li class='av-share-link av-social-link-facebook' ><a target=\"_blank\" aria-label=\"Compartir en Facebook\" href='https:\/\/www.facebook.com\/sharer.php?u=https:\/\/radiorevelacionfm.cl\/?p=18747&#038;t=Ante%20nieve%20ca%C3%ADda%20Carabineros%20llama%20a%20conductores%20a%20planificar%20los%20viajes%20y%20verificar%20las%20condiciones%20t%C3%A9cnicas%20del%20veh%C3%ADculo' aria-hidden='false' data-av_icon='\ue8f3' data-av_iconfont='entypo-fontello' title='' data-avia-related-tooltip='Compartir en Facebook' rel=\"noopener\"><span class='avia_hidden_link_text'>Compartir en Facebook<\/span><\/a><\/li><li class='av-share-link av-social-link-twitter' ><a target=\"_blank\" aria-label=\"Compartir en Twitter\" href='https:\/\/twitter.com\/share?text=Ante%20nieve%20ca%C3%ADda%20Carabineros%20llama%20a%20conductores%20a%20planificar%20los%20viajes%20y%20verificar%20las%20condiciones%20t%C3%A9cnicas%20del%20veh%C3%ADculo&#038;url=https:\/\/radiorevelacionfm.cl\/?p=18747' aria-hidden='false' data-av_icon='\ue8f1' data-av_iconfont='entypo-fontello' title='' data-avia-related-tooltip='Compartir en Twitter' rel=\"noopener\"><span class='avia_hidden_link_text'>Compartir en Twitter<\/span><\/a><\/li><li class='av-share-link av-social-link-whatsapp' ><a target=\"_blank\" aria-label=\"Compartir en Whatsapp\" href='https:\/\/api.whatsapp.com\/send?text=https:\/\/radiorevelacionfm.cl\/?p=18747' aria-hidden='false' data-av_icon='\uf232' data-av_iconfont='entypo-fontello' title='' data-avia-related-tooltip='Compartir en Whatsapp' rel=\"noopener\"><span class='avia_hidden_link_text'>Compartir en Whatsapp<\/span><\/a><\/li><li class='av-share-link av-social-link-linkedin' ><a target=\"_blank\" aria-label=\"Compartir en LinkedIn\" href='https:\/\/linkedin.com\/shareArticle?mini=true&#038;title=Ante%20nieve%20ca%C3%ADda%20Carabineros%20llama%20a%20conductores%20a%20planificar%20los%20viajes%20y%20verificar%20las%20condiciones%20t%C3%A9cnicas%20del%20veh%C3%ADculo&#038;url=https:\/\/radiorevelacionfm.cl\/?p=18747' aria-hidden='false' data-av_icon='\ue8fc' data-av_iconfont='entypo-fontello' title='' data-avia-related-tooltip='Compartir en LinkedIn' rel=\"noopener\"><span class='avia_hidden_link_text'>Compartir en LinkedIn<\/span><\/a><\/li><li class='av-share-link av-social-link-mail' ><a  aria-label=\"Compartir por correo\" href='mailto:?subject=Ante%20nieve%20ca%C3%ADda%20Carabineros%20llama%20a%20conductores%20a%20planificar%20los%20viajes%20y%20verificar%20las%20condiciones%20t%C3%A9cnicas%20del%20veh%C3%ADculo&#038;body=https:\/\/radiorevelacionfm.cl\/?p=18747' aria-hidden='false' data-av_icon='\ue805' data-av_iconfont='entypo-fontello' title='' data-avia-related-tooltip='Compartir por correo'><span class='avia_hidden_link_text'>Compartir por correo<\/span><\/a><\/li><\/ul><\/div><\/div>\n<div  style='height:50px' class='hr hr-invisible   avia-builder-el-8  el_after_av_social_share  el_before_av_comments_list '><span class='hr-inner ' ><span class='hr-inner-style'><\/span><\/span><\/div>\n<div  class='av-buildercomment  av-blog-meta-html-info-disabled av-blog-meta-tag-disabled  '><\/div>\n","protected":false},"excerpt":{"rendered":"","protected":false},"author":1,"featured_media":18748,"comment_status":"open","ping_status":"open","sticky":false,"template":"","format":"standard","meta":{"footnotes":""},"categories":[36],"tags":[],"class_list":["post-18747","post","type-post","status-publish","format-standard","has-post-thumbnail","hentry","category-policial"],"jetpack_featured_media_url":"https:\/\/radiorevelacionfm.cl\/wp-content\/uploads\/2022\/07\/798d544b-d82e-4013-9a25-83d4a2090f99-1-1.jpg","_links":{"self":[{"href":"https:\/\/radiorevelacionfm.cl\/index.php?rest_route=\/wp\/v2\/posts\/18747","targetHints":{"allow":["GET"]}}],"collection":[{"href":"https:\/\/radiorevelacionfm.cl\/index.php?rest_route=\/wp\/v2\/posts"}],"about":[{"href":"https:\/\/radiorevelacionfm.cl\/index.php?rest_route=\/wp\/v2\/types\/post"}],"author":[{"embeddable":true,"href":"https:\/\/radiorevelacionfm.cl\/index.php?rest_route=\/wp\/v2\/users\/1"}],"replies":[{"embeddable":true,"href":"https:\/\/radiorevelacionfm.cl\/index.php?rest_route=%2Fwp%2Fv2%2Fcomments&post=18747"}],"version-history":[{"count":2,"href":"https:\/\/radiorevelacionfm.cl\/index.php?rest_route=\/wp\/v2\/posts\/18747\/revisions"}],"predecessor-version":[{"id":18753,"href":"https:\/\/radiorevelacionfm.cl\/index.php?rest_route=\/wp\/v2\/posts\/18747\/revisions\/18753"}],"wp:featuredmedia":[{"embeddable":true,"href":"https:\/\/radiorevelacionfm.cl\/index.php?rest_route=\/wp\/v2\/media\/18748"}],"wp:attachment":[{"href":"https:\/\/radiorevelacionfm.cl\/index.php?rest_route=%2Fwp%2Fv2%2Fmedia&parent=18747"}],"wp:term":[{"taxonomy":"category","embeddable":true,"href":"https:\/\/radiorevelacionfm.cl\/index.php?rest_route=%2Fwp%2Fv2%2Fcategories&post=18747"},{"taxonomy":"post_tag","embeddable":true,"href":"https:\/\/radiorevelacionfm.cl\/index.php?rest_route=%2Fwp%2Fv2%2Ftags&post=18747"}],"curies":[{"name":"wp","href":"https:\/\/api.w.org\/{rel}","templated":true}]}}