{"id":18743,"date":"2022-07-01T19:33:50","date_gmt":"2022-07-01T22:33:50","guid":{"rendered":"https:\/\/radiorevelacionfm.cl\/?p=18743"},"modified":"2022-07-01T19:33:50","modified_gmt":"2022-07-01T22:33:50","slug":"carabineros-de-coyhaique-detuvo-a-dos-sujetos-por-robo-con-intimidacion-a-repartidor-de-delivery","status":"publish","type":"post","link":"https:\/\/radiorevelacionfm.cl\/?p=18743","title":{"rendered":"Carabineros de Coyhaique detuvo a dos sujetos por robo con intimidaci\u00f3n a repartidor de delivery"},"content":{"rendered":"<div class=\"flex_column av_one_full  flex_column_div av-zero-column-padding first  avia-builder-el-0  el_before_av_one_full  avia-builder-el-first  \" style='border-radius:0px; '><div  class='avia-image-container  av-styling-    avia-builder-el-1  avia-builder-el-no-sibling  avia-align-center '  itemprop=\"image\" itemscope=\"itemscope\" itemtype=\"https:\/\/schema.org\/ImageObject\"  ><div class='avia-image-container-inner'><div class='avia-image-overlay-wrap'><img decoding=\"async\" class='wp-image-18744 avia-img-lazy-loading-not-18744 avia_image' src=\"https:\/\/radiorevelacionfm.cl\/wp-content\/uploads\/2022\/07\/carro-1.jpg\" alt='' title='carro (1)' height=\"622\" width=\"992\"  itemprop=\"thumbnailUrl\" srcset=\"https:\/\/radiorevelacionfm.cl\/wp-content\/uploads\/2022\/07\/carro-1.jpg 992w, https:\/\/radiorevelacionfm.cl\/wp-content\/uploads\/2022\/07\/carro-1-300x188.jpg 300w, https:\/\/radiorevelacionfm.cl\/wp-content\/uploads\/2022\/07\/carro-1-768x482.jpg 768w, https:\/\/radiorevelacionfm.cl\/wp-content\/uploads\/2022\/07\/carro-1-705x442.jpg 705w, https:\/\/radiorevelacionfm.cl\/wp-content\/uploads\/2022\/07\/carro-1-600x376.jpg 600w\" sizes=\"(max-width: 992px) 100vw, 992px\" \/><\/div><\/div><\/div><\/div><div class=\"flex_column av_one_full  flex_column_div av-zero-column-padding first  avia-builder-el-2  el_after_av_one_full  el_before_av_one_full  column-top-margin\" style='border-radius:0px; '><section class=\"av_textblock_section \"  itemscope=\"itemscope\" itemtype=\"https:\/\/schema.org\/BlogPosting\" itemprop=\"blogPost\" ><div class='avia_textblock  '   itemprop=\"text\" ><p style=\"text-align: center;\"><strong><span style=\"font-size: 18pt;\">Carabineros de Coyhaique detuvo a dos sujetos por robo con intimidaci\u00f3n a repartidor de delivery\u00a0<\/span><\/strong><\/p>\n<div id=\"gtx-trans\" style=\"position: absolute; left: -50px; top: 4.31534px;\">\n<div class=\"gtx-trans-icon\"><\/div>\n<\/div>\n<\/div><\/section><\/div><div class=\"flex_column av_one_full  flex_column_div av-zero-column-padding first  avia-builder-el-4  el_after_av_one_full  el_before_av_hr  column-top-margin\" style='border-radius:0px; '><section class=\"av_textblock_section \"  itemscope=\"itemscope\" itemtype=\"https:\/\/schema.org\/BlogPosting\" itemprop=\"blogPost\" ><div class='avia_textblock  '   itemprop=\"text\" ><p class=\"v1MsoNormal\" style=\"text-align: justify;\">Tras la oportuna denuncia, Carabineros de la 1ra. Comisar\u00eda de Coyhaique, logr\u00f3 en horas de esta madrugada, la detenci\u00f3n de un sujeto por el delito de robo con intimidaci\u00f3n, da\u00f1os a la propiedad fiscal y amenazas al personal institucional, tras un hecho perpetrado en contra de un repartidor de un servicio de delivery de esta ciudad.<\/p>\n<p class=\"v1MsoNormal\" style=\"text-align: justify;\">Seg\u00fan indic\u00f3 el Comisario de Coyhaique, Mayor Franco Herrera Quezada, siendo aproximadamente las 04:00 horas, una persona que desempe\u00f1a funciones como repartidor de comida r\u00e1pida, se traslad\u00f3 hasta un domicilio de calle Isla Picton con la finalidad entregar el producto solicitado.<\/p>\n<p class=\"v1MsoNormal\" style=\"text-align: justify;\">\u00abAl llegar con dicho pedido solicitado, fue abordado por dos sujetos. Uno de ellos abri\u00f3 la puerta del conductor, lo intimid\u00f3 con un arma blanca, sustrayendo su tel\u00e9fono celular y dinero en efectivo, en tanto que el segundo sujeto le sustrajo el pedido que ellos hab\u00edan realizado\u00bb, expres\u00f3 el Comisario.<\/p>\n<p class=\"v1MsoNormal\" style=\"text-align: justify;\"><b>Frustran intento de agresi\u00f3n al personal<\/b><\/p>\n<p class=\"v1MsoNormal\" style=\"text-align: justify;\">Tras lo anterior, en un momento de descuido por parte de los antisociales, la v\u00edctima logr\u00f3 huir y ponerse a salvo y, desde las proximidades solicit\u00f3 la presencia de Carabineros, dispositivo que arrib\u00f3 en tiempo r\u00e9cord al lugar.<\/p>\n<p class=\"v1MsoNormal\" style=\"text-align: justify;\">\u00abAl momento que Carabineros va a detener a estas personas, uno de ellos extrae el arma blanca que momentos antes hab\u00eda utilizado para intimidar a la v\u00edctima y amenaza a los carabineros. Con la colaboraci\u00f3n de otros dispositivos de Coyhaique, se logr\u00f3 la reducci\u00f3n de este sujeto, en tanto el segundo individuo ingres\u00f3 a un domicilio particular y desde el interior llev\u00f3 a la v\u00eda p\u00fablica un l\u00edquido qu\u00edmico \u2013que est\u00e1 en an\u00e1lisis- con el cual roci\u00f3 al personal institucional en sus vestimentas y equipamiento, adem\u00e1s les lanz\u00f3 pintura y ten\u00eda intenciones de hacer la combusti\u00f3n de este l\u00edquido, por cuanto se encontraba premunido de un encendedor\u00bb, detall\u00f3 el Mayor Herrera.<\/p>\n<p class=\"v1MsoNormal\" style=\"text-align: justify;\">Lo anterior motiv\u00f3 r\u00e1pida respuesta por parte del personal, logrando proteger a la v\u00edctima y evitar un hecho de gravedad que pudiera comprometer la integridad de los carabineros en el procedimiento.<\/p>\n<p class=\"v1MsoNormal\" style=\"text-align: justify;\">\u00abEsa situaci\u00f3n fue anulada, esta persona fue detenida y reducida en el lugar, no fue necesario el uso de armas de fuego. Actualmente estas personas se encuentran detenidas en el cuartel y se les imputan los delitos de robo con intimidaci\u00f3n, da\u00f1os a la propiedad fiscal y amenazas al personal institucional\u00bb, a\u00f1adi\u00f3 el Oficial Jefe.<\/p>\n<p class=\"v1MsoNormal\" style=\"text-align: justify;\">Los antecedentes del procedimiento fueron puestos en conocimiento de la Fiscal\u00eda que dirige investigaci\u00f3n por este hecho.<\/p>\n<p class=\"v1MsoNormal\" style=\"text-align: justify;\">Ambos detenidos son de nacionalidad chilena con domicilio en la ciudad de Concepci\u00f3n, poseen antecedentes por hurto y conducci\u00f3n en estado de ebriedad, quienes se encuentran en situaci\u00f3n laboral en la regi\u00f3n de Ays\u00e9n.<\/p>\n<p class=\"v1MsoNormal\" style=\"text-align: justify;\"><b>Drogas y alcohol en la conducci\u00f3n\u00a0\u00a0\u00a0<\/b><\/p>\n<p class=\"v1MsoNormal\" style=\"text-align: justify;\">En otro \u00e1mbito, Carabineros de la 1ra. Comisar\u00eda de Coyhaique en coordinaci\u00f3n con Senda, ha efectuado en las \u00faltimas horas diversos controles vehiculares, logrando la detenci\u00f3n de cuatro personas, uno de ellos por conducir veh\u00edculo motorizado bajo los efectos de la droga, situaci\u00f3n que fue detectada mediante examen de narcotest, en tanto que otras tres fueron detectadas conduciendo en estado de ebriedad, situaci\u00f3n que fue corroborada tras un examen respiratorio.<\/p>\n<p style=\"text-align: justify;\">Los antecedentes fueron remitidos a la Fiscal\u00eda, siendo uno de ellos derivado a la audiencia de control de detenci\u00f3n, en tanto que los conductores restantes fueron dejados en libertad, permaneciendo en espera de citaci\u00f3n por parte del organismo persecutor.<\/p>\n<\/div><\/section><\/div><div  style='height:50px' class='hr hr-invisible   avia-builder-el-6  el_after_av_one_full  el_before_av_social_share '><span class='hr-inner ' ><span class='hr-inner-style'><\/span><\/span><\/div><\/p>\n<div  class='av-social-sharing-box  avia-builder-el-7  el_after_av_hr  el_before_av_hr  '><div class='av-share-box'><h5 class='av-share-link-description av-no-toc '>Compartir esta noticia<\/h5><ul class='av-share-box-list noLightbox'><li class='av-share-link av-social-link-facebook' ><a target=\"_blank\" aria-label=\"Compartir en Facebook\" href='https:\/\/www.facebook.com\/sharer.php?u=https:\/\/radiorevelacionfm.cl\/?p=18743&#038;t=Carabineros%20de%20Coyhaique%20detuvo%20a%20dos%20sujetos%20por%20robo%20con%20intimidaci%C3%B3n%20a%20repartidor%20de%20delivery' aria-hidden='false' data-av_icon='\ue8f3' data-av_iconfont='entypo-fontello' title='' data-avia-related-tooltip='Compartir en Facebook' rel=\"noopener\"><span class='avia_hidden_link_text'>Compartir en Facebook<\/span><\/a><\/li><li class='av-share-link av-social-link-twitter' ><a target=\"_blank\" aria-label=\"Compartir en Twitter\" href='https:\/\/twitter.com\/share?text=Carabineros%20de%20Coyhaique%20detuvo%20a%20dos%20sujetos%20por%20robo%20con%20intimidaci%C3%B3n%20a%20repartidor%20de%20delivery&#038;url=https:\/\/radiorevelacionfm.cl\/?p=18743' aria-hidden='false' data-av_icon='\ue8f1' data-av_iconfont='entypo-fontello' title='' data-avia-related-tooltip='Compartir en Twitter' rel=\"noopener\"><span class='avia_hidden_link_text'>Compartir en Twitter<\/span><\/a><\/li><li class='av-share-link av-social-link-whatsapp' ><a target=\"_blank\" aria-label=\"Compartir en Whatsapp\" href='https:\/\/api.whatsapp.com\/send?text=https:\/\/radiorevelacionfm.cl\/?p=18743' aria-hidden='false' data-av_icon='\uf232' data-av_iconfont='entypo-fontello' title='' data-avia-related-tooltip='Compartir en Whatsapp' rel=\"noopener\"><span class='avia_hidden_link_text'>Compartir en Whatsapp<\/span><\/a><\/li><li class='av-share-link av-social-link-linkedin' ><a target=\"_blank\" aria-label=\"Compartir en LinkedIn\" href='https:\/\/linkedin.com\/shareArticle?mini=true&#038;title=Carabineros%20de%20Coyhaique%20detuvo%20a%20dos%20sujetos%20por%20robo%20con%20intimidaci%C3%B3n%20a%20repartidor%20de%20delivery&#038;url=https:\/\/radiorevelacionfm.cl\/?p=18743' aria-hidden='false' data-av_icon='\ue8fc' data-av_iconfont='entypo-fontello' title='' data-avia-related-tooltip='Compartir en LinkedIn' rel=\"noopener\"><span class='avia_hidden_link_text'>Compartir en LinkedIn<\/span><\/a><\/li><li class='av-share-link av-social-link-mail' ><a  aria-label=\"Compartir por correo\" href='mailto:?subject=Carabineros%20de%20Coyhaique%20detuvo%20a%20dos%20sujetos%20por%20robo%20con%20intimidaci%C3%B3n%20a%20repartidor%20de%20delivery&#038;body=https:\/\/radiorevelacionfm.cl\/?p=18743' aria-hidden='false' data-av_icon='\ue805' data-av_iconfont='entypo-fontello' title='' data-avia-related-tooltip='Compartir por correo'><span class='avia_hidden_link_text'>Compartir por correo<\/span><\/a><\/li><\/ul><\/div><\/div>\n<div  style='height:50px' class='hr hr-invisible   avia-builder-el-8  el_after_av_social_share  el_before_av_comments_list '><span class='hr-inner ' ><span class='hr-inner-style'><\/span><\/span><\/div>\n<div  class='av-buildercomment  av-blog-meta-html-info-disabled av-blog-meta-tag-disabled  '><\/div>\n","protected":false},"excerpt":{"rendered":"","protected":false},"author":1,"featured_media":18744,"comment_status":"open","ping_status":"open","sticky":false,"template":"","format":"standard","meta":{"footnotes":""},"categories":[36],"tags":[],"class_list":["post-18743","post","type-post","status-publish","format-standard","has-post-thumbnail","hentry","category-policial"],"jetpack_featured_media_url":"https:\/\/radiorevelacionfm.cl\/wp-content\/uploads\/2022\/07\/carro-1.jpg","_links":{"self":[{"href":"https:\/\/radiorevelacionfm.cl\/index.php?rest_route=\/wp\/v2\/posts\/18743","targetHints":{"allow":["GET"]}}],"collection":[{"href":"https:\/\/radiorevelacionfm.cl\/index.php?rest_route=\/wp\/v2\/posts"}],"about":[{"href":"https:\/\/radiorevelacionfm.cl\/index.php?rest_route=\/wp\/v2\/types\/post"}],"author":[{"embeddable":true,"href":"https:\/\/radiorevelacionfm.cl\/index.php?rest_route=\/wp\/v2\/users\/1"}],"replies":[{"embeddable":true,"href":"https:\/\/radiorevelacionfm.cl\/index.php?rest_route=%2Fwp%2Fv2%2Fcomments&post=18743"}],"version-history":[{"count":2,"href":"https:\/\/radiorevelacionfm.cl\/index.php?rest_route=\/wp\/v2\/posts\/18743\/revisions"}],"predecessor-version":[{"id":18746,"href":"https:\/\/radiorevelacionfm.cl\/index.php?rest_route=\/wp\/v2\/posts\/18743\/revisions\/18746"}],"wp:featuredmedia":[{"embeddable":true,"href":"https:\/\/radiorevelacionfm.cl\/index.php?rest_route=\/wp\/v2\/media\/18744"}],"wp:attachment":[{"href":"https:\/\/radiorevelacionfm.cl\/index.php?rest_route=%2Fwp%2Fv2%2Fmedia&parent=18743"}],"wp:term":[{"taxonomy":"category","embeddable":true,"href":"https:\/\/radiorevelacionfm.cl\/index.php?rest_route=%2Fwp%2Fv2%2Fcategories&post=18743"},{"taxonomy":"post_tag","embeddable":true,"href":"https:\/\/radiorevelacionfm.cl\/index.php?rest_route=%2Fwp%2Fv2%2Ftags&post=18743"}],"curies":[{"name":"wp","href":"https:\/\/api.w.org\/{rel}","templated":true}]}}