{"id":18739,"date":"2022-07-02T10:57:06","date_gmt":"2022-07-02T13:57:06","guid":{"rendered":"https:\/\/radiorevelacionfm.cl\/?p=18739"},"modified":"2022-07-02T10:57:06","modified_gmt":"2022-07-02T13:57:06","slug":"andrea-macias-el-gobierno-regional-ha-comprometido-la-mitad-del-financiamiento-de-la-construccion-de-la-escuela-espana","status":"publish","type":"post","link":"https:\/\/radiorevelacionfm.cl\/?p=18739","title":{"rendered":"Andrea Mac\u00edas: \u00abEl Gobierno Regional ha comprometido la mitad del financiamiento de la construcci\u00f3n de la Escuela Espa\u00f1a\u00bb"},"content":{"rendered":"<div class=\"flex_column av_one_full  flex_column_div av-zero-column-padding first  avia-builder-el-0  el_before_av_one_full  avia-builder-el-first  \" style='border-radius:0px; '><div  class='avia-image-container  av-styling-    avia-builder-el-1  avia-builder-el-no-sibling  avia-align-center '  itemprop=\"image\" itemscope=\"itemscope\" itemtype=\"https:\/\/schema.org\/ImageObject\"  ><div class='avia-image-container-inner'><div class='avia-image-overlay-wrap'><img decoding=\"async\" class='wp-image-18740 avia-img-lazy-loading-not-18740 avia_image' src=\"https:\/\/radiorevelacionfm.cl\/wp-content\/uploads\/2022\/07\/Escuela-Espana-1-1.jpeg\" alt='' title='Escuela Espa\u00f1a (1) (1)' height=\"600\" width=\"800\"  itemprop=\"thumbnailUrl\" srcset=\"https:\/\/radiorevelacionfm.cl\/wp-content\/uploads\/2022\/07\/Escuela-Espana-1-1.jpeg 800w, https:\/\/radiorevelacionfm.cl\/wp-content\/uploads\/2022\/07\/Escuela-Espana-1-1-300x225.jpeg 300w, https:\/\/radiorevelacionfm.cl\/wp-content\/uploads\/2022\/07\/Escuela-Espana-1-1-768x576.jpeg 768w, https:\/\/radiorevelacionfm.cl\/wp-content\/uploads\/2022\/07\/Escuela-Espana-1-1-705x529.jpeg 705w, https:\/\/radiorevelacionfm.cl\/wp-content\/uploads\/2022\/07\/Escuela-Espana-1-1-600x450.jpeg 600w\" sizes=\"(max-width: 800px) 100vw, 800px\" \/><\/div><\/div><\/div><\/div><div class=\"flex_column av_one_full  flex_column_div av-zero-column-padding first  avia-builder-el-2  el_after_av_one_full  el_before_av_one_full  column-top-margin\" style='border-radius:0px; '><section class=\"av_textblock_section \"  itemscope=\"itemscope\" itemtype=\"https:\/\/schema.org\/BlogPosting\" itemprop=\"blogPost\" ><div class='avia_textblock  '   itemprop=\"text\" ><p style=\"text-align: center;\"><strong><span style=\"font-size: 18pt;\">Andrea Mac\u00edas: \u00abEl Gobierno Regional ha comprometido la mitad del financiamiento de la construcci\u00f3n de la Escuela Espa\u00f1a\u00bb<\/span><\/strong><\/p>\n<div id=\"gtx-trans\" style=\"position: absolute; left: -50px; top: 4.31534px;\">\n<div class=\"gtx-trans-icon\"><\/div>\n<\/div>\n<\/div><\/section><\/div><div class=\"flex_column av_one_full  flex_column_div av-zero-column-padding first  avia-builder-el-4  el_after_av_one_full  el_before_av_hr  column-top-margin\" style='border-radius:0px; '><section class=\"av_textblock_section \"  itemscope=\"itemscope\" itemtype=\"https:\/\/schema.org\/BlogPosting\" itemprop=\"blogPost\" ><div class='avia_textblock  '   itemprop=\"text\" ><p style=\"text-align: justify;\">\u00abEl financiamiento de la Escuela es algo que nosotros vamos a cumplir como Gobierno Regional, eso puedo decirle a los vecinos y vecinas de la comuna. Pero para llegar a la opci\u00f3n del financiamiento lo primero es obtener el famoso RS y que se proceda a la ejecuci\u00f3n de este proyecto. En ese sentido, se\u00f1alar que precisamente a ra\u00edz de la situaci\u00f3n ocurrida ayer (principio de incendio) nosotros estuvimos con el Alcalde Carlos Gatia revisando la situaci\u00f3n\u00bb, afirm\u00f3 la Gobernadora Regional Andrea Mac\u00edas.<\/p>\n<p style=\"text-align: justify;\">\u00abHace m\u00e1s de 1 mes y medio se envi\u00f3 a la Direcci\u00f3n de Educaci\u00f3n P\u00fablica la solicitud para poder para que se liberen los recursos porque la \u00fanica observaci\u00f3n que existe para que podamos obtener el RS que permita iniciar los tr\u00e1mites para el financiamiento de la Escuela (&#8230;) Los recursos est\u00e1n comprometidos y est\u00e1n aprobados desde el Ministerio de Educaci\u00f3n y lo que nosotros no entendemos es por qu\u00e9, tras 1 mes y medio existiendo los recursos, ha habido esta demora desde el Gobierno Central en poder resolver que estos recursos se traspasen\u00bb.<\/p>\n<p style=\"text-align: justify;\">La autoridad regional asegur\u00f3 que tras una larga conversaci\u00f3n con el Subsecretario de Educaci\u00f3n, Nicol\u00e1s Cataldo, se comprometi\u00f3 a resolver a la brevedad este tema. \u00abAdem\u00e1s lo hemos invitado a la ciudad de Coyhaique para el 14 de julio, para poder ver en terreno a ver cu\u00e1l era la situaci\u00f3n. A nuestra regi\u00f3n y a sus comunidades no nos sirve que desde Santiago est\u00e9n obstaculizando cuando hoy d\u00eda lo que est\u00e1 en riesgo, que es finalmente la vida de las personas. Sabemos la situaci\u00f3n en que est\u00e1 la condici\u00f3n de la estructura y aqu\u00ed lo m\u00e1s importante es dejar claro a la comunidad que el compromiso de financiamiento del Gobierno Regional es un compromiso que est\u00e1 y se encuentra incorporado en nuestro presupuesto\u00bb, finaliz\u00f3.<\/p>\n<div style=\"text-align: justify;\">La movilizaci\u00f3n de la comunidad educativa finaliz\u00f3 con la constituci\u00f3n de una mesa de trabajo incorporando a las autoridades regionales, Gobierno Regional de Ays\u00e9n, Delegaci\u00f3n Regional, Seremi de Educaci\u00f3n, Municipio y representantes de la Escuela, tanto de apoderados como de profesores y directivos.<\/div>\n<\/div><\/section><\/div><div  style='height:50px' class='hr hr-invisible   avia-builder-el-6  el_after_av_one_full  el_before_av_social_share '><span class='hr-inner ' ><span class='hr-inner-style'><\/span><\/span><\/div><\/p>\n<div  class='av-social-sharing-box  avia-builder-el-7  el_after_av_hr  el_before_av_hr  '><div class='av-share-box'><h5 class='av-share-link-description av-no-toc '>Compartir esta noticia<\/h5><ul class='av-share-box-list noLightbox'><li class='av-share-link av-social-link-facebook' ><a target=\"_blank\" aria-label=\"Compartir en Facebook\" href='https:\/\/www.facebook.com\/sharer.php?u=https:\/\/radiorevelacionfm.cl\/?p=18739&#038;t=Andrea%20Mac%C3%ADas%3A%20%C2%ABEl%20Gobierno%20Regional%20ha%20comprometido%20la%20mitad%20del%20financiamiento%20de%20la%20construcci%C3%B3n%20de%20la%20Escuela%20Espa%C3%B1a%C2%BB' aria-hidden='false' data-av_icon='\ue8f3' data-av_iconfont='entypo-fontello' title='' data-avia-related-tooltip='Compartir en Facebook' rel=\"noopener\"><span class='avia_hidden_link_text'>Compartir en Facebook<\/span><\/a><\/li><li class='av-share-link av-social-link-twitter' ><a target=\"_blank\" aria-label=\"Compartir en Twitter\" href='https:\/\/twitter.com\/share?text=Andrea%20Mac%C3%ADas%3A%20%C2%ABEl%20Gobierno%20Regional%20ha%20comprometido%20la%20mitad%20del%20financiamiento%20de%20la%20construcci%C3%B3n%20de%20la%20Escuela%20Espa%C3%B1a%C2%BB&#038;url=https:\/\/radiorevelacionfm.cl\/?p=18739' aria-hidden='false' data-av_icon='\ue8f1' data-av_iconfont='entypo-fontello' title='' data-avia-related-tooltip='Compartir en Twitter' rel=\"noopener\"><span class='avia_hidden_link_text'>Compartir en Twitter<\/span><\/a><\/li><li class='av-share-link av-social-link-whatsapp' ><a target=\"_blank\" aria-label=\"Compartir en Whatsapp\" href='https:\/\/api.whatsapp.com\/send?text=https:\/\/radiorevelacionfm.cl\/?p=18739' aria-hidden='false' data-av_icon='\uf232' data-av_iconfont='entypo-fontello' title='' data-avia-related-tooltip='Compartir en Whatsapp' rel=\"noopener\"><span class='avia_hidden_link_text'>Compartir en Whatsapp<\/span><\/a><\/li><li class='av-share-link av-social-link-linkedin' ><a target=\"_blank\" aria-label=\"Compartir en LinkedIn\" href='https:\/\/linkedin.com\/shareArticle?mini=true&#038;title=Andrea%20Mac%C3%ADas%3A%20%C2%ABEl%20Gobierno%20Regional%20ha%20comprometido%20la%20mitad%20del%20financiamiento%20de%20la%20construcci%C3%B3n%20de%20la%20Escuela%20Espa%C3%B1a%C2%BB&#038;url=https:\/\/radiorevelacionfm.cl\/?p=18739' aria-hidden='false' data-av_icon='\ue8fc' data-av_iconfont='entypo-fontello' title='' data-avia-related-tooltip='Compartir en LinkedIn' rel=\"noopener\"><span class='avia_hidden_link_text'>Compartir en LinkedIn<\/span><\/a><\/li><li class='av-share-link av-social-link-mail' ><a  aria-label=\"Compartir por correo\" href='mailto:?subject=Andrea%20Mac%C3%ADas%3A%20%C2%ABEl%20Gobierno%20Regional%20ha%20comprometido%20la%20mitad%20del%20financiamiento%20de%20la%20construcci%C3%B3n%20de%20la%20Escuela%20Espa%C3%B1a%C2%BB&#038;body=https:\/\/radiorevelacionfm.cl\/?p=18739' aria-hidden='false' data-av_icon='\ue805' data-av_iconfont='entypo-fontello' title='' data-avia-related-tooltip='Compartir por correo'><span class='avia_hidden_link_text'>Compartir por correo<\/span><\/a><\/li><\/ul><\/div><\/div>\n<div  style='height:50px' class='hr hr-invisible   avia-builder-el-8  el_after_av_social_share  el_before_av_comments_list '><span class='hr-inner ' ><span class='hr-inner-style'><\/span><\/span><\/div>\n<div  class='av-buildercomment  av-blog-meta-html-info-disabled av-blog-meta-tag-disabled  '><\/div>\n","protected":false},"excerpt":{"rendered":"","protected":false},"author":1,"featured_media":18740,"comment_status":"open","ping_status":"open","sticky":false,"template":"","format":"standard","meta":{"footnotes":""},"categories":[38],"tags":[],"class_list":["post-18739","post","type-post","status-publish","format-standard","has-post-thumbnail","hentry","category-regional"],"jetpack_featured_media_url":"https:\/\/radiorevelacionfm.cl\/wp-content\/uploads\/2022\/07\/Escuela-Espana-1-1.jpeg","_links":{"self":[{"href":"https:\/\/radiorevelacionfm.cl\/index.php?rest_route=\/wp\/v2\/posts\/18739","targetHints":{"allow":["GET"]}}],"collection":[{"href":"https:\/\/radiorevelacionfm.cl\/index.php?rest_route=\/wp\/v2\/posts"}],"about":[{"href":"https:\/\/radiorevelacionfm.cl\/index.php?rest_route=\/wp\/v2\/types\/post"}],"author":[{"embeddable":true,"href":"https:\/\/radiorevelacionfm.cl\/index.php?rest_route=\/wp\/v2\/users\/1"}],"replies":[{"embeddable":true,"href":"https:\/\/radiorevelacionfm.cl\/index.php?rest_route=%2Fwp%2Fv2%2Fcomments&post=18739"}],"version-history":[{"count":2,"href":"https:\/\/radiorevelacionfm.cl\/index.php?rest_route=\/wp\/v2\/posts\/18739\/revisions"}],"predecessor-version":[{"id":18754,"href":"https:\/\/radiorevelacionfm.cl\/index.php?rest_route=\/wp\/v2\/posts\/18739\/revisions\/18754"}],"wp:featuredmedia":[{"embeddable":true,"href":"https:\/\/radiorevelacionfm.cl\/index.php?rest_route=\/wp\/v2\/media\/18740"}],"wp:attachment":[{"href":"https:\/\/radiorevelacionfm.cl\/index.php?rest_route=%2Fwp%2Fv2%2Fmedia&parent=18739"}],"wp:term":[{"taxonomy":"category","embeddable":true,"href":"https:\/\/radiorevelacionfm.cl\/index.php?rest_route=%2Fwp%2Fv2%2Fcategories&post=18739"},{"taxonomy":"post_tag","embeddable":true,"href":"https:\/\/radiorevelacionfm.cl\/index.php?rest_route=%2Fwp%2Fv2%2Ftags&post=18739"}],"curies":[{"name":"wp","href":"https:\/\/api.w.org\/{rel}","templated":true}]}}