{"id":18732,"date":"2022-07-01T21:02:05","date_gmt":"2022-07-02T00:02:05","guid":{"rendered":"https:\/\/radiorevelacionfm.cl\/?p=18732"},"modified":"2022-07-01T21:02:05","modified_gmt":"2022-07-02T00:02:05","slug":"en-total-211-estudiantes-de-aysen-se-inscribieron-para-rendir-la-primera-prueba-de-transicion-de-invierno","status":"publish","type":"post","link":"https:\/\/radiorevelacionfm.cl\/?p=18732","title":{"rendered":"En total 211 estudiantes de Ays\u00e9n se inscribieron para rendir la primera Prueba de Transici\u00f3n de Invierno"},"content":{"rendered":"<div class=\"flex_column av_one_full  flex_column_div av-zero-column-padding first  avia-builder-el-0  el_before_av_one_full  avia-builder-el-first  \" style='border-radius:0px; '><div  class='avia-image-container  av-styling-    avia-builder-el-1  avia-builder-el-no-sibling  avia-align-center '  itemprop=\"image\" itemscope=\"itemscope\" itemtype=\"https:\/\/schema.org\/ImageObject\"  ><div class='avia-image-container-inner'><div class='avia-image-overlay-wrap'><img decoding=\"async\" class='wp-image-18733 avia-img-lazy-loading-not-18733 avia_image' src=\"https:\/\/radiorevelacionfm.cl\/wp-content\/uploads\/2022\/07\/PDT-INVIERNO-2022-1-1.jpg\" alt='' title='PDT INVIERNO 2022 (1) (1)' height=\"600\" width=\"902\"  itemprop=\"thumbnailUrl\" srcset=\"https:\/\/radiorevelacionfm.cl\/wp-content\/uploads\/2022\/07\/PDT-INVIERNO-2022-1-1.jpg 902w, https:\/\/radiorevelacionfm.cl\/wp-content\/uploads\/2022\/07\/PDT-INVIERNO-2022-1-1-300x200.jpg 300w, https:\/\/radiorevelacionfm.cl\/wp-content\/uploads\/2022\/07\/PDT-INVIERNO-2022-1-1-768x511.jpg 768w, https:\/\/radiorevelacionfm.cl\/wp-content\/uploads\/2022\/07\/PDT-INVIERNO-2022-1-1-705x469.jpg 705w, https:\/\/radiorevelacionfm.cl\/wp-content\/uploads\/2022\/07\/PDT-INVIERNO-2022-1-1-600x399.jpg 600w\" sizes=\"(max-width: 902px) 100vw, 902px\" \/><\/div><\/div><\/div><\/div><div class=\"flex_column av_one_full  flex_column_div av-zero-column-padding first  avia-builder-el-2  el_after_av_one_full  el_before_av_one_full  column-top-margin\" style='border-radius:0px; '><section class=\"av_textblock_section \"  itemscope=\"itemscope\" itemtype=\"https:\/\/schema.org\/BlogPosting\" itemprop=\"blogPost\" ><div class='avia_textblock  '   itemprop=\"text\" ><p style=\"text-align: center;\"><strong><span style=\"font-size: 18pt;\">En total 211 estudiantes de Ays\u00e9n se inscribieron para rendir la primera Prueba de Transici\u00f3n de Invierno<\/span><\/strong><\/p>\n<div id=\"gtx-trans\" style=\"position: absolute; left: -50px; top: 4.31534px;\">\n<div class=\"gtx-trans-icon\"><\/div>\n<\/div>\n<\/div><\/section><\/div><div class=\"flex_column av_one_full  flex_column_div av-zero-column-padding first  avia-builder-el-4  el_after_av_one_full  el_before_av_hr  column-top-margin\" style='border-radius:0px; '><section class=\"av_textblock_section \"  itemscope=\"itemscope\" itemtype=\"https:\/\/schema.org\/BlogPosting\" itemprop=\"blogPost\" ><div class='avia_textblock  '   itemprop=\"text\" ><p class=\"v1MsoNormal\" style=\"text-align: justify;\">Un total de\u00a0<span lang=\"ES\">33.375<\/span>\u00a0egresadas y egresados de la ense\u00f1anza media se inscribieron a lo largo de todo el pa\u00eds para rendir la primera Prueba de Transici\u00f3n de Invierno, el pr\u00f3ximo 4 y 5 de julio en el marco del proceso de admisi\u00f3n 2023 para las 45 universidades adscritas al Sistema de Acceso a la Educaci\u00f3n Superior.<\/p>\n<p class=\"v1MsoNormal\" style=\"text-align: justify;\">Del total,\u00a0<span lang=\"ES\">20.261\u00a0<\/span>inscritas fueron mujeres, equivalentes al 60,7%, mientras que\u00a0<span lang=\"ES\">13.114\u00a0<\/span>fueron hombres, representado al 39,3%. En esta primera prueba de invierno, las y los postulantes, de manera in\u00e9dita, podr\u00e1n elegir qu\u00e9 pruebas quieren rendir, inscribir solo una o bien las cuatro disponibles. As\u00ed,\u00a0<span lang=\"ES\">4,3<\/span>% eligi\u00f3 registrar solo una, 13,3% dos, 60,9% tres y 21,5% las cuatro pruebas (Comprensi\u00f3n Lectora, Matem\u00e1tica, Ciencias e Historia y Ciencias Sociales).<\/p>\n<p class=\"v1MsoNormal\" style=\"text-align: justify;\"><span lang=\"ES\">Al respecto, la Seremi de Educaci\u00f3n de Ays\u00e9n Isabel Garrido Casassa inform\u00f3 que en la regi\u00f3n hay 211 inscritos para rendir el examen de admisi\u00f3n a las universidades que se aplicar\u00e1 en invierno. Para ello se ha habilitado como \u00fanico local de rendici\u00f3n el Liceo Josefina Aguirre Montenegro de Coyhaique.<\/span><\/p>\n<p class=\"v1MsoNormal\" style=\"text-align: justify;\"><span lang=\"ES\">Isabel Garrido inform\u00f3 adem\u00e1s que los resultados de la Prueba de Transici\u00f3n de Invierno estar\u00e1n disponibles el 5 de agosto del presente. Los puntajes obtenidos podr\u00e1n ser utilizados para los procesos de admisi\u00f3n 2023 y 2024.<\/span><\/p>\n<p class=\"v1MsoNormal\" style=\"text-align: justify;\"><span lang=\"ES\">En tanto, la Subsecretaria de Educaci\u00f3n Superior del Mineduc, Ver\u00f3nica Figueroa Huencho coment\u00f3 que\u00a0 \u00abEste a\u00f1o se abri\u00f3 una nueva oportunidad para las y los egresados de ense\u00f1anza media, que hasta ahora deb\u00edan esperar un a\u00f1o completo para volver a rendir la prueba de ingreso a las universidades. Estamos muy contentas de ver el alto inter\u00e9s de las y los postulantes para sumarse a esta primera versi\u00f3n de una prueba de invierno y es una excelente noticia que el sistema haya permitido que no quedaran estudiantes fuera del proceso por falta de vacantes\u00bb.<\/span><\/p>\n<p class=\"v1MsoNormal\" style=\"text-align: justify;\"><span lang=\"ES\">La autoridad agreg\u00f3 que \u00abestos cambios son parte de una agenda que ahora nosotros queremos profundizar buscando ampliar y diversificar el acceso a la educaci\u00f3n superior, para poder construir un sistema m\u00e1s equitativo y justo, que ponga al centro a las y los postulantes, reconociendo y dando cuenta de la diversidad de sus talentos a lo largo de todos los territorios\u00bb.<\/span><\/p>\n<p class=\"v1MsoNormal\" style=\"text-align: justify;\"><span lang=\"ES\">Por su parte, Leonor Varas, directora del DEMRE de la Universidad de Chile se\u00f1al\u00f3 que \u00abel balance es positivo, con una muy buena participaci\u00f3n de los postulantes. Estamos seguros de que, de ahora en adelante, con m\u00e1s informaci\u00f3n y con un sistema ya en marcha, habr\u00e1 un inter\u00e9s creciente por participar en la prueba de invierno, una aplicaci\u00f3n que implementamos buscando ofrecer m\u00e1s oportunidades a los j\u00f3venes, para construir un sistema de admisi\u00f3n m\u00e1s justo y acorde a las necesidades del Chile de hoy\u00bb.\u00a0<\/span><\/p>\n<p class=\"v1MsoNormal\" style=\"text-align: justify;\"><span lang=\"ES\">Cabe recordar que a lo largo del pa\u00eds se habilitar\u00e1n sedes en todas las capitales regionales, adem\u00e1s de Rapa Nui. El detalle de las sedes se encuentra disponible en\u00a0<\/span><a href=\"https:\/\/acceso.mineduc.cl\/\" target=\"_blank\" rel=\"noopener noreferrer\"><span lang=\"ES\">https:\/\/acceso.mineduc.cl<\/span><\/a><span lang=\"ES\">. Adicionalmente, para todas las personas que no pudieron inscribirse en la prueba de invierno, el pr\u00f3ximo 29 de junio se abri\u00f3 el plazo de inscripci\u00f3n para la Prueba de Acceso a la Educaci\u00f3n Superior (PAES) que se rendir\u00e1 a fin de a\u00f1o y en la que tambi\u00e9n podr\u00e1n sumarse quienes hoy est\u00e1n cursando 4to medio.\u00a0<\/span><\/p>\n<p class=\"v1MsoNormal\" style=\"text-align: justify;\">Finalmente, a partir del proceso de admisi\u00f3n 2023 -que se inicia con la rendici\u00f3n de esta Prueba de Transici\u00f3n de Invierno-\u202fla selecci\u00f3n de los postulantes se realizar\u00e1 considerando el mejor puntaje que hayan obtenido en cada una de las pruebas de admisi\u00f3n, considerando tanto las rendidas el a\u00f1o pasado, como las que se rindan este a\u00f1o.<\/p>\n<\/div><\/section><\/div><div  style='height:50px' class='hr hr-invisible   avia-builder-el-6  el_after_av_one_full  el_before_av_social_share '><span class='hr-inner ' ><span class='hr-inner-style'><\/span><\/span><\/div><\/p>\n<div  class='av-social-sharing-box  avia-builder-el-7  el_after_av_hr  el_before_av_hr  '><div class='av-share-box'><h5 class='av-share-link-description av-no-toc '>Compartir esta noticia<\/h5><ul class='av-share-box-list noLightbox'><li class='av-share-link av-social-link-facebook' ><a target=\"_blank\" aria-label=\"Compartir en Facebook\" href='https:\/\/www.facebook.com\/sharer.php?u=https:\/\/radiorevelacionfm.cl\/?p=18732&#038;t=En%20total%20211%20estudiantes%20de%20Ays%C3%A9n%20se%20inscribieron%20para%20rendir%20la%20primera%20Prueba%20de%20Transici%C3%B3n%20de%20Invierno' aria-hidden='false' data-av_icon='\ue8f3' data-av_iconfont='entypo-fontello' title='' data-avia-related-tooltip='Compartir en Facebook' rel=\"noopener\"><span class='avia_hidden_link_text'>Compartir en Facebook<\/span><\/a><\/li><li class='av-share-link av-social-link-twitter' ><a target=\"_blank\" aria-label=\"Compartir en Twitter\" href='https:\/\/twitter.com\/share?text=En%20total%20211%20estudiantes%20de%20Ays%C3%A9n%20se%20inscribieron%20para%20rendir%20la%20primera%20Prueba%20de%20Transici%C3%B3n%20de%20Invierno&#038;url=https:\/\/radiorevelacionfm.cl\/?p=18732' aria-hidden='false' data-av_icon='\ue8f1' data-av_iconfont='entypo-fontello' title='' data-avia-related-tooltip='Compartir en Twitter' rel=\"noopener\"><span class='avia_hidden_link_text'>Compartir en Twitter<\/span><\/a><\/li><li class='av-share-link av-social-link-whatsapp' ><a target=\"_blank\" aria-label=\"Compartir en Whatsapp\" href='https:\/\/api.whatsapp.com\/send?text=https:\/\/radiorevelacionfm.cl\/?p=18732' aria-hidden='false' data-av_icon='\uf232' data-av_iconfont='entypo-fontello' title='' data-avia-related-tooltip='Compartir en Whatsapp' rel=\"noopener\"><span class='avia_hidden_link_text'>Compartir en Whatsapp<\/span><\/a><\/li><li class='av-share-link av-social-link-linkedin' ><a target=\"_blank\" aria-label=\"Compartir en LinkedIn\" href='https:\/\/linkedin.com\/shareArticle?mini=true&#038;title=En%20total%20211%20estudiantes%20de%20Ays%C3%A9n%20se%20inscribieron%20para%20rendir%20la%20primera%20Prueba%20de%20Transici%C3%B3n%20de%20Invierno&#038;url=https:\/\/radiorevelacionfm.cl\/?p=18732' aria-hidden='false' data-av_icon='\ue8fc' data-av_iconfont='entypo-fontello' title='' data-avia-related-tooltip='Compartir en LinkedIn' rel=\"noopener\"><span class='avia_hidden_link_text'>Compartir en LinkedIn<\/span><\/a><\/li><li class='av-share-link av-social-link-mail' ><a  aria-label=\"Compartir por correo\" href='mailto:?subject=En%20total%20211%20estudiantes%20de%20Ays%C3%A9n%20se%20inscribieron%20para%20rendir%20la%20primera%20Prueba%20de%20Transici%C3%B3n%20de%20Invierno&#038;body=https:\/\/radiorevelacionfm.cl\/?p=18732' aria-hidden='false' data-av_icon='\ue805' data-av_iconfont='entypo-fontello' title='' data-avia-related-tooltip='Compartir por correo'><span class='avia_hidden_link_text'>Compartir por correo<\/span><\/a><\/li><\/ul><\/div><\/div>\n<div  style='height:50px' class='hr hr-invisible   avia-builder-el-8  el_after_av_social_share  el_before_av_comments_list '><span class='hr-inner ' ><span class='hr-inner-style'><\/span><\/span><\/div>\n<div  class='av-buildercomment  av-blog-meta-html-info-disabled av-blog-meta-tag-disabled  '><\/div>\n","protected":false},"excerpt":{"rendered":"","protected":false},"author":1,"featured_media":18733,"comment_status":"open","ping_status":"open","sticky":false,"template":"","format":"standard","meta":{"footnotes":""},"categories":[49],"tags":[],"class_list":["post-18732","post","type-post","status-publish","format-standard","has-post-thumbnail","hentry","category-educacion"],"jetpack_featured_media_url":"https:\/\/radiorevelacionfm.cl\/wp-content\/uploads\/2022\/07\/PDT-INVIERNO-2022-1-1.jpg","_links":{"self":[{"href":"https:\/\/radiorevelacionfm.cl\/index.php?rest_route=\/wp\/v2\/posts\/18732","targetHints":{"allow":["GET"]}}],"collection":[{"href":"https:\/\/radiorevelacionfm.cl\/index.php?rest_route=\/wp\/v2\/posts"}],"about":[{"href":"https:\/\/radiorevelacionfm.cl\/index.php?rest_route=\/wp\/v2\/types\/post"}],"author":[{"embeddable":true,"href":"https:\/\/radiorevelacionfm.cl\/index.php?rest_route=\/wp\/v2\/users\/1"}],"replies":[{"embeddable":true,"href":"https:\/\/radiorevelacionfm.cl\/index.php?rest_route=%2Fwp%2Fv2%2Fcomments&post=18732"}],"version-history":[{"count":2,"href":"https:\/\/radiorevelacionfm.cl\/index.php?rest_route=\/wp\/v2\/posts\/18732\/revisions"}],"predecessor-version":[{"id":18750,"href":"https:\/\/radiorevelacionfm.cl\/index.php?rest_route=\/wp\/v2\/posts\/18732\/revisions\/18750"}],"wp:featuredmedia":[{"embeddable":true,"href":"https:\/\/radiorevelacionfm.cl\/index.php?rest_route=\/wp\/v2\/media\/18733"}],"wp:attachment":[{"href":"https:\/\/radiorevelacionfm.cl\/index.php?rest_route=%2Fwp%2Fv2%2Fmedia&parent=18732"}],"wp:term":[{"taxonomy":"category","embeddable":true,"href":"https:\/\/radiorevelacionfm.cl\/index.php?rest_route=%2Fwp%2Fv2%2Fcategories&post=18732"},{"taxonomy":"post_tag","embeddable":true,"href":"https:\/\/radiorevelacionfm.cl\/index.php?rest_route=%2Fwp%2Fv2%2Ftags&post=18732"}],"curies":[{"name":"wp","href":"https:\/\/api.w.org\/{rel}","templated":true}]}}