{"id":18718,"date":"2022-07-01T17:35:58","date_gmt":"2022-07-01T20:35:58","guid":{"rendered":"https:\/\/radiorevelacionfm.cl\/?p=18718"},"modified":"2022-07-01T17:35:58","modified_gmt":"2022-07-01T20:35:58","slug":"fosis-inicia-intervencion-para-financiar-iniciativas-en-villa-patagonia-y-villa-cerro-cordon","status":"publish","type":"post","link":"https:\/\/radiorevelacionfm.cl\/?p=18718","title":{"rendered":"Fosis inicia intervenci\u00f3n para financiar iniciativas en Villa Patagonia y Villa Cerro Cord\u00f3n"},"content":{"rendered":"<div class=\"flex_column av_one_full  flex_column_div av-zero-column-padding first  avia-builder-el-0  el_before_av_one_full  avia-builder-el-first  \" style='border-radius:0px; '><div  class='avia-image-container  av-styling-    avia-builder-el-1  avia-builder-el-no-sibling  avia-align-center '  itemprop=\"image\" itemscope=\"itemscope\" itemtype=\"https:\/\/schema.org\/ImageObject\"  ><div class='avia-image-container-inner'><div class='avia-image-overlay-wrap'><img decoding=\"async\" class='wp-image-18719 avia-img-lazy-loading-not-18719 avia_image' src=\"https:\/\/radiorevelacionfm.cl\/wp-content\/uploads\/2022\/07\/alpuertoaysen-1_optimized.jpg\" alt='' title='alpuertoays\u00e9n-(1)_optimized' height=\"600\" width=\"1067\"  itemprop=\"thumbnailUrl\" srcset=\"https:\/\/radiorevelacionfm.cl\/wp-content\/uploads\/2022\/07\/alpuertoaysen-1_optimized.jpg 1067w, https:\/\/radiorevelacionfm.cl\/wp-content\/uploads\/2022\/07\/alpuertoaysen-1_optimized-300x169.jpg 300w, https:\/\/radiorevelacionfm.cl\/wp-content\/uploads\/2022\/07\/alpuertoaysen-1_optimized-1030x579.jpg 1030w, https:\/\/radiorevelacionfm.cl\/wp-content\/uploads\/2022\/07\/alpuertoaysen-1_optimized-768x432.jpg 768w, https:\/\/radiorevelacionfm.cl\/wp-content\/uploads\/2022\/07\/alpuertoaysen-1_optimized-705x396.jpg 705w, https:\/\/radiorevelacionfm.cl\/wp-content\/uploads\/2022\/07\/alpuertoaysen-1_optimized-600x337.jpg 600w\" sizes=\"(max-width: 1067px) 100vw, 1067px\" \/><\/div><\/div><\/div><\/div><div class=\"flex_column av_one_full  flex_column_div av-zero-column-padding first  avia-builder-el-2  el_after_av_one_full  el_before_av_one_full  column-top-margin\" style='border-radius:0px; '><section class=\"av_textblock_section \"  itemscope=\"itemscope\" itemtype=\"https:\/\/schema.org\/BlogPosting\" itemprop=\"blogPost\" ><div class='avia_textblock  '   itemprop=\"text\" ><p style=\"text-align: center;\"><strong><span style=\"font-size: 18pt;\">Fosis inicia intervenci\u00f3n para financiar iniciativas en Villa Patagonia y Villa Cerro Cord\u00f3n<\/span><\/strong><\/p>\n<div id=\"gtx-trans\" style=\"position: absolute; left: -50px; top: 4.31534px;\">\n<div class=\"gtx-trans-icon\"><\/div>\n<\/div>\n<\/div><\/section><\/div><div class=\"flex_column av_one_full  flex_column_div av-zero-column-padding first  avia-builder-el-4  el_after_av_one_full  el_before_av_hr  column-top-margin\" style='border-radius:0px; '><section class=\"av_textblock_section \"  itemscope=\"itemscope\" itemtype=\"https:\/\/schema.org\/BlogPosting\" itemprop=\"blogPost\" ><div class='avia_textblock  '   itemprop=\"text\" ><p style=\"text-align: justify;\">El primer encuentro se llev\u00f3 a cabo en la sede de Villa Patagonia en Puerto Ays\u00e9n, donde lleg\u00f3 la Directora Regional del Fondo de Solidaridad e Inversi\u00f3n Social, FOSIS, Fernanda Leiva, para compartir y escuchar a las vecinas y vecinos de las dos poblaciones del sector que est\u00e1n interesados en participar activamente de las distintas etapas del programa.<\/p>\n<p style=\"text-align: justify;\">Acci\u00f3n Local tiene el objetivo de fortalecer lazos socio comunitarios, enfoc\u00e1ndose en el establecimiento de sanas relaciones entre las familias que conforman una comunidad y territorio, promoviendo el fortalecimiento del capital social comunitario, la participaci\u00f3n ciudadana y la gobernanza local.<\/p>\n<p style=\"text-align: justify;\">M\u00f3nica Navarrete, Presidenta de la Junta de Vecinos de Villa Patagonia en Puerto Ays\u00e9n, valor\u00f3 positivamente la intervenci\u00f3n del programa Acci\u00f3n y destac\u00f3 que \u201clo encontr\u00e9 muy interesante y para nosotros es bueno que estas oportunidades que se dan, se acerquen a las juntas de vecinos. Agradecemos el apoyo que vamos a tener, que es lo m\u00e1s importante. Nos parece excelente que este tipo de proyectos vayan acompa\u00f1ados con profesionales que nos asesoren en el d\u00eda a d\u00eda y que siempre est\u00e9n disponibles\u201d. Respecto de las iniciativas que se pod\u00edan financiar con los recursos la dirigente coment\u00f3 que \u201clo que nos va faltando son dos proyectos que ten\u00edamos de hace tiempo que son una biblioteca comunitaria y club deportivo\u201d.<\/p>\n<p style=\"text-align: justify;\">La Directora Regional del FOSIS en Ays\u00e9n, Fernanda Leiva, asegur\u00f3 que \u00abestamos muy contentos de seguir trabajando en la comuna de Ays\u00e9n, gracias al programa Acci\u00f3n Local, despu\u00e9s una experiencia exitosa con la iniciativa de Escuela de Deportes N\u00e1uticos en Puerto Chacabuco y con este primer encuentro con las dirigentas, vecinos y vecinas de Villa Patagonia y Villa Cerro Cord\u00f3n. Este programa, muy en sinton\u00eda con los lineamientos que nos ha mandatado el presidente Gabriel Boric, nos permite fortalecer los lazos de una comunidad, cohesionando a sus miembros para impulsar un trabajar colaborativo y encontrar soluciones a problem\u00e1ticas identificadas. Esta intervenci\u00f3n financia iniciativas priorizadas por vecinos y vecinas mediante un proceso de votaci\u00f3n y participaci\u00f3n directa que tiene como \u00faltimo fin el mejorar las condiciones de vida de las familias participantes\u00bb.<\/p>\n<p style=\"text-align: justify;\">La intervenci\u00f3n propuesta por esta instancia program\u00e1tica del FOSIS est\u00e1 compuesta por 3 instancia: Fortalecimiento de Capacidades Locales, Financiamiento de Iniciativas Local y Fortalecimiento de las alianzas p\u00fablico-privadas.<\/p>\n<\/div><\/section><\/div><div  style='height:50px' class='hr hr-invisible   avia-builder-el-6  el_after_av_one_full  el_before_av_social_share '><span class='hr-inner ' ><span class='hr-inner-style'><\/span><\/span><\/div><\/p>\n<div  class='av-social-sharing-box  avia-builder-el-7  el_after_av_hr  el_before_av_hr  '><div class='av-share-box'><h5 class='av-share-link-description av-no-toc '>Compartir esta noticia<\/h5><ul class='av-share-box-list noLightbox'><li class='av-share-link av-social-link-facebook' ><a target=\"_blank\" aria-label=\"Compartir en Facebook\" href='https:\/\/www.facebook.com\/sharer.php?u=https:\/\/radiorevelacionfm.cl\/?p=18718&#038;t=Fosis%20inicia%20intervenci%C3%B3n%20para%20financiar%20iniciativas%20en%20Villa%20Patagonia%20y%20Villa%20Cerro%20Cord%C3%B3n' aria-hidden='false' data-av_icon='\ue8f3' data-av_iconfont='entypo-fontello' title='' data-avia-related-tooltip='Compartir en Facebook' rel=\"noopener\"><span class='avia_hidden_link_text'>Compartir en Facebook<\/span><\/a><\/li><li class='av-share-link av-social-link-twitter' ><a target=\"_blank\" aria-label=\"Compartir en Twitter\" href='https:\/\/twitter.com\/share?text=Fosis%20inicia%20intervenci%C3%B3n%20para%20financiar%20iniciativas%20en%20Villa%20Patagonia%20y%20Villa%20Cerro%20Cord%C3%B3n&#038;url=https:\/\/radiorevelacionfm.cl\/?p=18718' aria-hidden='false' data-av_icon='\ue8f1' data-av_iconfont='entypo-fontello' title='' data-avia-related-tooltip='Compartir en Twitter' rel=\"noopener\"><span class='avia_hidden_link_text'>Compartir en Twitter<\/span><\/a><\/li><li class='av-share-link av-social-link-whatsapp' ><a target=\"_blank\" aria-label=\"Compartir en Whatsapp\" href='https:\/\/api.whatsapp.com\/send?text=https:\/\/radiorevelacionfm.cl\/?p=18718' aria-hidden='false' data-av_icon='\uf232' data-av_iconfont='entypo-fontello' title='' data-avia-related-tooltip='Compartir en Whatsapp' rel=\"noopener\"><span class='avia_hidden_link_text'>Compartir en Whatsapp<\/span><\/a><\/li><li class='av-share-link av-social-link-linkedin' ><a target=\"_blank\" aria-label=\"Compartir en LinkedIn\" href='https:\/\/linkedin.com\/shareArticle?mini=true&#038;title=Fosis%20inicia%20intervenci%C3%B3n%20para%20financiar%20iniciativas%20en%20Villa%20Patagonia%20y%20Villa%20Cerro%20Cord%C3%B3n&#038;url=https:\/\/radiorevelacionfm.cl\/?p=18718' aria-hidden='false' data-av_icon='\ue8fc' data-av_iconfont='entypo-fontello' title='' data-avia-related-tooltip='Compartir en LinkedIn' rel=\"noopener\"><span class='avia_hidden_link_text'>Compartir en LinkedIn<\/span><\/a><\/li><li class='av-share-link av-social-link-mail' ><a  aria-label=\"Compartir por correo\" href='mailto:?subject=Fosis%20inicia%20intervenci%C3%B3n%20para%20financiar%20iniciativas%20en%20Villa%20Patagonia%20y%20Villa%20Cerro%20Cord%C3%B3n&#038;body=https:\/\/radiorevelacionfm.cl\/?p=18718' aria-hidden='false' data-av_icon='\ue805' data-av_iconfont='entypo-fontello' title='' data-avia-related-tooltip='Compartir por correo'><span class='avia_hidden_link_text'>Compartir por correo<\/span><\/a><\/li><\/ul><\/div><\/div>\n<div  style='height:50px' class='hr hr-invisible   avia-builder-el-8  el_after_av_social_share  el_before_av_comments_list '><span class='hr-inner ' ><span class='hr-inner-style'><\/span><\/span><\/div>\n<div  class='av-buildercomment  av-blog-meta-html-info-disabled av-blog-meta-tag-disabled  '><\/div>\n","protected":false},"excerpt":{"rendered":"","protected":false},"author":1,"featured_media":18719,"comment_status":"open","ping_status":"open","sticky":false,"template":"","format":"standard","meta":{"footnotes":""},"categories":[38],"tags":[],"class_list":["post-18718","post","type-post","status-publish","format-standard","has-post-thumbnail","hentry","category-regional"],"jetpack_featured_media_url":"https:\/\/radiorevelacionfm.cl\/wp-content\/uploads\/2022\/07\/alpuertoaysen-1_optimized.jpg","_links":{"self":[{"href":"https:\/\/radiorevelacionfm.cl\/index.php?rest_route=\/wp\/v2\/posts\/18718","targetHints":{"allow":["GET"]}}],"collection":[{"href":"https:\/\/radiorevelacionfm.cl\/index.php?rest_route=\/wp\/v2\/posts"}],"about":[{"href":"https:\/\/radiorevelacionfm.cl\/index.php?rest_route=\/wp\/v2\/types\/post"}],"author":[{"embeddable":true,"href":"https:\/\/radiorevelacionfm.cl\/index.php?rest_route=\/wp\/v2\/users\/1"}],"replies":[{"embeddable":true,"href":"https:\/\/radiorevelacionfm.cl\/index.php?rest_route=%2Fwp%2Fv2%2Fcomments&post=18718"}],"version-history":[{"count":2,"href":"https:\/\/radiorevelacionfm.cl\/index.php?rest_route=\/wp\/v2\/posts\/18718\/revisions"}],"predecessor-version":[{"id":18724,"href":"https:\/\/radiorevelacionfm.cl\/index.php?rest_route=\/wp\/v2\/posts\/18718\/revisions\/18724"}],"wp:featuredmedia":[{"embeddable":true,"href":"https:\/\/radiorevelacionfm.cl\/index.php?rest_route=\/wp\/v2\/media\/18719"}],"wp:attachment":[{"href":"https:\/\/radiorevelacionfm.cl\/index.php?rest_route=%2Fwp%2Fv2%2Fmedia&parent=18718"}],"wp:term":[{"taxonomy":"category","embeddable":true,"href":"https:\/\/radiorevelacionfm.cl\/index.php?rest_route=%2Fwp%2Fv2%2Fcategories&post=18718"},{"taxonomy":"post_tag","embeddable":true,"href":"https:\/\/radiorevelacionfm.cl\/index.php?rest_route=%2Fwp%2Fv2%2Ftags&post=18718"}],"curies":[{"name":"wp","href":"https:\/\/api.w.org\/{rel}","templated":true}]}}