{"id":18711,"date":"2022-07-01T12:11:56","date_gmt":"2022-07-01T15:11:56","guid":{"rendered":"https:\/\/radiorevelacionfm.cl\/?p=18711"},"modified":"2022-07-01T12:11:56","modified_gmt":"2022-07-01T15:11:56","slug":"liceo-politecnico-de-puerto-aysen-realiza-feria-tecnico-profesional-2022","status":"publish","type":"post","link":"https:\/\/radiorevelacionfm.cl\/?p=18711","title":{"rendered":"Liceo Polit\u00e9cnico de Puerto Ays\u00e9n realiza Feria T\u00e9cnico Profesional 2022"},"content":{"rendered":"<div class=\"flex_column av_one_full  flex_column_div av-zero-column-padding first  avia-builder-el-0  el_before_av_one_full  avia-builder-el-first  \" style='border-radius:0px; '><div  class='avia-image-container  av-styling-    avia-builder-el-1  avia-builder-el-no-sibling  avia-align-center '  itemprop=\"image\" itemscope=\"itemscope\" itemtype=\"https:\/\/schema.org\/ImageObject\"  ><div class='avia-image-container-inner'><div class='avia-image-overlay-wrap'><img decoding=\"async\" class='wp-image-18712 avia-img-lazy-loading-not-18712 avia_image' src=\"https:\/\/radiorevelacionfm.cl\/wp-content\/uploads\/2022\/07\/291056143_5192937940833158_4885114316709993777_n-1-1.jpg\" alt='' title='291056143_5192937940833158_4885114316709993777_n (1) (1)' height=\"600\" width=\"959\"  itemprop=\"thumbnailUrl\" srcset=\"https:\/\/radiorevelacionfm.cl\/wp-content\/uploads\/2022\/07\/291056143_5192937940833158_4885114316709993777_n-1-1.jpg 959w, https:\/\/radiorevelacionfm.cl\/wp-content\/uploads\/2022\/07\/291056143_5192937940833158_4885114316709993777_n-1-1-300x188.jpg 300w, https:\/\/radiorevelacionfm.cl\/wp-content\/uploads\/2022\/07\/291056143_5192937940833158_4885114316709993777_n-1-1-768x481.jpg 768w, https:\/\/radiorevelacionfm.cl\/wp-content\/uploads\/2022\/07\/291056143_5192937940833158_4885114316709993777_n-1-1-705x441.jpg 705w, https:\/\/radiorevelacionfm.cl\/wp-content\/uploads\/2022\/07\/291056143_5192937940833158_4885114316709993777_n-1-1-600x375.jpg 600w\" sizes=\"(max-width: 959px) 100vw, 959px\" \/><\/div><\/div><\/div><\/div><div class=\"flex_column av_one_full  flex_column_div av-zero-column-padding first  avia-builder-el-2  el_after_av_one_full  el_before_av_one_full  column-top-margin\" style='border-radius:0px; '><section class=\"av_textblock_section \"  itemscope=\"itemscope\" itemtype=\"https:\/\/schema.org\/BlogPosting\" itemprop=\"blogPost\" ><div class='avia_textblock  '   itemprop=\"text\" ><p style=\"text-align: center;\"><span style=\"font-size: 18pt;\"><strong>Liceo Polit\u00e9cnico de Puerto Ays\u00e9n realiza Feria T\u00e9cnico Profesional 2022<\/strong><\/span><\/p>\n<div id=\"gtx-trans\" style=\"position: absolute; left: -50px; top: 4.31534px;\">\n<div class=\"gtx-trans-icon\"><\/div>\n<\/div>\n<\/div><\/section><\/div><div class=\"flex_column av_one_full  flex_column_div av-zero-column-padding first  avia-builder-el-4  el_after_av_one_full  el_before_av_hr  column-top-margin\" style='border-radius:0px; '><section class=\"av_textblock_section \"  itemscope=\"itemscope\" itemtype=\"https:\/\/schema.org\/BlogPosting\" itemprop=\"blogPost\" ><div class='avia_textblock  '   itemprop=\"text\" ><p style=\"text-align: justify;\">T\u00e9cnico en enfermer\u00eda; Mec\u00e1nica Industrial Menci\u00f3n M\u00e1quinas y Herramientas; y P\u00e1rvulo modalidad vespertina forman parte del universo de especialidades que son impartidas a\u00f1o a a\u00f1o por el liceo Polit\u00e9cnico en Puerto Ays\u00e9n.<\/p>\n<p style=\"text-align: justify;\">Con el fin de mantener y aumentar la matr\u00edcula de cara al periodo acad\u00e9mico 2023, y como una forma de mostrar el trabajo mancomunado entre equipo directivo, docentes y estudiantes, es que se desarroll\u00f3 una nueva versi\u00f3n de la Feria T\u00e9cnico Profesional 2022, de la que fueron parte, adem\u00e1s, establecimientos educacionales de la comuna.<\/p>\n<p style=\"text-align: justify;\">As\u00ed lo manifest\u00f3 Mar\u00eda Celeste Rojas, directora del liceo, quien relev\u00f3 esta instancia como uno de los hitos m\u00e1s importante que se vive cada a\u00f1o al interior del recinto educativo. \u201cNos interesa mucho que la comunidad, en especial las escuelas, los estudiantes de educaci\u00f3n b\u00e1sica nos puedan conocer, conozcan nuestras especialidades, las dependencias, las instalaciones, para que puedan tomar la decisi\u00f3n ya pensando en el proceso de admisi\u00f3n del pr\u00f3ximo a\u00f1o, de forma lo m\u00e1s informada posible. Todo lo que se observa en esta feria est\u00e1 hecho por nuestros mismos estudiantes, para ellos esta actividad es muy relevante y siempre nos tiene muy contentos poder generar este espacio\u201d.<\/p>\n<p style=\"text-align: justify;\">La directiva invit\u00f3 desde ya a la familia aysenina para que sea parte de este liceo, que cuenta con 83 a\u00f1os de trayectoria desde su fundaci\u00f3n un 1 de abril de 1939. \u201cEn esta ocasi\u00f3n, contamos con la visita de las escuelas Litoral Austral, Poetisa Gabriela mistral, Almirante Simpson de Puerto Chacabuco, escuela B\u00e1sica Ribera Sur y escuela Ays\u00e9n, entre otras. De hecho, tambi\u00e9n si hay apoderados que est\u00e9n proyectando a sus hijos en el liceo, y que quieran conocernos no hay ning\u00fan problema, al contrario. Basta con que se acerquen, nosotros encantados en presentar, mostrar las dependencias, clarificar dudas porque nos interesa que nos puedan considerar como la oferta TP m\u00e1s importante, desde nuestra mirada, de la comuna\u201d.<\/p>\n<p style=\"text-align: justify;\">Por su parte, el director (S) de la Direcci\u00f3n de Educaci\u00f3n Municipal, Sebasti\u00e1n Campos expres\u00f3 que estas actividades son muy necesarias, dado que el liceo Polit\u00e9cnico -que hoy alberga a cerca de 500 alumnos-, es un establecimiento pensado por y para los ayseninos. \u201cEsta feria evidencia la cantidad, y m\u00e1s all\u00e1 de eso, la calidad de las carreras que tenemos en el liceo Polit\u00e9cnico, as\u00ed como la infraestructura adquirida, que est\u00e1 abierta a toda la comunidad, porque es importante conocer lo que nuestros estudiantes est\u00e1n haciendo en pos de su futuro y, por supuesto, seguir ofreciendo educaci\u00f3n de calidad a los j\u00f3venes ayseninos\u201d, indic\u00f3 Campos Gallegos.<\/p>\n<p style=\"text-align: justify;\">\u201cEsta expo es muy buena, se invita siempre a los apoderados a que acompa\u00f1en a sus alumnos este d\u00eda porque es donde ellos muestran todo lo que han aprendido. Es un orgullo ver c\u00f3mo nuestros j\u00f3venes est\u00e1n trabajando, c\u00f3mo les brillan los ojitos cuando uno les pregunta y ellos se expresan. Uno, como mam\u00e1, como apoderada, como representante del Centro General de Padres y Apoderados, se siente muy contento. Se agradece que nuestro liceo Polit\u00e9cnico siendo municipal, tenga todo esto que ofrecer, a las empresas invitarlos a que sigan apoyando, y que sigamos por muchos a\u00f1os m\u00e1s teniendo m\u00e1s chics TP\u201d, se\u00f1al\u00f3 M\u00f3nica Matamala, presidenta del CGPA del liceo.<\/p>\n<p style=\"text-align: justify;\">Respecto a las especialidades, destaca Mec\u00e1nica Industrial menci\u00f3n M\u00e1quinas y Herramientas que, con una tecnolog\u00eda de punta y espacios acordes al desarrollo de lo que implica esta carrera, busca formar profesionales capacitados para el mantenimiento de sistemas mec\u00e1nicos, operaci\u00f3n de equipos industriales, y administraci\u00f3n de peque\u00f1as empresas y\/o talleres. Ello, conjugado con convenios con diversas instituciones que permiten a los j\u00f3venes optar a capacitaciones, perfeccionamientos, pasant\u00edas, pr\u00e1cticas laborales, inclusive, fuentes de empleo, hacen que sea un rentable paso hacia el futuro para quienes la estudian.<\/p>\n<p style=\"text-align: justify;\">En el caso de T\u00e9cnico en Enfermer\u00eda, el objetivo es formar profesionales capacitados para desempe\u00f1arse en forma id\u00f3nea, tanto en servicios de salud p\u00fablicos y\/o privados, con una formaci\u00f3n \u00f3ptima a cargo de profesionales de la salud y docentes, y con el agregado de la vocaci\u00f3n y el cari\u00f1o por los pacientes y cada una de las acciones que realizan en pos de la salud.<\/p>\n<p style=\"text-align: justify;\">Finalmente, T\u00e9cnico en P\u00e1rvulos ofrece la modalidad vespertina, permitiendo a sus estudiantes acceder a la educaci\u00f3n sin dejar de lado trabajo y familia que, a trav\u00e9s de clases te\u00f3ricas y pr\u00e1cticas, busca formar profesionales capaces de apoyar y compartir la labor del educador o educadora de p\u00e1rvulos en las diversas tareas implicadas en la educaci\u00f3n inicial de ni\u00f1os y ni\u00f1as.<\/p>\n<\/div><\/section><\/div><div  style='height:50px' class='hr hr-invisible   avia-builder-el-6  el_after_av_one_full  el_before_av_social_share '><span class='hr-inner ' ><span class='hr-inner-style'><\/span><\/span><\/div><\/p>\n<div  class='av-social-sharing-box  avia-builder-el-7  el_after_av_hr  el_before_av_hr  '><div class='av-share-box'><h5 class='av-share-link-description av-no-toc '>Compartir esta noticia<\/h5><ul class='av-share-box-list noLightbox'><li class='av-share-link av-social-link-facebook' ><a target=\"_blank\" aria-label=\"Compartir en Facebook\" href='https:\/\/www.facebook.com\/sharer.php?u=https:\/\/radiorevelacionfm.cl\/?p=18711&#038;t=Liceo%20Polit%C3%A9cnico%20de%20Puerto%20Ays%C3%A9n%20realiza%20Feria%20T%C3%A9cnico%20Profesional%202022' aria-hidden='false' data-av_icon='\ue8f3' data-av_iconfont='entypo-fontello' title='' data-avia-related-tooltip='Compartir en Facebook' rel=\"noopener\"><span class='avia_hidden_link_text'>Compartir en Facebook<\/span><\/a><\/li><li class='av-share-link av-social-link-twitter' ><a target=\"_blank\" aria-label=\"Compartir en Twitter\" href='https:\/\/twitter.com\/share?text=Liceo%20Polit%C3%A9cnico%20de%20Puerto%20Ays%C3%A9n%20realiza%20Feria%20T%C3%A9cnico%20Profesional%202022&#038;url=https:\/\/radiorevelacionfm.cl\/?p=18711' aria-hidden='false' data-av_icon='\ue8f1' data-av_iconfont='entypo-fontello' title='' data-avia-related-tooltip='Compartir en Twitter' rel=\"noopener\"><span class='avia_hidden_link_text'>Compartir en Twitter<\/span><\/a><\/li><li class='av-share-link av-social-link-whatsapp' ><a target=\"_blank\" aria-label=\"Compartir en Whatsapp\" href='https:\/\/api.whatsapp.com\/send?text=https:\/\/radiorevelacionfm.cl\/?p=18711' aria-hidden='false' data-av_icon='\uf232' data-av_iconfont='entypo-fontello' title='' data-avia-related-tooltip='Compartir en Whatsapp' rel=\"noopener\"><span class='avia_hidden_link_text'>Compartir en Whatsapp<\/span><\/a><\/li><li class='av-share-link av-social-link-linkedin' ><a target=\"_blank\" aria-label=\"Compartir en LinkedIn\" href='https:\/\/linkedin.com\/shareArticle?mini=true&#038;title=Liceo%20Polit%C3%A9cnico%20de%20Puerto%20Ays%C3%A9n%20realiza%20Feria%20T%C3%A9cnico%20Profesional%202022&#038;url=https:\/\/radiorevelacionfm.cl\/?p=18711' aria-hidden='false' data-av_icon='\ue8fc' data-av_iconfont='entypo-fontello' title='' data-avia-related-tooltip='Compartir en LinkedIn' rel=\"noopener\"><span class='avia_hidden_link_text'>Compartir en LinkedIn<\/span><\/a><\/li><li class='av-share-link av-social-link-mail' ><a  aria-label=\"Compartir por correo\" href='mailto:?subject=Liceo%20Polit%C3%A9cnico%20de%20Puerto%20Ays%C3%A9n%20realiza%20Feria%20T%C3%A9cnico%20Profesional%202022&#038;body=https:\/\/radiorevelacionfm.cl\/?p=18711' aria-hidden='false' data-av_icon='\ue805' data-av_iconfont='entypo-fontello' title='' data-avia-related-tooltip='Compartir por correo'><span class='avia_hidden_link_text'>Compartir por correo<\/span><\/a><\/li><\/ul><\/div><\/div>\n<div  style='height:50px' class='hr hr-invisible   avia-builder-el-8  el_after_av_social_share  el_before_av_comments_list '><span class='hr-inner ' ><span class='hr-inner-style'><\/span><\/span><\/div>\n<div  class='av-buildercomment  av-blog-meta-html-info-disabled av-blog-meta-tag-disabled  '><\/div>\n","protected":false},"excerpt":{"rendered":"","protected":false},"author":1,"featured_media":18712,"comment_status":"open","ping_status":"open","sticky":false,"template":"","format":"standard","meta":{"footnotes":""},"categories":[38],"tags":[],"class_list":["post-18711","post","type-post","status-publish","format-standard","has-post-thumbnail","hentry","category-regional"],"jetpack_featured_media_url":"https:\/\/radiorevelacionfm.cl\/wp-content\/uploads\/2022\/07\/291056143_5192937940833158_4885114316709993777_n-1-1.jpg","_links":{"self":[{"href":"https:\/\/radiorevelacionfm.cl\/index.php?rest_route=\/wp\/v2\/posts\/18711","targetHints":{"allow":["GET"]}}],"collection":[{"href":"https:\/\/radiorevelacionfm.cl\/index.php?rest_route=\/wp\/v2\/posts"}],"about":[{"href":"https:\/\/radiorevelacionfm.cl\/index.php?rest_route=\/wp\/v2\/types\/post"}],"author":[{"embeddable":true,"href":"https:\/\/radiorevelacionfm.cl\/index.php?rest_route=\/wp\/v2\/users\/1"}],"replies":[{"embeddable":true,"href":"https:\/\/radiorevelacionfm.cl\/index.php?rest_route=%2Fwp%2Fv2%2Fcomments&post=18711"}],"version-history":[{"count":2,"href":"https:\/\/radiorevelacionfm.cl\/index.php?rest_route=\/wp\/v2\/posts\/18711\/revisions"}],"predecessor-version":[{"id":18714,"href":"https:\/\/radiorevelacionfm.cl\/index.php?rest_route=\/wp\/v2\/posts\/18711\/revisions\/18714"}],"wp:featuredmedia":[{"embeddable":true,"href":"https:\/\/radiorevelacionfm.cl\/index.php?rest_route=\/wp\/v2\/media\/18712"}],"wp:attachment":[{"href":"https:\/\/radiorevelacionfm.cl\/index.php?rest_route=%2Fwp%2Fv2%2Fmedia&parent=18711"}],"wp:term":[{"taxonomy":"category","embeddable":true,"href":"https:\/\/radiorevelacionfm.cl\/index.php?rest_route=%2Fwp%2Fv2%2Fcategories&post=18711"},{"taxonomy":"post_tag","embeddable":true,"href":"https:\/\/radiorevelacionfm.cl\/index.php?rest_route=%2Fwp%2Fv2%2Ftags&post=18711"}],"curies":[{"name":"wp","href":"https:\/\/api.w.org\/{rel}","templated":true}]}}