{"id":18703,"date":"2022-07-01T10:25:16","date_gmt":"2022-07-01T13:25:16","guid":{"rendered":"https:\/\/radiorevelacionfm.cl\/?p=18703"},"modified":"2022-07-01T10:25:16","modified_gmt":"2022-07-01T13:25:16","slug":"aprueban-fondos-para-la-ampliacion-del-cementerio-de-aysen","status":"publish","type":"post","link":"https:\/\/radiorevelacionfm.cl\/?p=18703","title":{"rendered":"Aprueban fondos para la ampliaci\u00f3n del Cementerio de Ays\u00e9n"},"content":{"rendered":"<div class=\"flex_column av_one_full  flex_column_div av-zero-column-padding first  avia-builder-el-0  el_before_av_one_full  avia-builder-el-first  \" style='border-radius:0px; '><div  class='avia-image-container  av-styling-    avia-builder-el-1  avia-builder-el-no-sibling  avia-align-center '  itemprop=\"image\" itemscope=\"itemscope\" itemtype=\"https:\/\/schema.org\/ImageObject\"  ><div class='avia-image-container-inner'><div class='avia-image-overlay-wrap'><img decoding=\"async\" class='wp-image-18704 avia-img-lazy-loading-not-18704 avia_image' src=\"https:\/\/radiorevelacionfm.cl\/wp-content\/uploads\/2022\/06\/1-32-1-1_optimized.jpeg\" alt='' title='1-(32)-(1)-(1)_optimized' height=\"600\" width=\"1648\"  itemprop=\"thumbnailUrl\" srcset=\"https:\/\/radiorevelacionfm.cl\/wp-content\/uploads\/2022\/06\/1-32-1-1_optimized.jpeg 1648w, https:\/\/radiorevelacionfm.cl\/wp-content\/uploads\/2022\/06\/1-32-1-1_optimized-300x109.jpeg 300w, https:\/\/radiorevelacionfm.cl\/wp-content\/uploads\/2022\/06\/1-32-1-1_optimized-1030x375.jpeg 1030w, https:\/\/radiorevelacionfm.cl\/wp-content\/uploads\/2022\/06\/1-32-1-1_optimized-768x280.jpeg 768w, https:\/\/radiorevelacionfm.cl\/wp-content\/uploads\/2022\/06\/1-32-1-1_optimized-1536x559.jpeg 1536w, https:\/\/radiorevelacionfm.cl\/wp-content\/uploads\/2022\/06\/1-32-1-1_optimized-1500x546.jpeg 1500w, https:\/\/radiorevelacionfm.cl\/wp-content\/uploads\/2022\/06\/1-32-1-1_optimized-705x257.jpeg 705w, https:\/\/radiorevelacionfm.cl\/wp-content\/uploads\/2022\/06\/1-32-1-1_optimized-600x218.jpeg 600w\" sizes=\"(max-width: 1648px) 100vw, 1648px\" \/><\/div><\/div><\/div><\/div><div class=\"flex_column av_one_full  flex_column_div av-zero-column-padding first  avia-builder-el-2  el_after_av_one_full  el_before_av_one_full  column-top-margin\" style='border-radius:0px; '><section class=\"av_textblock_section \"  itemscope=\"itemscope\" itemtype=\"https:\/\/schema.org\/BlogPosting\" itemprop=\"blogPost\" ><div class='avia_textblock  '   itemprop=\"text\" ><p style=\"text-align: center;\"><strong><span style=\"font-size: 18pt;\">Aprueban fondos para la ampliaci\u00f3n del Cementerio de Ays\u00e9n<\/span><\/strong><\/p>\n<div id=\"gtx-trans\" style=\"position: absolute; left: -50px; top: 4.31534px;\">\n<div class=\"gtx-trans-icon\"><\/div>\n<\/div>\n<\/div><\/section><\/div><div class=\"flex_column av_one_full  flex_column_div av-zero-column-padding first  avia-builder-el-4  el_after_av_one_full  el_before_av_hr  column-top-margin\" style='border-radius:0px; '><section class=\"av_textblock_section \"  itemscope=\"itemscope\" itemtype=\"https:\/\/schema.org\/BlogPosting\" itemprop=\"blogPost\" ><div class='avia_textblock  '   itemprop=\"text\" ><p style=\"text-align: justify;\">\u00abEstoy muy contenta del trabajo realizado de manera conjunta en la aprobaci\u00f3n de esta iniciativa, que viene a dar tranquilidad a la comunidad y a resolver un problema muy importante como es la poca capacidad que hoy d\u00eda tiene el cementerio de Puerto Ays\u00e9n\u00bb, afirm\u00f3 la Gobernadora Regional, Andrea Mac\u00edas Palma a prop\u00f3sito de la aprobaci\u00f3n de la iniciativa.<\/p>\n<p style=\"text-align: justify;\">En la sesi\u00f3n estuvo presente el alcalde de la comuna, Julio Uribe, quien manifest\u00f3 su satisfacci\u00f3n por la decisi\u00f3n tomada por Consejeros y Consejeras Regionales, que permitir\u00e1 atender a esta demanda de vecinos y vecinas de Ays\u00e9n.<\/p>\n<p style=\"text-align: justify;\">\u00abUna etapa cumplida, este era un anhelo de los ayseninos, el poder contar con un nuevo cementerio, poder contemplar tambi\u00e9n el nuevo mausoleo de la tumba del padre Antonio Ronchi. Esto es para nosotros muy importante, se aprob\u00f3 hoy d\u00eda por unanimidad 3 mil 300 millones de pesos en un hecho hist\u00f3rico. Agradecer a todo el Consejo Regional, a la Gobernadora y a todos quienes estuvieron detr\u00e1s de este proyecto, en especial al equipo profesional de nuestra SECPLAN del Municipio\u00bb, coment\u00f3 el edil.<\/p>\n<p style=\"text-align: justify;\">Para los Consejeros Regionales fue tambi\u00e9n un hito importante, ya que la necesidad de la comunidad ya se hac\u00eda patente. Para Loreto Villegas, Consejera de la Provincia de Ays\u00e9n, trabajar con el equipo del Municipio hizo el desarrollo del proyecto mucho m\u00e1s f\u00e1cil. \u00abAgradecer la motivaci\u00f3n e insistencia del Alcalde, a la Gobernadora Regional por colocar este tema en tabla y tambi\u00e9n agradecer a los 14 consejeros que aprobaron de manera un\u00e1nime as\u00ed que simplemente un d\u00eda de agradecimiento y felicidad para todos los ayseninos\u00bb.<\/p>\n<p style=\"text-align: justify;\">Por su parte, el Consejero Sergio Gonz\u00e1lez, tambi\u00e9n recalc\u00f3 la justicia que hace este proyecto con la necesidad de la comuna y la regi\u00f3n completa. \u00abLa urgencia sanitaria que tambi\u00e9n tiene en este caso la comuna de Ays\u00e9n, por eso es tan importante la aprobaci\u00f3n de todos los Consejeros Regionales que apoyaron lo que esta petici\u00f3n y obviamente a los profesionales del Municipio que pudieron apresurar los permisos y la factibilidad del proyecto\u00bb.<\/p>\n<p style=\"text-align: justify;\">La aprobaci\u00f3n, de manera un\u00e1nime en la sesi\u00f3n del Consejo Regional de Ays\u00e9n, significa la inversi\u00f3n de un monto de 3 mil millones de pesos para el Municipio de Ays\u00e9n.<\/p>\n<\/div><\/section><\/div><div  style='height:50px' class='hr hr-invisible   avia-builder-el-6  el_after_av_one_full  el_before_av_social_share '><span class='hr-inner ' ><span class='hr-inner-style'><\/span><\/span><\/div><\/p>\n<div  class='av-social-sharing-box  avia-builder-el-7  el_after_av_hr  el_before_av_hr  '><div class='av-share-box'><h5 class='av-share-link-description av-no-toc '>Compartir esta noticia<\/h5><ul class='av-share-box-list noLightbox'><li class='av-share-link av-social-link-facebook' ><a target=\"_blank\" aria-label=\"Compartir en Facebook\" href='https:\/\/www.facebook.com\/sharer.php?u=https:\/\/radiorevelacionfm.cl\/?p=18703&#038;t=Aprueban%20fondos%20para%20la%20ampliaci%C3%B3n%20del%20Cementerio%20de%20Ays%C3%A9n' aria-hidden='false' data-av_icon='\ue8f3' data-av_iconfont='entypo-fontello' title='' data-avia-related-tooltip='Compartir en Facebook' rel=\"noopener\"><span class='avia_hidden_link_text'>Compartir en Facebook<\/span><\/a><\/li><li class='av-share-link av-social-link-twitter' ><a target=\"_blank\" aria-label=\"Compartir en Twitter\" href='https:\/\/twitter.com\/share?text=Aprueban%20fondos%20para%20la%20ampliaci%C3%B3n%20del%20Cementerio%20de%20Ays%C3%A9n&#038;url=https:\/\/radiorevelacionfm.cl\/?p=18703' aria-hidden='false' data-av_icon='\ue8f1' data-av_iconfont='entypo-fontello' title='' data-avia-related-tooltip='Compartir en Twitter' rel=\"noopener\"><span class='avia_hidden_link_text'>Compartir en Twitter<\/span><\/a><\/li><li class='av-share-link av-social-link-whatsapp' ><a target=\"_blank\" aria-label=\"Compartir en Whatsapp\" href='https:\/\/api.whatsapp.com\/send?text=https:\/\/radiorevelacionfm.cl\/?p=18703' aria-hidden='false' data-av_icon='\uf232' data-av_iconfont='entypo-fontello' title='' data-avia-related-tooltip='Compartir en Whatsapp' rel=\"noopener\"><span class='avia_hidden_link_text'>Compartir en Whatsapp<\/span><\/a><\/li><li class='av-share-link av-social-link-linkedin' ><a target=\"_blank\" aria-label=\"Compartir en LinkedIn\" href='https:\/\/linkedin.com\/shareArticle?mini=true&#038;title=Aprueban%20fondos%20para%20la%20ampliaci%C3%B3n%20del%20Cementerio%20de%20Ays%C3%A9n&#038;url=https:\/\/radiorevelacionfm.cl\/?p=18703' aria-hidden='false' data-av_icon='\ue8fc' data-av_iconfont='entypo-fontello' title='' data-avia-related-tooltip='Compartir en LinkedIn' rel=\"noopener\"><span class='avia_hidden_link_text'>Compartir en LinkedIn<\/span><\/a><\/li><li class='av-share-link av-social-link-mail' ><a  aria-label=\"Compartir por correo\" href='mailto:?subject=Aprueban%20fondos%20para%20la%20ampliaci%C3%B3n%20del%20Cementerio%20de%20Ays%C3%A9n&#038;body=https:\/\/radiorevelacionfm.cl\/?p=18703' aria-hidden='false' data-av_icon='\ue805' data-av_iconfont='entypo-fontello' title='' data-avia-related-tooltip='Compartir por correo'><span class='avia_hidden_link_text'>Compartir por correo<\/span><\/a><\/li><\/ul><\/div><\/div>\n<div  style='height:50px' class='hr hr-invisible   avia-builder-el-8  el_after_av_social_share  el_before_av_comments_list '><span class='hr-inner ' ><span class='hr-inner-style'><\/span><\/span><\/div>\n<div  class='av-buildercomment  av-blog-meta-html-info-disabled av-blog-meta-tag-disabled  '><\/div>\n","protected":false},"excerpt":{"rendered":"","protected":false},"author":1,"featured_media":18704,"comment_status":"open","ping_status":"open","sticky":false,"template":"","format":"standard","meta":{"footnotes":""},"categories":[38],"tags":[],"class_list":["post-18703","post","type-post","status-publish","format-standard","has-post-thumbnail","hentry","category-regional"],"jetpack_featured_media_url":"https:\/\/radiorevelacionfm.cl\/wp-content\/uploads\/2022\/06\/1-32-1-1_optimized.jpeg","_links":{"self":[{"href":"https:\/\/radiorevelacionfm.cl\/index.php?rest_route=\/wp\/v2\/posts\/18703","targetHints":{"allow":["GET"]}}],"collection":[{"href":"https:\/\/radiorevelacionfm.cl\/index.php?rest_route=\/wp\/v2\/posts"}],"about":[{"href":"https:\/\/radiorevelacionfm.cl\/index.php?rest_route=\/wp\/v2\/types\/post"}],"author":[{"embeddable":true,"href":"https:\/\/radiorevelacionfm.cl\/index.php?rest_route=\/wp\/v2\/users\/1"}],"replies":[{"embeddable":true,"href":"https:\/\/radiorevelacionfm.cl\/index.php?rest_route=%2Fwp%2Fv2%2Fcomments&post=18703"}],"version-history":[{"count":2,"href":"https:\/\/radiorevelacionfm.cl\/index.php?rest_route=\/wp\/v2\/posts\/18703\/revisions"}],"predecessor-version":[{"id":18707,"href":"https:\/\/radiorevelacionfm.cl\/index.php?rest_route=\/wp\/v2\/posts\/18703\/revisions\/18707"}],"wp:featuredmedia":[{"embeddable":true,"href":"https:\/\/radiorevelacionfm.cl\/index.php?rest_route=\/wp\/v2\/media\/18704"}],"wp:attachment":[{"href":"https:\/\/radiorevelacionfm.cl\/index.php?rest_route=%2Fwp%2Fv2%2Fmedia&parent=18703"}],"wp:term":[{"taxonomy":"category","embeddable":true,"href":"https:\/\/radiorevelacionfm.cl\/index.php?rest_route=%2Fwp%2Fv2%2Fcategories&post=18703"},{"taxonomy":"post_tag","embeddable":true,"href":"https:\/\/radiorevelacionfm.cl\/index.php?rest_route=%2Fwp%2Fv2%2Ftags&post=18703"}],"curies":[{"name":"wp","href":"https:\/\/api.w.org\/{rel}","templated":true}]}}