{"id":18695,"date":"2022-06-30T18:59:30","date_gmt":"2022-06-30T21:59:30","guid":{"rendered":"https:\/\/radiorevelacionfm.cl\/?p=18695"},"modified":"2022-06-30T18:59:30","modified_gmt":"2022-06-30T21:59:30","slug":"alertan-sobre-peligros-de-la-velocidad-por-temporada-de-escarchas-y-mal-tiempo","status":"publish","type":"post","link":"https:\/\/radiorevelacionfm.cl\/?p=18695","title":{"rendered":"Alertan sobre peligros de la velocidad por temporada de escarchas y mal tiempo"},"content":{"rendered":"<div class=\"flex_column av_one_full  flex_column_div av-zero-column-padding first  avia-builder-el-0  el_before_av_one_full  avia-builder-el-first  \" style='border-radius:0px; '><div  class='avia-image-container  av-styling-    avia-builder-el-1  avia-builder-el-no-sibling  avia-align-center '  itemprop=\"image\" itemscope=\"itemscope\" itemtype=\"https:\/\/schema.org\/ImageObject\"  ><div class='avia-image-container-inner'><div class='avia-image-overlay-wrap'><img decoding=\"async\" class='wp-image-18696 avia-img-lazy-loading-not-18696 avia_image' src=\"https:\/\/radiorevelacionfm.cl\/wp-content\/uploads\/2022\/06\/dsc_6074-1_optimized.jpg\" alt='' title='dsc_6074-(1)_optimized' height=\"600\" width=\"903\"  itemprop=\"thumbnailUrl\" srcset=\"https:\/\/radiorevelacionfm.cl\/wp-content\/uploads\/2022\/06\/dsc_6074-1_optimized.jpg 903w, https:\/\/radiorevelacionfm.cl\/wp-content\/uploads\/2022\/06\/dsc_6074-1_optimized-300x199.jpg 300w, https:\/\/radiorevelacionfm.cl\/wp-content\/uploads\/2022\/06\/dsc_6074-1_optimized-768x510.jpg 768w, https:\/\/radiorevelacionfm.cl\/wp-content\/uploads\/2022\/06\/dsc_6074-1_optimized-705x468.jpg 705w, https:\/\/radiorevelacionfm.cl\/wp-content\/uploads\/2022\/06\/dsc_6074-1_optimized-600x399.jpg 600w\" sizes=\"(max-width: 903px) 100vw, 903px\" \/><\/div><\/div><\/div><\/div><div class=\"flex_column av_one_full  flex_column_div av-zero-column-padding first  avia-builder-el-2  el_after_av_one_full  el_before_av_one_full  column-top-margin\" style='border-radius:0px; '><section class=\"av_textblock_section \"  itemscope=\"itemscope\" itemtype=\"https:\/\/schema.org\/BlogPosting\" itemprop=\"blogPost\" ><div class='avia_textblock  '   itemprop=\"text\" ><p style=\"text-align: center;\"><span style=\"font-size: 18pt;\"><b>Alertan sobre peligros de la velocidad por temporada de escarchas y mal tiempo<\/b><\/span><\/p>\n<div id=\"gtx-trans\" style=\"position: absolute; left: -50px; top: 4.31534px;\">\n<div class=\"gtx-trans-icon\"><\/div>\n<\/div>\n<\/div><\/section><\/div><div class=\"flex_column av_one_full  flex_column_div av-zero-column-padding first  avia-builder-el-4  el_after_av_one_full  el_before_av_hr  column-top-margin\" style='border-radius:0px; '><section class=\"av_textblock_section \"  itemscope=\"itemscope\" itemtype=\"https:\/\/schema.org\/BlogPosting\" itemprop=\"blogPost\" ><div class='avia_textblock  '   itemprop=\"text\" ><p style=\"font-weight: 400; text-align: justify;\">En Alto Baguales, la Comisi\u00f3n Regional de Seguridad de Tr\u00e1nsito (CORESET) se constituy\u00f3 para realizar un control preventivo de tr\u00e1nsito por parte de fiscalizadores del Ministerio de Transportes y Telecomunicaciones, instancia en que se hizo un llamado de alerta a los conductores por la presencia de escarcha, hielo o nieve en las v\u00edas. En la instancia, adem\u00e1s se record\u00f3 que independiente de las condiciones clim\u00e1ticas o de la ruta, las decisiones que se toman tras un volante son fundamentales para evitar siniestros.<\/p>\n<p style=\"font-weight: 400; text-align: justify;\">En este sentido, la seremiTT Claudia Cantero enfatiz\u00f3 en que los efectos del invierno, requiere aumentar las precauciones, sobre todo en t\u00e9rminos de la velocidad por parte de los conductores. Tambi\u00e9n existe preocupaci\u00f3n por el aumento de cifras de volcamientos, colisiones y otro tipo de accidentes que han ocurrido los \u00faltimos d\u00edas.<\/p>\n<p style=\"font-weight: 400; text-align: justify;\">\u201cDesde la CORESET hemos estado trabajando con diversos actores. Entre ellos Carabineros, Onemi y ministerio de Obras P\u00fablicas para poder trabajar en conjunto. Estamos en un punto importante en el Km 57. de la ruta Coyhaique \u2013 Puerto Ays\u00e9n, en donde han ocurrido siniestros de tr\u00e1nsito. Entonces el llamado es a la precauci\u00f3n, al autocuidado, sabemos que las rutas son complejas, por lo tanto insistimos en manejar con los resguardos necesarios y m\u00e1s que nada, bajar la velocidad. Sobre todo en los puntos m\u00e1s cr\u00edticos\u201d, enfatiz\u00f3 Cantero.<\/p>\n<p style=\"font-weight: 400; text-align: justify;\">Pese a que se redujo en un 12% la cifra de accidentes, en relaci\u00f3n con el a\u00f1o pasado; el capit\u00e1n de la SIAT de Carabineros, Osvaldo Mellado, calific\u00f3 como \u201calarmante\u201d el n\u00famero de accidentes ocurridos este 2022, con 204 a la fecha. \u201cRecordar que en condiciones clim\u00e1ticas adversas, ya sea con hielo o nieve, nuestra distancia de detenci\u00f3n ante una maniobra de emergencia se ve aumentada hasta 10 veces. De igual forma, entregar un mensaje que\u00a0<strong>dentro de los \u00faltimos accidentes que se han registrado un 80% han sido producidos por gente de la<\/strong>\u00a0<strong>zona<\/strong>, por eso no hay que confiarse de las condiciones de la calzada ni del veh\u00edculo\u201d, inform\u00f3.<\/p>\n<p style=\"font-weight: 400; text-align: justify;\">Desde el ministerio de Obras P\u00fablicas, el seremi Patricio Sanhueza se refiri\u00f3 a los puntos que requieren mayores cuidados por las condiciones de la ruta: \u201cEstamos hablando de la zona del Queulat, Cuesta Alvarado, sector El Arenal, sector El Peludo, Portezuelo Ib\u00e1\u00f1ez, Portezuelo Cofr\u00e9, entre otros. Como tenemos recursos restringidos para hacer operaciones de barrenieve y de deshielo, nuestras acciones pueden mitigar las condiciones actuales del camino. No podemos deshielar toda la ruta, por tanto el llamado es al manejo preventivo, uso de cadenas y el autocuidado, sobre todo ante la cantidad de accidentes que han ocurrido.<\/p>\n<p style=\"font-weight: 400; text-align: justify;\">Con la llegada del invierno, se espera que las semanas pr\u00f3ximas contin\u00faen las bajas temperaturas, por lo que es necesario tomar los resguardos sobre todo en zonas de mayor altitud. El director de ONEMI, Sidi Bravo explic\u00f3 que \u201clas condiciones que se aproximan son de bajas temperaturas, no como las que tuvimos la semana pasada, pero s\u00ed llegando a lo 4 o 5 grados bajo cero. En los sectores m\u00e1s altos ser\u00e1 de 7 u 8 grados bajo cero. Por ello existen altas probabilidades de precipitaciones de tipo s\u00f3lido por ejemplo, en la Cuesta del Diablo. Recomendamos tratar de viajar con luz d\u00eda y llamamos a avisar cuando se encuentren ante una remoci\u00f3n en masa o rodados para as\u00ed activar a los equipos de emergencia.\u201d<\/p>\n<\/div><\/section><\/div><div  style='height:50px' class='hr hr-invisible   avia-builder-el-6  el_after_av_one_full  el_before_av_social_share '><span class='hr-inner ' ><span class='hr-inner-style'><\/span><\/span><\/div><\/p>\n<div  class='av-social-sharing-box  avia-builder-el-7  el_after_av_hr  el_before_av_hr  '><div class='av-share-box'><h5 class='av-share-link-description av-no-toc '>Compartir esta noticia<\/h5><ul class='av-share-box-list noLightbox'><li class='av-share-link av-social-link-facebook' ><a target=\"_blank\" aria-label=\"Compartir en Facebook\" href='https:\/\/www.facebook.com\/sharer.php?u=https:\/\/radiorevelacionfm.cl\/?p=18695&#038;t=Alertan%20sobre%20peligros%20de%20la%20velocidad%20por%20temporada%20de%20escarchas%20y%20mal%20tiempo' aria-hidden='false' data-av_icon='\ue8f3' data-av_iconfont='entypo-fontello' title='' data-avia-related-tooltip='Compartir en Facebook' rel=\"noopener\"><span class='avia_hidden_link_text'>Compartir en Facebook<\/span><\/a><\/li><li class='av-share-link av-social-link-twitter' ><a target=\"_blank\" aria-label=\"Compartir en Twitter\" href='https:\/\/twitter.com\/share?text=Alertan%20sobre%20peligros%20de%20la%20velocidad%20por%20temporada%20de%20escarchas%20y%20mal%20tiempo&#038;url=https:\/\/radiorevelacionfm.cl\/?p=18695' aria-hidden='false' data-av_icon='\ue8f1' data-av_iconfont='entypo-fontello' title='' data-avia-related-tooltip='Compartir en Twitter' rel=\"noopener\"><span class='avia_hidden_link_text'>Compartir en Twitter<\/span><\/a><\/li><li class='av-share-link av-social-link-whatsapp' ><a target=\"_blank\" aria-label=\"Compartir en Whatsapp\" href='https:\/\/api.whatsapp.com\/send?text=https:\/\/radiorevelacionfm.cl\/?p=18695' aria-hidden='false' data-av_icon='\uf232' data-av_iconfont='entypo-fontello' title='' data-avia-related-tooltip='Compartir en Whatsapp' rel=\"noopener\"><span class='avia_hidden_link_text'>Compartir en Whatsapp<\/span><\/a><\/li><li class='av-share-link av-social-link-linkedin' ><a target=\"_blank\" aria-label=\"Compartir en LinkedIn\" href='https:\/\/linkedin.com\/shareArticle?mini=true&#038;title=Alertan%20sobre%20peligros%20de%20la%20velocidad%20por%20temporada%20de%20escarchas%20y%20mal%20tiempo&#038;url=https:\/\/radiorevelacionfm.cl\/?p=18695' aria-hidden='false' data-av_icon='\ue8fc' data-av_iconfont='entypo-fontello' title='' data-avia-related-tooltip='Compartir en LinkedIn' rel=\"noopener\"><span class='avia_hidden_link_text'>Compartir en LinkedIn<\/span><\/a><\/li><li class='av-share-link av-social-link-mail' ><a  aria-label=\"Compartir por correo\" href='mailto:?subject=Alertan%20sobre%20peligros%20de%20la%20velocidad%20por%20temporada%20de%20escarchas%20y%20mal%20tiempo&#038;body=https:\/\/radiorevelacionfm.cl\/?p=18695' aria-hidden='false' data-av_icon='\ue805' data-av_iconfont='entypo-fontello' title='' data-avia-related-tooltip='Compartir por correo'><span class='avia_hidden_link_text'>Compartir por correo<\/span><\/a><\/li><\/ul><\/div><\/div>\n<div  style='height:50px' class='hr hr-invisible   avia-builder-el-8  el_after_av_social_share  el_before_av_comments_list '><span class='hr-inner ' ><span class='hr-inner-style'><\/span><\/span><\/div>\n<div  class='av-buildercomment  av-blog-meta-html-info-disabled av-blog-meta-tag-disabled  '><\/div>\n","protected":false},"excerpt":{"rendered":"","protected":false},"author":1,"featured_media":18696,"comment_status":"open","ping_status":"open","sticky":false,"template":"","format":"standard","meta":{"footnotes":""},"categories":[59],"tags":[],"class_list":["post-18695","post","type-post","status-publish","format-standard","has-post-thumbnail","hentry","category-transporte"],"jetpack_featured_media_url":"https:\/\/radiorevelacionfm.cl\/wp-content\/uploads\/2022\/06\/dsc_6074-1_optimized.jpg","_links":{"self":[{"href":"https:\/\/radiorevelacionfm.cl\/index.php?rest_route=\/wp\/v2\/posts\/18695","targetHints":{"allow":["GET"]}}],"collection":[{"href":"https:\/\/radiorevelacionfm.cl\/index.php?rest_route=\/wp\/v2\/posts"}],"about":[{"href":"https:\/\/radiorevelacionfm.cl\/index.php?rest_route=\/wp\/v2\/types\/post"}],"author":[{"embeddable":true,"href":"https:\/\/radiorevelacionfm.cl\/index.php?rest_route=\/wp\/v2\/users\/1"}],"replies":[{"embeddable":true,"href":"https:\/\/radiorevelacionfm.cl\/index.php?rest_route=%2Fwp%2Fv2%2Fcomments&post=18695"}],"version-history":[{"count":2,"href":"https:\/\/radiorevelacionfm.cl\/index.php?rest_route=\/wp\/v2\/posts\/18695\/revisions"}],"predecessor-version":[{"id":18698,"href":"https:\/\/radiorevelacionfm.cl\/index.php?rest_route=\/wp\/v2\/posts\/18695\/revisions\/18698"}],"wp:featuredmedia":[{"embeddable":true,"href":"https:\/\/radiorevelacionfm.cl\/index.php?rest_route=\/wp\/v2\/media\/18696"}],"wp:attachment":[{"href":"https:\/\/radiorevelacionfm.cl\/index.php?rest_route=%2Fwp%2Fv2%2Fmedia&parent=18695"}],"wp:term":[{"taxonomy":"category","embeddable":true,"href":"https:\/\/radiorevelacionfm.cl\/index.php?rest_route=%2Fwp%2Fv2%2Fcategories&post=18695"},{"taxonomy":"post_tag","embeddable":true,"href":"https:\/\/radiorevelacionfm.cl\/index.php?rest_route=%2Fwp%2Fv2%2Ftags&post=18695"}],"curies":[{"name":"wp","href":"https:\/\/api.w.org\/{rel}","templated":true}]}}