{"id":18642,"date":"2022-06-30T12:50:03","date_gmt":"2022-06-30T15:50:03","guid":{"rendered":"https:\/\/radiorevelacionfm.cl\/?p=18642"},"modified":"2022-06-30T12:50:03","modified_gmt":"2022-06-30T15:50:03","slug":"mejor-ninez-se-desplego-en-los-territorios-en-la-semana-de-la-familia-de-acogida","status":"publish","type":"post","link":"https:\/\/radiorevelacionfm.cl\/?p=18642","title":{"rendered":"Mejor Ni\u00f1ez se despleg\u00f3 en los territorios en la semana de la familia de acogida"},"content":{"rendered":"<div class=\"flex_column av_one_full  flex_column_div av-zero-column-padding first  avia-builder-el-0  el_before_av_one_full  avia-builder-el-first  \" style='border-radius:0px; '><div  class='avia-image-container  av-styling-    avia-builder-el-1  avia-builder-el-no-sibling  avia-align-center '  itemprop=\"image\" itemscope=\"itemscope\" itemtype=\"https:\/\/schema.org\/ImageObject\"  ><div class='avia-image-container-inner'><div class='avia-image-overlay-wrap'><img decoding=\"async\" class='wp-image-18643 avia-img-lazy-loading-not-18643 avia_image' src=\"https:\/\/radiorevelacionfm.cl\/wp-content\/uploads\/2022\/06\/DIFUSION-SEMANA-FAMILIAS-DE-ACOGIDA-5-1-1.jpeg\" alt='' title='DIFUSI\u00d3N SEMANA FAMILIAS DE ACOGIDA (5) (1) (1)' height=\"600\" width=\"1303\"  itemprop=\"thumbnailUrl\" srcset=\"https:\/\/radiorevelacionfm.cl\/wp-content\/uploads\/2022\/06\/DIFUSION-SEMANA-FAMILIAS-DE-ACOGIDA-5-1-1.jpeg 1303w, https:\/\/radiorevelacionfm.cl\/wp-content\/uploads\/2022\/06\/DIFUSION-SEMANA-FAMILIAS-DE-ACOGIDA-5-1-1-300x138.jpeg 300w, https:\/\/radiorevelacionfm.cl\/wp-content\/uploads\/2022\/06\/DIFUSION-SEMANA-FAMILIAS-DE-ACOGIDA-5-1-1-1030x474.jpeg 1030w, https:\/\/radiorevelacionfm.cl\/wp-content\/uploads\/2022\/06\/DIFUSION-SEMANA-FAMILIAS-DE-ACOGIDA-5-1-1-768x354.jpeg 768w, https:\/\/radiorevelacionfm.cl\/wp-content\/uploads\/2022\/06\/DIFUSION-SEMANA-FAMILIAS-DE-ACOGIDA-5-1-1-705x325.jpeg 705w, https:\/\/radiorevelacionfm.cl\/wp-content\/uploads\/2022\/06\/DIFUSION-SEMANA-FAMILIAS-DE-ACOGIDA-5-1-1-600x276.jpeg 600w\" sizes=\"(max-width: 1303px) 100vw, 1303px\" \/><\/div><\/div><\/div><\/div><div class=\"flex_column av_one_full  flex_column_div av-zero-column-padding first  avia-builder-el-2  el_after_av_one_full  el_before_av_one_full  column-top-margin\" style='border-radius:0px; '><section class=\"av_textblock_section \"  itemscope=\"itemscope\" itemtype=\"https:\/\/schema.org\/BlogPosting\" itemprop=\"blogPost\" ><div class='avia_textblock  '   itemprop=\"text\" ><p style=\"text-align: center;\"><span style=\"font-size: 18pt;\"><strong>Mejor Ni\u00f1ez se despleg\u00f3 en los territorios en la semana de la familia de acogida<\/strong><\/span><\/p>\n<div id=\"gtx-trans\" style=\"position: absolute; left: -50px; top: 4.31534px;\">\n<div class=\"gtx-trans-icon\"><\/div>\n<\/div>\n<\/div><\/section><\/div><div class=\"flex_column av_one_full  flex_column_div av-zero-column-padding first  avia-builder-el-4  el_after_av_one_full  el_before_av_hr  column-top-margin\" style='border-radius:0px; '><section class=\"av_textblock_section \"  itemscope=\"itemscope\" itemtype=\"https:\/\/schema.org\/BlogPosting\" itemprop=\"blogPost\" ><div class='avia_textblock  '   itemprop=\"text\" ><p style=\"text-align: justify;\">El programa familia de acogida especializada (FAE) busca proporcionar un ambiente protector y familiar que cubra las necesidades de cuidado de ni\u00f1os, ni\u00f1as y adolescentes, mientras se trabaja para restituir su derecho a vivir en una familia estable. Adem\u00e1s, entrega un acompa\u00f1amiento especializado a los ni\u00f1os, ni\u00f1as y adolescentes y familias durante el acogimiento.<\/p>\n<p style=\"text-align: justify;\">Es por esto que el equipo de profesionales del Servicio Mejor Ni\u00f1ez en la regi\u00f3n se despleg\u00f3 en las comunas de R\u00edo Ib\u00e1\u00f1ez y Coyhaique para dar a conocer esta iniciativa y poder aumentar el n\u00famero de familias de acogida en la regi\u00f3n.<\/p>\n<p style=\"text-align: justify;\">En Coyhaique se realiz\u00f3 un punto de difusi\u00f3n con entrega de d\u00edpticos informativos en el supermercado Hiperpatag\u00f3nico, en tanto en Puerto Ib\u00e1\u00f1ez se realiz\u00f3 un despliegue en diversos sectores de la localidad donde se tuvo contacto directo con la comunidad, concluyendo el recorrido en la radio Padre Antonio Ronchi, lugar desde donde se realiz\u00f3 un llamado a la audiencia local a ser parte de esta acci\u00f3n que busca aumentar las familias de acogida en Ays\u00e9n.<\/p>\n<p style=\"text-align: justify;\">Al respecto Sergio Becerra, Director Regional del Servicio Mejor Ni\u00f1ez explic\u00f3 que \u201chemos estado en terreno difundiendo el programa familia de acogida ya que en nuestra regi\u00f3n hoy existen 24 plazas vacantes. Es por ello que en la semana de difusi\u00f3n de este programa, hemos estado en distintas comunas dando a conocer de qu\u00e9 se trata esta iniciativa, qui\u00e9nes pueden ser parte y c\u00f3mo poder inscribirse. Queremos que la ciudadan\u00eda est\u00e9 al tanto de esta acci\u00f3n que busca el cuidado y protecci\u00f3n de un ni\u00f1o, ni\u00f1a o adolescente que ya ha sido separado de su familia de origen y que requiere de un ambiente de cari\u00f1o familiar\u201d.<\/p>\n<p style=\"text-align: justify;\">Por su parte Jimena C\u00e1rdenas, coordinadora (S) de la OPD de la comuna de R\u00edo Ib\u00e1\u00f1ez, se\u00f1al\u00f3 que \u201cen la comuna de Ib\u00e1\u00f1ez estuvimos volanteando, entregando informaci\u00f3n y tambi\u00e9n resolviendo inquietudes respecto a las familias de acogida. Como OPD ponemos a disposici\u00f3n tambi\u00e9n nuestra oficina y poder ser el nexo con la comunidad. Hacemos una invitaci\u00f3n a la sociedad en su conjunto a ser parte de esta iniciativa\u201d.<\/p>\n<p style=\"text-align: justify;\">\u00bfC\u00f3mo inscribirse?<\/p>\n<p style=\"text-align: justify;\">Para consultas e inscripci\u00f3n para ser Familia de Acogida especializada (FAE) existe un n\u00famero de contacto regional denominado fono FAE Pro &#8211; amigo Ays\u00e9n +569 96394890. Las familias interesadas tambi\u00e9n pueden dirigirse a calle Barroso 816 de la ciudad de Coyhaique donde se les entregar\u00e1 atenci\u00f3n y orientaci\u00f3n sobre este programa.<\/p>\n<\/div><\/section><\/div><div  style='height:50px' class='hr hr-invisible   avia-builder-el-6  el_after_av_one_full  el_before_av_social_share '><span class='hr-inner ' ><span class='hr-inner-style'><\/span><\/span><\/div><\/p>\n<div  class='av-social-sharing-box  avia-builder-el-7  el_after_av_hr  el_before_av_hr  '><div class='av-share-box'><h5 class='av-share-link-description av-no-toc '>Compartir esta noticia<\/h5><ul class='av-share-box-list noLightbox'><li class='av-share-link av-social-link-facebook' ><a target=\"_blank\" aria-label=\"Compartir en Facebook\" href='https:\/\/www.facebook.com\/sharer.php?u=https:\/\/radiorevelacionfm.cl\/?p=18642&#038;t=Mejor%20Ni%C3%B1ez%20se%20despleg%C3%B3%20en%20los%20territorios%20en%20la%20semana%20de%20la%20familia%20de%20acogida' aria-hidden='false' data-av_icon='\ue8f3' data-av_iconfont='entypo-fontello' title='' data-avia-related-tooltip='Compartir en Facebook' rel=\"noopener\"><span class='avia_hidden_link_text'>Compartir en Facebook<\/span><\/a><\/li><li class='av-share-link av-social-link-twitter' ><a target=\"_blank\" aria-label=\"Compartir en Twitter\" href='https:\/\/twitter.com\/share?text=Mejor%20Ni%C3%B1ez%20se%20despleg%C3%B3%20en%20los%20territorios%20en%20la%20semana%20de%20la%20familia%20de%20acogida&#038;url=https:\/\/radiorevelacionfm.cl\/?p=18642' aria-hidden='false' data-av_icon='\ue8f1' data-av_iconfont='entypo-fontello' title='' data-avia-related-tooltip='Compartir en Twitter' rel=\"noopener\"><span class='avia_hidden_link_text'>Compartir en Twitter<\/span><\/a><\/li><li class='av-share-link av-social-link-whatsapp' ><a target=\"_blank\" aria-label=\"Compartir en Whatsapp\" href='https:\/\/api.whatsapp.com\/send?text=https:\/\/radiorevelacionfm.cl\/?p=18642' aria-hidden='false' data-av_icon='\uf232' data-av_iconfont='entypo-fontello' title='' data-avia-related-tooltip='Compartir en Whatsapp' rel=\"noopener\"><span class='avia_hidden_link_text'>Compartir en Whatsapp<\/span><\/a><\/li><li class='av-share-link av-social-link-linkedin' ><a target=\"_blank\" aria-label=\"Compartir en LinkedIn\" href='https:\/\/linkedin.com\/shareArticle?mini=true&#038;title=Mejor%20Ni%C3%B1ez%20se%20despleg%C3%B3%20en%20los%20territorios%20en%20la%20semana%20de%20la%20familia%20de%20acogida&#038;url=https:\/\/radiorevelacionfm.cl\/?p=18642' aria-hidden='false' data-av_icon='\ue8fc' data-av_iconfont='entypo-fontello' title='' data-avia-related-tooltip='Compartir en LinkedIn' rel=\"noopener\"><span class='avia_hidden_link_text'>Compartir en LinkedIn<\/span><\/a><\/li><li class='av-share-link av-social-link-mail' ><a  aria-label=\"Compartir por correo\" href='mailto:?subject=Mejor%20Ni%C3%B1ez%20se%20despleg%C3%B3%20en%20los%20territorios%20en%20la%20semana%20de%20la%20familia%20de%20acogida&#038;body=https:\/\/radiorevelacionfm.cl\/?p=18642' aria-hidden='false' data-av_icon='\ue805' data-av_iconfont='entypo-fontello' title='' data-avia-related-tooltip='Compartir por correo'><span class='avia_hidden_link_text'>Compartir por correo<\/span><\/a><\/li><\/ul><\/div><\/div>\n<div  style='height:50px' class='hr hr-invisible   avia-builder-el-8  el_after_av_social_share  el_before_av_comments_list '><span class='hr-inner ' ><span class='hr-inner-style'><\/span><\/span><\/div>\n<div  class='av-buildercomment  av-blog-meta-html-info-disabled av-blog-meta-tag-disabled  '><\/div>\n","protected":false},"excerpt":{"rendered":"","protected":false},"author":1,"featured_media":18643,"comment_status":"open","ping_status":"open","sticky":false,"template":"","format":"standard","meta":{"footnotes":""},"categories":[38],"tags":[],"class_list":["post-18642","post","type-post","status-publish","format-standard","has-post-thumbnail","hentry","category-regional"],"jetpack_featured_media_url":"https:\/\/radiorevelacionfm.cl\/wp-content\/uploads\/2022\/06\/DIFUSION-SEMANA-FAMILIAS-DE-ACOGIDA-5-1-1.jpeg","_links":{"self":[{"href":"https:\/\/radiorevelacionfm.cl\/index.php?rest_route=\/wp\/v2\/posts\/18642","targetHints":{"allow":["GET"]}}],"collection":[{"href":"https:\/\/radiorevelacionfm.cl\/index.php?rest_route=\/wp\/v2\/posts"}],"about":[{"href":"https:\/\/radiorevelacionfm.cl\/index.php?rest_route=\/wp\/v2\/types\/post"}],"author":[{"embeddable":true,"href":"https:\/\/radiorevelacionfm.cl\/index.php?rest_route=\/wp\/v2\/users\/1"}],"replies":[{"embeddable":true,"href":"https:\/\/radiorevelacionfm.cl\/index.php?rest_route=%2Fwp%2Fv2%2Fcomments&post=18642"}],"version-history":[{"count":2,"href":"https:\/\/radiorevelacionfm.cl\/index.php?rest_route=\/wp\/v2\/posts\/18642\/revisions"}],"predecessor-version":[{"id":18661,"href":"https:\/\/radiorevelacionfm.cl\/index.php?rest_route=\/wp\/v2\/posts\/18642\/revisions\/18661"}],"wp:featuredmedia":[{"embeddable":true,"href":"https:\/\/radiorevelacionfm.cl\/index.php?rest_route=\/wp\/v2\/media\/18643"}],"wp:attachment":[{"href":"https:\/\/radiorevelacionfm.cl\/index.php?rest_route=%2Fwp%2Fv2%2Fmedia&parent=18642"}],"wp:term":[{"taxonomy":"category","embeddable":true,"href":"https:\/\/radiorevelacionfm.cl\/index.php?rest_route=%2Fwp%2Fv2%2Fcategories&post=18642"},{"taxonomy":"post_tag","embeddable":true,"href":"https:\/\/radiorevelacionfm.cl\/index.php?rest_route=%2Fwp%2Fv2%2Ftags&post=18642"}],"curies":[{"name":"wp","href":"https:\/\/api.w.org\/{rel}","templated":true}]}}