{"id":18638,"date":"2022-07-01T16:07:55","date_gmt":"2022-07-01T19:07:55","guid":{"rendered":"https:\/\/radiorevelacionfm.cl\/?p=18638"},"modified":"2022-07-01T16:07:55","modified_gmt":"2022-07-01T19:07:55","slug":"puerto-chacabuco-fiesta-de-san-pedro-en-aysen","status":"publish","type":"post","link":"https:\/\/radiorevelacionfm.cl\/?p=18638","title":{"rendered":"Puerto Chacabuco: Fiesta de San Pedro en Ays\u00e9n"},"content":{"rendered":"<div class=\"flex_column av_one_full  flex_column_div av-zero-column-padding first  avia-builder-el-0  el_before_av_one_full  avia-builder-el-first  \" style='border-radius:0px; '><div  class='avia-image-container  av-styling-    avia-builder-el-1  avia-builder-el-no-sibling  avia-align-center '  itemprop=\"image\" itemscope=\"itemscope\" itemtype=\"https:\/\/schema.org\/ImageObject\"  ><div class='avia-image-container-inner'><div class='avia-image-overlay-wrap'><img decoding=\"async\" class='wp-image-18639 avia-img-lazy-loading-not-18639 avia_image' src=\"https:\/\/radiorevelacionfm.cl\/wp-content\/uploads\/2022\/06\/D-8-1-1.jpg\" alt='' title='D (8) (1) (1)' height=\"600\" width=\"1062\"  itemprop=\"thumbnailUrl\" srcset=\"https:\/\/radiorevelacionfm.cl\/wp-content\/uploads\/2022\/06\/D-8-1-1.jpg 1062w, https:\/\/radiorevelacionfm.cl\/wp-content\/uploads\/2022\/06\/D-8-1-1-300x169.jpg 300w, https:\/\/radiorevelacionfm.cl\/wp-content\/uploads\/2022\/06\/D-8-1-1-1030x582.jpg 1030w, https:\/\/radiorevelacionfm.cl\/wp-content\/uploads\/2022\/06\/D-8-1-1-768x434.jpg 768w, https:\/\/radiorevelacionfm.cl\/wp-content\/uploads\/2022\/06\/D-8-1-1-705x398.jpg 705w, https:\/\/radiorevelacionfm.cl\/wp-content\/uploads\/2022\/06\/D-8-1-1-600x339.jpg 600w\" sizes=\"(max-width: 1062px) 100vw, 1062px\" \/><\/div><\/div><\/div><\/div><div class=\"flex_column av_one_full  flex_column_div av-zero-column-padding first  avia-builder-el-2  el_after_av_one_full  el_before_av_one_full  column-top-margin\" style='border-radius:0px; '><section class=\"av_textblock_section \"  itemscope=\"itemscope\" itemtype=\"https:\/\/schema.org\/BlogPosting\" itemprop=\"blogPost\" ><div class='avia_textblock  '   itemprop=\"text\" ><p style=\"text-align: center;\"><span style=\"font-size: 18pt;\"><b>Puerto Chacabuco: Fiesta de San Pedro en Ays\u00e9n<\/b><\/span><\/p>\n<div id=\"gtx-trans\" style=\"position: absolute; left: -50px; top: 4.31534px;\">\n<div class=\"gtx-trans-icon\"><\/div>\n<\/div>\n<\/div><\/section><\/div><div class=\"flex_column av_one_full  flex_column_div av-zero-column-padding first  avia-builder-el-4  el_after_av_one_full  el_before_av_hr  column-top-margin\" style='border-radius:0px; '><section class=\"av_textblock_section \"  itemscope=\"itemscope\" itemtype=\"https:\/\/schema.org\/BlogPosting\" itemprop=\"blogPost\" ><div class='avia_textblock  '   itemprop=\"text\" ><p style=\"font-weight: 400; text-align: justify;\">Con mucha fe y preparaci\u00f3n las comunidades cat\u00f3licas del litoral de la regi\u00f3n de Ays\u00e9n organizaron diversas celebraciones, en tierra y mar, para festejar a San Pedro, el recuerdo de sus seres queridos y el mensaje de la Buena Nueva de Jes\u00fas.<\/p>\n<p style=\"font-weight: 400; text-align: justify;\">Este cari\u00f1o por San Pedro, en toda la Patagonia aysenina, qued\u00f3 de manifiesto especialmente en las localidades Islas Huichas y Puerto Chacabuco donde se vivieron importantes momentos de celebraci\u00f3n.<\/p>\n<p style=\"font-weight: 400; text-align: justify;\"><strong>\u201cMaravillosa\u201d<\/strong><\/p>\n<p style=\"font-weight: 400; text-align: justify;\">As\u00ed calific\u00f3 esta festividad el di\u00e1cono H\u00e9ctor Nauto que atiende pastoralmente la parroquia de Puerto Aguirre en Islas Huichas, y sus comunidades: N.S. del Carmen de Estero Copa; San Jos\u00e9 de Caleta Andrade y Estrella del Mar.<\/p>\n<p style=\"font-weight: 400; text-align: justify;\">\u201cFue maravilloso \u2014dijo el consagrado\u2014 hac\u00eda mucho fr\u00edo pero el canto y la m\u00fasica nos acogieron; fue una muestra religiosa y cultural potente. Siempre digo que nuestra religiosidad, nuestra vida como cristianos, est\u00e1 bien adentro; y en estos tiempos aflora todo este sentimiento para que se produzca este encuentro con el Se\u00f1or. Por medio de San Pedro nos vamos encontrando con este Jes\u00fas que nos acompa\u00f1a a lo largo de toda la vida\u201d.<\/p>\n<p style=\"font-weight: 400; text-align: justify;\">La actividad fue intensa en estas islas de Ays\u00e9n: junto a celebraciones lit\u00fargicas, eucarist\u00eda y procesi\u00f3n en el mar; hubo una exposici\u00f3n de trabajos art\u00edsticos inspirados en San Pedro realizados por ni\u00f1os y ni\u00f1as del jard\u00edn infantil y colegios del sector; se finaliz\u00f3 una novena dedicada al Santo; se convoc\u00f3 a una gran velada art\u00edstica y religiosa en el gimnasio de Puerto Aguirre donde se hizo el \u201ccambio de manto\u201d, se bail\u00f3 y cant\u00f3 junto la cofrad\u00eda \u201cJes\u00fas Nazareno\u201d y el grupo invitado \u201cChile Ays\u00e9n\u201d (Puerto Ays\u00e9n), que unieron fuerzas para orar y alabar con voces, guitarras, acordeones, bombos y panaderos.<\/p>\n<p style=\"font-weight: 400; text-align: justify;\">Sobre esta festividad, que acompa\u00f1\u00f3 en Islas Huichas el padre obispo Luis, el pastor de Ays\u00e9n expres\u00f3 que \u201cen las distintas localidades del litoral de Ays\u00e9n se celebr\u00f3 con mucha solemnidad a San Pedro. Yo tuve la oportunidad de estar en Puerto Aguirre donde masivamente, despu\u00e9s de dos a\u00f1os de pandemia que limit\u00f3 enormemente las celebraciones, participaron pescadores, visitas, ni\u00f1os, j\u00f3venes y adultos, miembros de las comunidades cristianas\u201d.<\/p>\n<p style=\"font-weight: 400; text-align: justify;\">\u201cFue muy significativa \u2014destac\u00f3\u2014 la celebraci\u00f3n del \u2018cambio de manto\u2019 que se realiz\u00f3 la noche anterior a la celebraci\u00f3n de San Pedro en el gimnasio de Puerto Aguirre con masiva participaci\u00f3n, bailes folcl\u00f3ricos, compartir de caldillo de congrio y sopaipillas; y por supuesto, al d\u00eda siguiente, la fiesta de San Pedro con la eucarist\u00eda donde enfatizamos al santo como l\u00edder de la Iglesia\u201d.<\/p>\n<p style=\"font-weight: 400; text-align: justify;\"><strong>Puerto Chacabuco<\/strong><\/p>\n<p style=\"font-weight: 400; text-align: justify;\">En esta localidad costera la preparaci\u00f3n a San Pedro no fue menor. Con mucha antelaci\u00f3n, el p\u00e1rroco Jos\u00e9 Vera y las comunidades cristianas del sector, junto al sindicato de pescadores artesanales de Puerto Chacabuco, planificaron las celebraciones en honor al Santo que incluy\u00f3 liturgias, bailes religiosos, peregrinaci\u00f3n en tierra y mar y, por supuesto, la cena del Se\u00f1or.<\/p>\n<p style=\"font-weight: 400; text-align: justify;\">El presidente del sindicato de pescadores artesanales de Puerto Chacabuco, Ra\u00fal \u00c1lvarez, comparti\u00f3 el sentido de esta fiesta para \u00e9l y sus familias. \u201cComo pescadores artesanales \u2014dijo\u2014 \u00e9l es nuestro patrono, es nuestra fe, es nuestro devoto. Para nosotros es muy importante. Yo siempre le pido a San Pedro que nos acompa\u00f1e y tengamos un buen regreso a casa cuando salimos a la mar. Y lo tenemos a \u00e9l, al frente cuando salimos a navegar. Para mi San Pedro es nuestro patrono, parte de nuestra fe espiritual y somos devotos a eso\u201d.<\/p>\n<p style=\"font-weight: 400; text-align: justify;\">De esta manera, alegre y masivamente, se vivi\u00f3 la Fiesta de San Pedro en Ays\u00e9n este a\u00f1o 2022. Desde la Iglesia de Ays\u00e9n junto con agradecer a todas las personas, comunidades e instituciones, entre ellas la Armada y Carabineros de Chile, que se unieron y coordinaron para celebrar a San Pedro, destacamos el reencuentro del pueblo y sus comunidades en este tiempo en que se nos invita a \u201ccaminar juntos\u201d para renovarnos como Vicariato Apost\u00f3lico en la Patagonia aysenina.<\/p>\n<\/div><\/section><\/div><div  style='height:50px' class='hr hr-invisible   avia-builder-el-6  el_after_av_one_full  el_before_av_social_share '><span class='hr-inner ' ><span class='hr-inner-style'><\/span><\/span><\/div><\/p>\n<div  class='av-social-sharing-box  avia-builder-el-7  el_after_av_hr  el_before_av_hr  '><div class='av-share-box'><h5 class='av-share-link-description av-no-toc '>Compartir esta noticia<\/h5><ul class='av-share-box-list noLightbox'><li class='av-share-link av-social-link-facebook' ><a target=\"_blank\" aria-label=\"Compartir en Facebook\" href='https:\/\/www.facebook.com\/sharer.php?u=https:\/\/radiorevelacionfm.cl\/?p=18638&#038;t=Puerto%20Chacabuco%3A%20Fiesta%20de%20San%20Pedro%20en%20Ays%C3%A9n' aria-hidden='false' data-av_icon='\ue8f3' data-av_iconfont='entypo-fontello' title='' data-avia-related-tooltip='Compartir en Facebook' rel=\"noopener\"><span class='avia_hidden_link_text'>Compartir en Facebook<\/span><\/a><\/li><li class='av-share-link av-social-link-twitter' ><a target=\"_blank\" aria-label=\"Compartir en Twitter\" href='https:\/\/twitter.com\/share?text=Puerto%20Chacabuco%3A%20Fiesta%20de%20San%20Pedro%20en%20Ays%C3%A9n&#038;url=https:\/\/radiorevelacionfm.cl\/?p=18638' aria-hidden='false' data-av_icon='\ue8f1' data-av_iconfont='entypo-fontello' title='' data-avia-related-tooltip='Compartir en Twitter' rel=\"noopener\"><span class='avia_hidden_link_text'>Compartir en Twitter<\/span><\/a><\/li><li class='av-share-link av-social-link-whatsapp' ><a target=\"_blank\" aria-label=\"Compartir en Whatsapp\" href='https:\/\/api.whatsapp.com\/send?text=https:\/\/radiorevelacionfm.cl\/?p=18638' aria-hidden='false' data-av_icon='\uf232' data-av_iconfont='entypo-fontello' title='' data-avia-related-tooltip='Compartir en Whatsapp' rel=\"noopener\"><span class='avia_hidden_link_text'>Compartir en Whatsapp<\/span><\/a><\/li><li class='av-share-link av-social-link-linkedin' ><a target=\"_blank\" aria-label=\"Compartir en LinkedIn\" href='https:\/\/linkedin.com\/shareArticle?mini=true&#038;title=Puerto%20Chacabuco%3A%20Fiesta%20de%20San%20Pedro%20en%20Ays%C3%A9n&#038;url=https:\/\/radiorevelacionfm.cl\/?p=18638' aria-hidden='false' data-av_icon='\ue8fc' data-av_iconfont='entypo-fontello' title='' data-avia-related-tooltip='Compartir en LinkedIn' rel=\"noopener\"><span class='avia_hidden_link_text'>Compartir en LinkedIn<\/span><\/a><\/li><li class='av-share-link av-social-link-mail' ><a  aria-label=\"Compartir por correo\" href='mailto:?subject=Puerto%20Chacabuco%3A%20Fiesta%20de%20San%20Pedro%20en%20Ays%C3%A9n&#038;body=https:\/\/radiorevelacionfm.cl\/?p=18638' aria-hidden='false' data-av_icon='\ue805' data-av_iconfont='entypo-fontello' title='' data-avia-related-tooltip='Compartir por correo'><span class='avia_hidden_link_text'>Compartir por correo<\/span><\/a><\/li><\/ul><\/div><\/div>\n<div  style='height:50px' class='hr hr-invisible   avia-builder-el-8  el_after_av_social_share  el_before_av_comments_list '><span class='hr-inner ' ><span class='hr-inner-style'><\/span><\/span><\/div>\n<div  class='av-buildercomment  av-blog-meta-html-info-disabled av-blog-meta-tag-disabled  '><\/div>\n","protected":false},"excerpt":{"rendered":"","protected":false},"author":1,"featured_media":18639,"comment_status":"open","ping_status":"open","sticky":false,"template":"","format":"standard","meta":{"footnotes":""},"categories":[38],"tags":[],"class_list":["post-18638","post","type-post","status-publish","format-standard","has-post-thumbnail","hentry","category-regional"],"jetpack_featured_media_url":"https:\/\/radiorevelacionfm.cl\/wp-content\/uploads\/2022\/06\/D-8-1-1.jpg","_links":{"self":[{"href":"https:\/\/radiorevelacionfm.cl\/index.php?rest_route=\/wp\/v2\/posts\/18638","targetHints":{"allow":["GET"]}}],"collection":[{"href":"https:\/\/radiorevelacionfm.cl\/index.php?rest_route=\/wp\/v2\/posts"}],"about":[{"href":"https:\/\/radiorevelacionfm.cl\/index.php?rest_route=\/wp\/v2\/types\/post"}],"author":[{"embeddable":true,"href":"https:\/\/radiorevelacionfm.cl\/index.php?rest_route=\/wp\/v2\/users\/1"}],"replies":[{"embeddable":true,"href":"https:\/\/radiorevelacionfm.cl\/index.php?rest_route=%2Fwp%2Fv2%2Fcomments&post=18638"}],"version-history":[{"count":2,"href":"https:\/\/radiorevelacionfm.cl\/index.php?rest_route=\/wp\/v2\/posts\/18638\/revisions"}],"predecessor-version":[{"id":18717,"href":"https:\/\/radiorevelacionfm.cl\/index.php?rest_route=\/wp\/v2\/posts\/18638\/revisions\/18717"}],"wp:featuredmedia":[{"embeddable":true,"href":"https:\/\/radiorevelacionfm.cl\/index.php?rest_route=\/wp\/v2\/media\/18639"}],"wp:attachment":[{"href":"https:\/\/radiorevelacionfm.cl\/index.php?rest_route=%2Fwp%2Fv2%2Fmedia&parent=18638"}],"wp:term":[{"taxonomy":"category","embeddable":true,"href":"https:\/\/radiorevelacionfm.cl\/index.php?rest_route=%2Fwp%2Fv2%2Fcategories&post=18638"},{"taxonomy":"post_tag","embeddable":true,"href":"https:\/\/radiorevelacionfm.cl\/index.php?rest_route=%2Fwp%2Fv2%2Ftags&post=18638"}],"curies":[{"name":"wp","href":"https:\/\/api.w.org\/{rel}","templated":true}]}}