{"id":18635,"date":"2022-07-02T12:32:35","date_gmt":"2022-07-02T15:32:35","guid":{"rendered":"https:\/\/radiorevelacionfm.cl\/?p=18635"},"modified":"2022-07-02T12:32:35","modified_gmt":"2022-07-02T15:32:35","slug":"fonasa-refuerza-atencion-remota-este-invierno-y-anuncia-horario-en-sucursales","status":"publish","type":"post","link":"https:\/\/radiorevelacionfm.cl\/?p=18635","title":{"rendered":"Fonasa refuerza atenci\u00f3n remota este invierno y anuncia horario en sucursales"},"content":{"rendered":"<div class=\"flex_column av_one_full  flex_column_div av-zero-column-padding first  avia-builder-el-0  el_before_av_one_full  avia-builder-el-first  \" style='border-radius:0px; '><div  class='avia-image-container  av-styling-    avia-builder-el-1  avia-builder-el-no-sibling  avia-align-center '  itemprop=\"image\" itemscope=\"itemscope\" itemtype=\"https:\/\/schema.org\/ImageObject\"  ><div class='avia-image-container-inner'><div class='avia-image-overlay-wrap'><img decoding=\"async\" class='wp-image-18636 avia-img-lazy-loading-not-18636 avia_image' src=\"https:\/\/radiorevelacionfm.cl\/wp-content\/uploads\/2022\/06\/Foto-de-apoyo-1-1-1.jpg\" alt='' title='Foto de apoyo 1 (1) (1)' height=\"600\" width=\"1000\"  itemprop=\"thumbnailUrl\" srcset=\"https:\/\/radiorevelacionfm.cl\/wp-content\/uploads\/2022\/06\/Foto-de-apoyo-1-1-1.jpg 1000w, https:\/\/radiorevelacionfm.cl\/wp-content\/uploads\/2022\/06\/Foto-de-apoyo-1-1-1-300x180.jpg 300w, https:\/\/radiorevelacionfm.cl\/wp-content\/uploads\/2022\/06\/Foto-de-apoyo-1-1-1-768x461.jpg 768w, https:\/\/radiorevelacionfm.cl\/wp-content\/uploads\/2022\/06\/Foto-de-apoyo-1-1-1-705x423.jpg 705w, https:\/\/radiorevelacionfm.cl\/wp-content\/uploads\/2022\/06\/Foto-de-apoyo-1-1-1-600x360.jpg 600w\" sizes=\"(max-width: 1000px) 100vw, 1000px\" \/><\/div><\/div><\/div><\/div><div class=\"flex_column av_one_full  flex_column_div av-zero-column-padding first  avia-builder-el-2  el_after_av_one_full  el_before_av_one_full  column-top-margin\" style='border-radius:0px; '><section class=\"av_textblock_section \"  itemscope=\"itemscope\" itemtype=\"https:\/\/schema.org\/BlogPosting\" itemprop=\"blogPost\" ><div class='avia_textblock  '   itemprop=\"text\" ><p style=\"text-align: center;\"><span style=\"font-size: 18pt;\"><strong>Fonasa refuerza atenci\u00f3n remota este invierno y anuncia horario en sucursales<\/strong><\/span><\/p>\n<div id=\"gtx-trans\" style=\"position: absolute; left: -50px; top: 4.31534px;\">\n<div class=\"gtx-trans-icon\"><\/div>\n<\/div>\n<\/div><\/section><\/div><div class=\"flex_column av_one_full  flex_column_div av-zero-column-padding first  avia-builder-el-4  el_after_av_one_full  el_before_av_hr  column-top-margin\" style='border-radius:0px; '><section class=\"av_textblock_section \"  itemscope=\"itemscope\" itemtype=\"https:\/\/schema.org\/BlogPosting\" itemprop=\"blogPost\" ><div class='avia_textblock  '   itemprop=\"text\" ><p style=\"text-align: justify;\">Fonasa recomienda a su poblaci\u00f3n usuaria preferir la realizaci\u00f3n de tr\u00e1mites de manera remota durante el periodo de vacaciones escolares de invierno, teniendo presente que desde el jueves 30 de junio y hasta el viernes 8 de julio, las sucursales cerrar\u00e1n a las 13 horas.<\/p>\n<p style=\"text-align: justify;\"><strong>\u00bfC\u00f3mo se puede acceder de manera Remota?<\/strong><\/p>\n<ul style=\"text-align: justify;\">\n<li>Ingresar a www.fonasa.cl en el enlace <a href=\"https:\/\/www.fonasa.cl\/sites\/fonasa\/ahorratelafila\">\u201cAh\u00f3rrate la Fila\u201d<\/a><\/li>\n<li>Completa el formulario con tus datos de contacto<\/li>\n<li>Selecciona tu regi\u00f3n<\/li>\n<li>Selecciona el tr\u00e1mite<\/li>\n<li>Haz clic en \u201cenviar\u201d.<\/li>\n<\/ul>\n<p style=\"text-align: justify;\">Recordamos que en <a href=\"http:\/\/www.fonasa.cl\">www.fonasa.cl<\/a> todas las personas pueden realizar m\u00e1s de 20 tr\u00e1mites digitales gratuitos, como compra de Bono Consulta y Bono PAD de forma digital en la secci\u00f3n <strong>\u201cMi Fonasa\u201d.<\/strong><\/p>\n<p style=\"text-align: justify;\">Las personas afiliadas pueden solicitar Certificados de Afiliaci\u00f3n, Emisi\u00f3n de Certificados, consultar el Estado de una Licencia M\u00e9dica, ver seguimiento Garant\u00edas AUGE\/GES, obtenci\u00f3n de Prefolio de Bono para pago en Sencillito o Klap, reembolsos, valorizaci\u00f3n de programas m\u00e9dicos, entre otros tr\u00e1mites.<\/p>\n<p style=\"text-align: justify;\"><strong>\u00bfC\u00f3mo pueden obtener el bono de atenci\u00f3n los beneficiarios?<\/strong><\/p>\n<p style=\"text-align: justify;\">Los beneficiarios tienen disponibles los siguientes canales para la emisi\u00f3n de Bonos:<\/p>\n<ul style=\"text-align: justify;\">\n<li><strong>Bono Web<\/strong>: El beneficiario lo adquiere en la P\u00e1gina Web de FONASA ingresando v\u00eda web a \u201cMi Fonasa\u201d con su clave \u00fanica.<\/li>\n<li><strong>Bono Prefolio<\/strong>: El beneficiario debe solicitar un n\u00famero de prefolio al Call Center 600-360-3000 y luego puede pagarlo en multicajas Klap o Sencillito. No aplica para prestaciones que requieren orden de atenci\u00f3n.<\/li>\n<li><strong>Valorizaci\u00f3n Portal de Servicios web<\/strong>: \u00a0el usuario ingresa a p\u00e1gina web de Fonasa y en el banner de \u201cValorizaci\u00f3n de Programas y \u00d3rdenes M\u00e9dicas\u201d ingresa con su rut y n\u00famero de serie,\u00a0luego selecciona \u201c\u00d3rdenes M\u00e9dicas\u201d, donde debe adjuntar orden m\u00e9dica y se generar\u00e1 un prefolio para ser pagada en sencillo o klap.<\/li>\n<li><strong>Bono Electr\u00f3nico<\/strong>: Se adquiere directo en el centro de salud o consulta con la huella digital del beneficiario (si es atenci\u00f3n presencial) y con transacci\u00f3n virtual del copago (si es atenci\u00f3n remota o telem\u00e1tica).<\/li>\n<li><strong>Bono Tradicional<\/strong>: Se adquiere en una Sucursal de FONASA o Entidad Delegada, pagando el beneficiario en el mismo lugar donde lo adquiere.<\/li>\n<\/ul>\n<p style=\"text-align: justify;\">Adem\u00e1s, para mayor comodidad en la <strong>realizaci\u00f3n de tr\u00e1mites presenciales<\/strong>, tambi\u00e9n se recomienda el uso de la herramienta <strong>\u201cAgenda tu Visita\u201d<\/strong> disponible tambi\u00e9n en <a href=\"http:\/\/www.fonasa.cl\">www.fonasa.cl<\/a>. La Agenda virtual con atenci\u00f3n remota previa, permite a los usuarios programar su visita a la sucursal a trav\u00e9s del sitio web, una vez hecha la programaci\u00f3n, un asesor de salud se comunica con el consultante para generar visitas agendadas, asimismo gestiona su tr\u00e1mite y muchas veces, resuelve su situaci\u00f3n, sin necesidad de ir a la sucursal.<\/p>\n<p style=\"text-align: justify;\">En ese mismo sentido, Fonasa invita a la ciudadan\u00eda a resolver sus inquietudes tambi\u00e9n en sus <strong>Redes Sociales<\/strong>, como Twitter, Instagram @Fonasachile, o pueden comunicarse directamente al Call Center 600 360 3000.<\/p>\n<\/div><\/section><\/div><div  style='height:50px' class='hr hr-invisible   avia-builder-el-6  el_after_av_one_full  el_before_av_social_share '><span class='hr-inner ' ><span class='hr-inner-style'><\/span><\/span><\/div><\/p>\n<div  class='av-social-sharing-box  avia-builder-el-7  el_after_av_hr  el_before_av_hr  '><div class='av-share-box'><h5 class='av-share-link-description av-no-toc '>Compartir esta noticia<\/h5><ul class='av-share-box-list noLightbox'><li class='av-share-link av-social-link-facebook' ><a target=\"_blank\" aria-label=\"Compartir en Facebook\" href='https:\/\/www.facebook.com\/sharer.php?u=https:\/\/radiorevelacionfm.cl\/?p=18635&#038;t=Fonasa%20refuerza%20atenci%C3%B3n%20remota%20este%20invierno%20y%20anuncia%20horario%20en%20sucursales' aria-hidden='false' data-av_icon='\ue8f3' data-av_iconfont='entypo-fontello' title='' data-avia-related-tooltip='Compartir en Facebook' rel=\"noopener\"><span class='avia_hidden_link_text'>Compartir en Facebook<\/span><\/a><\/li><li class='av-share-link av-social-link-twitter' ><a target=\"_blank\" aria-label=\"Compartir en Twitter\" href='https:\/\/twitter.com\/share?text=Fonasa%20refuerza%20atenci%C3%B3n%20remota%20este%20invierno%20y%20anuncia%20horario%20en%20sucursales&#038;url=https:\/\/radiorevelacionfm.cl\/?p=18635' aria-hidden='false' data-av_icon='\ue8f1' data-av_iconfont='entypo-fontello' title='' data-avia-related-tooltip='Compartir en Twitter' rel=\"noopener\"><span class='avia_hidden_link_text'>Compartir en Twitter<\/span><\/a><\/li><li class='av-share-link av-social-link-whatsapp' ><a target=\"_blank\" aria-label=\"Compartir en Whatsapp\" href='https:\/\/api.whatsapp.com\/send?text=https:\/\/radiorevelacionfm.cl\/?p=18635' aria-hidden='false' data-av_icon='\uf232' data-av_iconfont='entypo-fontello' title='' data-avia-related-tooltip='Compartir en Whatsapp' rel=\"noopener\"><span class='avia_hidden_link_text'>Compartir en Whatsapp<\/span><\/a><\/li><li class='av-share-link av-social-link-linkedin' ><a target=\"_blank\" aria-label=\"Compartir en LinkedIn\" href='https:\/\/linkedin.com\/shareArticle?mini=true&#038;title=Fonasa%20refuerza%20atenci%C3%B3n%20remota%20este%20invierno%20y%20anuncia%20horario%20en%20sucursales&#038;url=https:\/\/radiorevelacionfm.cl\/?p=18635' aria-hidden='false' data-av_icon='\ue8fc' data-av_iconfont='entypo-fontello' title='' data-avia-related-tooltip='Compartir en LinkedIn' rel=\"noopener\"><span class='avia_hidden_link_text'>Compartir en LinkedIn<\/span><\/a><\/li><li class='av-share-link av-social-link-mail' ><a  aria-label=\"Compartir por correo\" href='mailto:?subject=Fonasa%20refuerza%20atenci%C3%B3n%20remota%20este%20invierno%20y%20anuncia%20horario%20en%20sucursales&#038;body=https:\/\/radiorevelacionfm.cl\/?p=18635' aria-hidden='false' data-av_icon='\ue805' data-av_iconfont='entypo-fontello' title='' data-avia-related-tooltip='Compartir por correo'><span class='avia_hidden_link_text'>Compartir por correo<\/span><\/a><\/li><\/ul><\/div><\/div>\n<div  style='height:50px' class='hr hr-invisible   avia-builder-el-8  el_after_av_social_share  el_before_av_comments_list '><span class='hr-inner ' ><span class='hr-inner-style'><\/span><\/span><\/div>\n<div  class='av-buildercomment  av-blog-meta-html-info-disabled av-blog-meta-tag-disabled  '><\/div>\n","protected":false},"excerpt":{"rendered":"","protected":false},"author":1,"featured_media":18636,"comment_status":"open","ping_status":"open","sticky":false,"template":"","format":"standard","meta":{"footnotes":""},"categories":[46],"tags":[],"class_list":["post-18635","post","type-post","status-publish","format-standard","has-post-thumbnail","hentry","category-salud"],"jetpack_featured_media_url":"https:\/\/radiorevelacionfm.cl\/wp-content\/uploads\/2022\/06\/Foto-de-apoyo-1-1-1.jpg","_links":{"self":[{"href":"https:\/\/radiorevelacionfm.cl\/index.php?rest_route=\/wp\/v2\/posts\/18635","targetHints":{"allow":["GET"]}}],"collection":[{"href":"https:\/\/radiorevelacionfm.cl\/index.php?rest_route=\/wp\/v2\/posts"}],"about":[{"href":"https:\/\/radiorevelacionfm.cl\/index.php?rest_route=\/wp\/v2\/types\/post"}],"author":[{"embeddable":true,"href":"https:\/\/radiorevelacionfm.cl\/index.php?rest_route=\/wp\/v2\/users\/1"}],"replies":[{"embeddable":true,"href":"https:\/\/radiorevelacionfm.cl\/index.php?rest_route=%2Fwp%2Fv2%2Fcomments&post=18635"}],"version-history":[{"count":2,"href":"https:\/\/radiorevelacionfm.cl\/index.php?rest_route=\/wp\/v2\/posts\/18635\/revisions"}],"predecessor-version":[{"id":18764,"href":"https:\/\/radiorevelacionfm.cl\/index.php?rest_route=\/wp\/v2\/posts\/18635\/revisions\/18764"}],"wp:featuredmedia":[{"embeddable":true,"href":"https:\/\/radiorevelacionfm.cl\/index.php?rest_route=\/wp\/v2\/media\/18636"}],"wp:attachment":[{"href":"https:\/\/radiorevelacionfm.cl\/index.php?rest_route=%2Fwp%2Fv2%2Fmedia&parent=18635"}],"wp:term":[{"taxonomy":"category","embeddable":true,"href":"https:\/\/radiorevelacionfm.cl\/index.php?rest_route=%2Fwp%2Fv2%2Fcategories&post=18635"},{"taxonomy":"post_tag","embeddable":true,"href":"https:\/\/radiorevelacionfm.cl\/index.php?rest_route=%2Fwp%2Fv2%2Ftags&post=18635"}],"curies":[{"name":"wp","href":"https:\/\/api.w.org\/{rel}","templated":true}]}}